{"id":600,"date":"2017-05-24T16:36:29","date_gmt":"2017-05-24T16:36:29","guid":{"rendered":"http:\/\/argentinatermal.com.ar\/?p=600"},"modified":"2017-05-24T16:36:29","modified_gmt":"2017-05-24T16:36:29","slug":"ya-esta-disponible-la-acreditacion-profesional-para-visitar-termatalia-2017","status":"publish","type":"post","link":"https:\/\/argentinatermal.com.ar\/?p=600","title":{"rendered":"Ya est\u00e1 disponible la acreditaci\u00f3n profesional para visitar Termatalia 2017"},"content":{"rendered":"<p>Los profesionales del sector del turismo de salud, industria termal, spa o talasoterapia, viajes, equipamiento, hoteler\u00eda, etc. pueden acreditarse ya para visitar la pr\u00f3xima edici\u00f3n de Termatalia que se celebrar\u00e1 entre el 20 y el 23 de septiembre en Ourense \u2013 Galicia \u2013 Espa\u00f1a.<\/p>\n<p>Si desea visitar la feria puede inscribirse a trav\u00e9s del banner que aparece en la web de termatalia con la leyenda \u00abACREDITACI\u00d3N PROFESIONAL\u00bb o bien pulsando en este enlace:<\/p>\n<p><a href=\"http:\/\/termatalia2017.tufabricadeventos.com\/\">http:\/\/termatalia2017.tufabricadeventos.com\/\u00a0<\/a><\/p>\n<p>Acceder\u00e1n a un formulario que deben de cubrir con sus datos y recibir\u00e1n en su email un c\u00f3digo que deber\u00e1 imprimir y presentar en la entrada del recinto de Expourense para acceder de forma gratuita a Termatalia. Esta acreditaci\u00f3n ser\u00e1 v\u00e1lida para todos los d\u00edas de la feria.<\/p>\n<p>Semanas antes de la feria estar\u00e1 disponible tambi\u00e9n la agenda de citas on line a trav\u00e9s de la cual, una vez acreditado, podr\u00e1 solicitar citas de negocio con los expositores de la feria.<\/p>\n<p>Fuente: <a href=\"http:\/\/www.termatalia.com\/\">http:\/\/www.termatalia.com<\/a><\/p>\n","protected":false},"excerpt":{"rendered":"<p>Los profesionales del sector del turismo de salud, industria termal, spa o talasoterapia, viajes, equipamiento, hoteler\u00eda, etc. pueden acreditarse ya para visitar la pr\u00f3xima edici\u00f3n de Termatalia que se celebrar\u00e1 entre el 20 y el 23 de septiembre en Ourense \u2013 Galicia \u2013 Espa\u00f1a. Si desea visitar la feria puede inscribirse a trav\u00e9s del banner [&hellip;]<\/p>\n","protected":false},"author":1,"featured_media":601,"comment_status":"open","ping_status":"open","sticky":false,"template":"","format":"standard","meta":{"footnotes":""},"categories":[12],"tags":[],"class_list":["post-600","post","type-post","status-publish","format-standard","has-post-thumbnail","hentry","category-internacionales"],"_links":{"self":[{"href":"https:\/\/argentinatermal.com.ar\/index.php?rest_route=\/wp\/v2\/posts\/600","targetHints":{"allow":["GET"]}}],"collection":[{"href":"https:\/\/argentinatermal.com.ar\/index.php?rest_route=\/wp\/v2\/posts"}],"about":[{"href":"https:\/\/argentinatermal.com.ar\/index.php?rest_route=\/wp\/v2\/types\/post"}],"author":[{"embeddable":true,"href":"https:\/\/argentinatermal.com.ar\/index.php?rest_route=\/wp\/v2\/users\/1"}],"replies":[{"embeddable":true,"href":"https:\/\/argentinatermal.com.ar\/index.php?rest_route=%2Fwp%2Fv2%2Fcomments&post=600"}],"version-history":[{"count":1,"href":"https:\/\/argentinatermal.com.ar\/index.php?rest_route=\/wp\/v2\/posts\/600\/revisions"}],"predecessor-version":[{"id":602,"href":"https:\/\/argentinatermal.com.ar\/index.php?rest_route=\/wp\/v2\/posts\/600\/revisions\/602"}],"wp:featuredmedia":[{"embeddable":true,"href":"https:\/\/argentinatermal.com.ar\/index.php?rest_route=\/wp\/v2\/media\/601"}],"wp:attachment":[{"href":"https:\/\/argentinatermal.com.ar\/index.php?rest_route=%2Fwp%2Fv2%2Fmedia&parent=600"}],"wp:term":[{"taxonomy":"category","embeddable":true,"href":"https:\/\/argentinatermal.com.ar\/index.php?rest_route=%2Fwp%2Fv2%2Fcategories&post=600"},{"taxonomy":"post_tag","embeddable":true,"href":"https:\/\/argentinatermal.com.ar\/index.php?rest_route=%2Fwp%2Fv2%2Ftags&post=600"}],"curies":[{"name":"wp","href":"https:\/\/api.w.org\/{rel}","templated":true}]}}