{"id":653,"date":"2017-06-01T18:48:03","date_gmt":"2017-06-01T18:48:03","guid":{"rendered":"http:\/\/argentinatermal.com.ar\/?p=653"},"modified":"2017-06-01T18:48:03","modified_gmt":"2017-06-01T18:48:03","slug":"2o-salao-brasileiro-de-turismo-termal-spa","status":"publish","type":"post","link":"https:\/\/argentinatermal.com.ar\/?p=653","title":{"rendered":"2\u00ba Sal\u00e3o Brasileiro de Turismo Termal &amp; SPA"},"content":{"rendered":"<p>O Festival das Cataratas est\u00e1 com o Sal\u00e3o Brasileiro de Turismo Termal &amp; Spa que tem objetivo de gera\u00e7\u00e3o de neg\u00f3cios, divulga\u00e7\u00e3o dos atrativos e dos conhecimentos correlatos, proporcionar trocas de informa\u00e7\u00f5es entre profissionais das \u00e1reas, expor atividades regionais, nacionais e internacionais setoriais.<\/p>\n<p>P\u00fablico alvo: destinos, parques, resorts, SPAs, institui\u00e7\u00f5es, est\u00e2ncias tur\u00edsticas e de sa\u00fade na Feira de Turismo e Neg\u00f3cios.<\/p>\n<p>\u201cConforme Dr. F\u00e1bio Lazzerini, esse ano traz o enfoque sobre os usos diretos da energia geotermal na regi\u00e3o tur\u00edstica de Foz do Igua\u00e7u, munic\u00edpios lindeiros ao Lago de Itaipu e Costa Oeste Paranaense, com seus ambientes naturais potencialmente terap\u00eauticos ou salutog\u00eanicos. Tamb\u00e9m ser\u00e3o efetuadas reuni\u00f5es e conversas sobre a import\u00e2ncia e estrat\u00e9gias brasileiras relacionadas \u00e0 vinda confirmada da maior feira internacional de termalismo, recrea\u00e7\u00e3o aqu\u00e1tica, turismo sa\u00fade, resorts de bem estar &amp; SPA, TERMATALIA Brasil 2018\u201d.<\/p>\n<p>\u201cAinda como atra\u00e7\u00e3o destaca-se apresenta\u00e7\u00e3o do eminente cientista da cadeira de medicina hidrol\u00f3gica da Universidade Complutense de Madrid, Dr. Francisco Maraver com apresenta\u00e7\u00e3o sobre as novas tend\u00eancias desses segmentos globais no mundo e mais especificamente sobre os potenciais terap\u00eauticos de nossas \u00e1guas subterr\u00e2neas e do aqu\u00edfero Guarani. Outras autoridades nacionais relevantes s\u00e3o esperadas de termas, segmentos governamentais da sa\u00fade, meio ambiente e minas e energia.\u201d<\/p>\n<p>DADOS T\u00c9CNICOS DO SETOR: \u00a0http:\/\/bit.ly\/2siXeJF<\/p>\n<p>&nbsp;<\/p>\n<p>http:\/\/festivaldeturismodascataratas.com\/2o-salao-brasileiro-de-turismo-termal-spa\/<\/p>\n","protected":false},"excerpt":{"rendered":"<p>O Festival das Cataratas est\u00e1 com o Sal\u00e3o Brasileiro de Turismo Termal &amp; Spa que tem objetivo de gera\u00e7\u00e3o de neg\u00f3cios, divulga\u00e7\u00e3o dos atrativos e dos conhecimentos correlatos, proporcionar trocas de informa\u00e7\u00f5es entre profissionais das \u00e1reas, expor atividades regionais, nacionais e internacionais setoriais. P\u00fablico alvo: destinos, parques, resorts, SPAs, institui\u00e7\u00f5es, est\u00e2ncias tur\u00edsticas e de sa\u00fade [&hellip;]<\/p>\n","protected":false},"author":1,"featured_media":656,"comment_status":"open","ping_status":"open","sticky":false,"template":"","format":"standard","meta":{"footnotes":""},"categories":[12,15,22,17],"tags":[],"class_list":["post-653","post","type-post","status-publish","format-standard","has-post-thumbnail","hentry","category-internacionales","category-turismo-de-bienestar","category-turismo-sostenible","category-turismo-termal"],"_links":{"self":[{"href":"https:\/\/argentinatermal.com.ar\/index.php?rest_route=\/wp\/v2\/posts\/653","targetHints":{"allow":["GET"]}}],"collection":[{"href":"https:\/\/argentinatermal.com.ar\/index.php?rest_route=\/wp\/v2\/posts"}],"about":[{"href":"https:\/\/argentinatermal.com.ar\/index.php?rest_route=\/wp\/v2\/types\/post"}],"author":[{"embeddable":true,"href":"https:\/\/argentinatermal.com.ar\/index.php?rest_route=\/wp\/v2\/users\/1"}],"replies":[{"embeddable":true,"href":"https:\/\/argentinatermal.com.ar\/index.php?rest_route=%2Fwp%2Fv2%2Fcomments&post=653"}],"version-history":[{"count":1,"href":"https:\/\/argentinatermal.com.ar\/index.php?rest_route=\/wp\/v2\/posts\/653\/revisions"}],"predecessor-version":[{"id":657,"href":"https:\/\/argentinatermal.com.ar\/index.php?rest_route=\/wp\/v2\/posts\/653\/revisions\/657"}],"wp:featuredmedia":[{"embeddable":true,"href":"https:\/\/argentinatermal.com.ar\/index.php?rest_route=\/wp\/v2\/media\/656"}],"wp:attachment":[{"href":"https:\/\/argentinatermal.com.ar\/index.php?rest_route=%2Fwp%2Fv2%2Fmedia&parent=653"}],"wp:term":[{"taxonomy":"category","embeddable":true,"href":"https:\/\/argentinatermal.com.ar\/index.php?rest_route=%2Fwp%2Fv2%2Fcategories&post=653"},{"taxonomy":"post_tag","embeddable":true,"href":"https:\/\/argentinatermal.com.ar\/index.php?rest_route=%2Fwp%2Fv2%2Ftags&post=653"}],"curies":[{"name":"wp","href":"https:\/\/api.w.org\/{rel}","templated":true}]}}